{"id":15146,"date":"2026-09-01T13:11:09","date_gmt":"2026-09-01T19:11:09","guid":{"rendered":"https:\/\/plumanegranoticias.com\/?p=15146"},"modified":"2026-09-01T13:11:09","modified_gmt":"2026-09-01T19:11:09","slug":"por-falla-administrativa-estudiantes-del-tec-de-zongolica-fueron-sacados-del-padron-pero-ya-recibieron-sus-becas-carlos-villa","status":"publish","type":"post","link":"https:\/\/plumanegranoticias.com\/?p=15146","title":{"rendered":"Por falla administrativa, estudiantes del Tec de Zongolica fueron sacados del padr\u00f3n, pero ya recibieron sus becas: Carlos Villa"},"content":{"rendered":"\n<p class=\"wp-block-paragraph\"><\/p>\n\n\n\n<p class=\"wp-block-paragraph\">-Queja de padres de familia de Zongolica, fue por confusi\u00f3n de programas, s\u00ed se les dan becas Benito Ju\u00e1rez<\/p>\n\n\n\n<p class=\"wp-block-paragraph\">\u00c1ngeles Gonz\u00e1lez Ceballos<br>Xalapa, Ver. El coordinador estatal de Becas del Bienestar, Carlos Alberto Villa Ju\u00e1rez, explic\u00f3 que el conflicto con los alumnos del Instituto Tecnol\u00f3gico Superior de Zongolica, se debi\u00f3 a una falla administrativa, que ya qued\u00f3 resuelta.<\/p>\n\n\n\n<p class=\"wp-block-paragraph\">Esto luego de que los estudiantes se manifestaran y bloquearan vialidades por haber sido excluidos del padr\u00f3n.<\/p>\n\n\n\n<p class=\"wp-block-paragraph\">Entrevistado luego de montar guardia de honor ante el monumento al Padre de la Patria, Miguel Hidalgo, asegur\u00f3 que ya todos los estudiantes reciben sus becas.<\/p>\n\n\n\n<p class=\"wp-block-paragraph\">&#8220;El de becas fue un tema administrativo del Tecnol\u00f3gico que ya se resolvi\u00f3. Un tema administrativo que ya est\u00e1 resuelto y, afortunadamente, todos los estudiantes ya reciben sus becas\u201d, asegur\u00f3.<\/p>\n\n\n\n<p class=\"wp-block-paragraph\">\u200bEn ese orden de de ideas, sobre los reclamos de los padres de familia durante la visita de la Gobernadora a la zona de Zongolica por la supuesta falta de apoyos para \u00fatiles escolares, explic\u00f3 que hubo una confusi\u00f3n de los programas.<\/p>\n\n\n\n<p class=\"wp-block-paragraph\">&#8220;No fue una queja y ah\u00ed fue una confusi\u00f3n. Ah\u00ed entiendo que la pregunta que lanz\u00f3 nuestra se\u00f1ora gobernadora, a quien le mantenemos un profundo respeto, fue si ya ten\u00edan la Beca Rita Cetina de \u00fatiles y uniformes; pero en la zona de Zongolica, el 95 % de los estudiantes tienen la beca &#8220;Benito Ju\u00e1rez&#8221;, que era la anterior, y por respetar los derechos de estos estudiantes mantienen la beca &#8220;Benito Ju\u00e1rez\u201d, explic\u00f3.<\/p>\n\n\n\n<p class=\"wp-block-paragraph\">Por otra parte, anunci\u00f3 que los apoyos sociales en becas alcanzaron una derrama econ\u00f3mica cercana a los 6 mil millones de pesos al inicio del presente ciclo escolar en el estado de Veracruz.<\/p>\n\n\n\n<p class=\"wp-block-paragraph\">Villa Ju\u00e1rez detall\u00f3 que en el primer semestre del a\u00f1o se distribuyeron 5 mil millones de pesos, suma a la que se a\u00f1adieron 824 millones de pesos entregados en el mes de agosto.<\/p>\n\n\n\n<p class=\"wp-block-paragraph\">Con este presupuesto, confirm\u00f3 el inicio de una nueva fase de registros para el alumnado de nuevo ingreso durante los meses de septiembre y octubre.<\/p>\n\n\n\n<p class=\"wp-block-paragraph\">\u201cPor eso estamos muy contentos de estar iniciando el ciclo escolar, porque ahora vamos a incorporar al sistema de becas a todas y a todos los estudiantes que a\u00fan no han tenido el programa y que por primera vez est\u00e1n ingresando a la primaria, por primera vez est\u00e1n ingresando a la secundaria o a la preparatoria\u201d, destac\u00f3<\/p>\n\n\n\n<p class=\"wp-block-paragraph\">\u200bEn relaci\u00f3n al alcance global de los apoyos, detall\u00f3 que existen 1 mill\u00f3n 300 mil alumnos beneficiados en la entidad veracruzana.<\/p>\n\n\n\n<p class=\"wp-block-paragraph\">De igual forma, estim\u00f3 un faltante de cerca de 25 mil alumnos de primaria por registrar entre septiembre y octubre, mientras que la cobertura en secundarias y preparatorias p\u00fablicas se encuentra completa.<\/p>\n\n\n\n<p class=\"wp-block-paragraph\">En el caso del nivel preescolar, el coordinador precis\u00f3 que en este momento todav\u00eda no est\u00e1 la cobertura porque est\u00e1n garantizando los apoyos a los ni\u00f1os y ni\u00f1as de primaria, secundaria, preparatoria, as\u00ed como la beca J\u00f3venes Escribiendo el Futuro<\/p>\n\n\n\n<p class=\"wp-block-paragraph\">\u200bFinalmente, al ser cuestionado sobre la publicaci\u00f3n de la convocatoria interna de Morena para definir coordinaciones y cargos de elecci\u00f3n popular, Villa Ju\u00e1rez se desmarc\u00f3 de la contienda pol\u00edtica.<\/p>\n\n\n\n<p class=\"wp-block-paragraph\">\u201cPara nada y no estoy involucrado en temas pol\u00edticos\u201d, sostuvo.<\/p>\n\n\n","protected":false},"excerpt":{"rendered":"<p>-Queja de padres de familia de Zongolica, fue por confusi\u00f3n de programas, s\u00ed se les dan becas Benito Ju\u00e1rez \u00c1ngeles Gonz\u00e1lez CeballosXalapa, Ver. El coordinador estatal de Becas del Bienestar, Carlos Alberto Villa Ju\u00e1rez, explic\u00f3 que el conflicto con los alumnos del Instituto Tecnol\u00f3gico Superior de Zongolica, se debi\u00f3 a una falla administrativa, que ya&#8230; <\/p>\n<div class=\"clear\"><\/div>\n<p><a href=\"https:\/\/plumanegranoticias.com\/?p=15146\" class=\"excerpt-read-more\">Read More<i class=\"fa fa-caret-right icon-caret-right\"><\/i><\/a><\/p>\n","protected":false},"author":6,"featured_media":15145,"comment_status":"closed","ping_status":"open","sticky":false,"template":"","format":"standard","meta":{"om_disable_all_campaigns":false,"_monsterinsights_skip_tracking":false,"_uf_show_specific_survey":0,"_uf_disable_surveys":false,"footnotes":""},"categories":[1,16,8,12],"tags":[76,30,61],"class_list":["post-15146","post","type-post","status-publish","format-standard","has-post-thumbnail","hentry","category-blog","category-plumazos","category-politica","category-regional","tag-educacion","tag-plumazos","tag-politica"],"aioseo_notices":[],"aioseo_head":"\n\t\t<!-- All in One SEO 5.0.0.1 - aioseo.com -->\n\t<meta name=\"description\" content=\"-Queja de padres de familia de Zongolica, fue por confusi\u00f3n de programas, s\u00ed se les dan becas Benito Ju\u00e1rez \u00c1ngeles Gonz\u00e1lez CeballosXalapa, Ver. El coordinador estatal de Becas del Bienestar, Carlos Alberto Villa Ju\u00e1rez, explic\u00f3 que el conflicto con los alumnos del Instituto Tecnol\u00f3gico Superior de Zongolica, se debi\u00f3 a una falla administrativa, que ya\" \/>\n\t<meta name=\"robots\" content=\"max-image-preview:large\" \/>\n\t<meta name=\"author\" content=\"Sergio Ricardo Alonso Carrizales\"\/>\n\t<link rel=\"canonical\" href=\"https:\/\/plumanegranoticias.com\/?p=15146\" \/>\n\t<meta name=\"generator\" content=\"All in One SEO (AIOSEO) 5.0.0.1\" \/>\n\t\t<meta property=\"og:locale\" content=\"es_MX\" \/>\n\t\t<meta property=\"og:site_name\" content=\"plumanegranoticias.com -\" \/>\n\t\t<meta property=\"og:type\" content=\"article\" \/>\n\t\t<meta property=\"og:title\" content=\"Por falla administrativa, estudiantes del Tec de Zongolica fueron sacados del padr\u00f3n, pero ya recibieron sus becas: Carlos Villa - plumanegranoticias.com\" \/>\n\t\t<meta property=\"og:description\" content=\"-Queja de padres de familia de Zongolica, fue por confusi\u00f3n de programas, s\u00ed se les dan becas Benito Ju\u00e1rez \u00c1ngeles Gonz\u00e1lez CeballosXalapa, Ver. El coordinador estatal de Becas del Bienestar, Carlos Alberto Villa Ju\u00e1rez, explic\u00f3 que el conflicto con los alumnos del Instituto Tecnol\u00f3gico Superior de Zongolica, se debi\u00f3 a una falla administrativa, que ya\" \/>\n\t\t<meta property=\"og:url\" content=\"https:\/\/plumanegranoticias.com\/?p=15146\" \/>\n\t\t<meta property=\"article:published_time\" content=\"2026-09-01T19:11:09+00:00\" \/>\n\t\t<meta property=\"article:modified_time\" content=\"2026-09-01T19:11:09+00:00\" \/>\n\t\t<meta name=\"twitter:card\" content=\"summary_large_image\" \/>\n\t\t<meta name=\"twitter:title\" content=\"Por falla administrativa, estudiantes del Tec de Zongolica fueron sacados del padr\u00f3n, pero ya recibieron sus becas: Carlos Villa - plumanegranoticias.com\" \/>\n\t\t<meta name=\"twitter:description\" content=\"-Queja de padres de familia de Zongolica, fue por confusi\u00f3n de programas, s\u00ed se les dan becas Benito Ju\u00e1rez \u00c1ngeles Gonz\u00e1lez CeballosXalapa, Ver. El coordinador estatal de Becas del Bienestar, Carlos Alberto Villa Ju\u00e1rez, explic\u00f3 que el conflicto con los alumnos del Instituto Tecnol\u00f3gico Superior de Zongolica, se debi\u00f3 a una falla administrativa, que ya\" \/>\n\t\t<script type=\"application\/ld+json\" class=\"aioseo-schema\">\n\t\t\t{\"@context\":\"https:\\\/\\\/schema.org\",\"@graph\":[{\"@type\":\"BlogPosting\",\"@id\":\"https:\\\/\\\/plumanegranoticias.com\\\/?p=15146#blogposting\",\"name\":\"Por falla administrativa, estudiantes del Tec de Zongolica fueron sacados del padr\\u00f3n, pero ya recibieron sus becas: Carlos Villa - plumanegranoticias.com\",\"headline\":\"Por falla administrativa, estudiantes del Tec de Zongolica fueron sacados del padr\\u00f3n, pero ya recibieron sus becas: Carlos Villa\",\"author\":{\"@id\":\"https:\\\/\\\/plumanegranoticias.com\\\/?author=6#author\"},\"publisher\":{\"@id\":\"https:\\\/\\\/plumanegranoticias.com\\\/#organization\"},\"image\":{\"@type\":\"ImageObject\",\"url\":\"https:\\\/\\\/plumanegranoticias.com\\\/wp-content\\\/uploads\\\/2026\\\/09\\\/d7d7da8f-b326-4ea9-8812-bf04cfda7080.jpeg\",\"width\":1600,\"height\":1200},\"datePublished\":\"2026-09-01T13:11:09-06:00\",\"dateModified\":\"2026-09-01T13:11:09-06:00\",\"inLanguage\":\"es-MX\",\"mainEntityOfPage\":{\"@id\":\"https:\\\/\\\/plumanegranoticias.com\\\/?p=15146#webpage\"},\"isPartOf\":{\"@id\":\"https:\\\/\\\/plumanegranoticias.com\\\/?p=15146#webpage\"},\"articleSection\":\"Blog, Plumazos, Pol\\u00edtica, Regional, educaci\\u00f3n, Plumazos, Pol\\u00edtica\"},{\"@type\":\"BreadcrumbList\",\"@id\":\"https:\\\/\\\/plumanegranoticias.com\\\/?p=15146#breadcrumblist\",\"itemListElement\":[{\"@type\":\"ListItem\",\"@id\":\"https:\\\/\\\/plumanegranoticias.com#listItem\",\"position\":1,\"name\":\"Home\",\"item\":\"https:\\\/\\\/plumanegranoticias.com\",\"nextItem\":{\"@type\":\"ListItem\",\"@id\":\"https:\\\/\\\/plumanegranoticias.com\\\/?cat=1#listItem\",\"name\":\"Blog\"}},{\"@type\":\"ListItem\",\"@id\":\"https:\\\/\\\/plumanegranoticias.com\\\/?cat=1#listItem\",\"position\":2,\"name\":\"Blog\",\"item\":\"https:\\\/\\\/plumanegranoticias.com\\\/?cat=1\",\"nextItem\":{\"@type\":\"ListItem\",\"@id\":\"https:\\\/\\\/plumanegranoticias.com\\\/?p=15146#listItem\",\"name\":\"Por falla administrativa, estudiantes del Tec de Zongolica fueron sacados del padr\\u00f3n, pero ya recibieron sus becas: Carlos Villa\"},\"previousItem\":{\"@type\":\"ListItem\",\"@id\":\"https:\\\/\\\/plumanegranoticias.com#listItem\",\"name\":\"Home\"}},{\"@type\":\"ListItem\",\"@id\":\"https:\\\/\\\/plumanegranoticias.com\\\/?p=15146#listItem\",\"position\":3,\"name\":\"Por falla administrativa, estudiantes del Tec de Zongolica fueron sacados del padr\\u00f3n, pero ya recibieron sus becas: Carlos Villa\",\"previousItem\":{\"@type\":\"ListItem\",\"@id\":\"https:\\\/\\\/plumanegranoticias.com\\\/?cat=1#listItem\",\"name\":\"Blog\"}}]},{\"@type\":\"Organization\",\"@id\":\"https:\\\/\\\/plumanegranoticias.com\\\/#organization\",\"name\":\"plumanegranoticias.com\",\"url\":\"https:\\\/\\\/plumanegranoticias.com\\\/\"},{\"@type\":\"Person\",\"@id\":\"https:\\\/\\\/plumanegranoticias.com\\\/?author=6#author\",\"url\":\"https:\\\/\\\/plumanegranoticias.com\\\/?author=6\",\"name\":\"Sergio Ricardo Alonso Carrizales\",\"image\":{\"@type\":\"ImageObject\",\"@id\":\"https:\\\/\\\/plumanegranoticias.com\\\/?p=15146#authorImage\",\"url\":\"https:\\\/\\\/secure.gravatar.com\\\/avatar\\\/4a2109b4c1db10373767b38e9de5044c15288afe263d87faf7256dffb8a9285f?s=96&d=mm&r=g\",\"width\":96,\"height\":96,\"caption\":\"Sergio Ricardo Alonso Carrizales\"}},{\"@type\":\"WebPage\",\"@id\":\"https:\\\/\\\/plumanegranoticias.com\\\/?p=15146#webpage\",\"url\":\"https:\\\/\\\/plumanegranoticias.com\\\/?p=15146\",\"name\":\"Por falla administrativa, estudiantes del Tec de Zongolica fueron sacados del padr\\u00f3n, pero ya recibieron sus becas: Carlos Villa - plumanegranoticias.com\",\"description\":\"-Queja de padres de familia de Zongolica, fue por confusi\\u00f3n de programas, s\\u00ed se les dan becas Benito Ju\\u00e1rez \\u00c1ngeles Gonz\\u00e1lez CeballosXalapa, Ver. El coordinador estatal de Becas del Bienestar, Carlos Alberto Villa Ju\\u00e1rez, explic\\u00f3 que el conflicto con los alumnos del Instituto Tecnol\\u00f3gico Superior de Zongolica, se debi\\u00f3 a una falla administrativa, que ya\",\"inLanguage\":\"es-MX\",\"isPartOf\":{\"@id\":\"https:\\\/\\\/plumanegranoticias.com\\\/#website\"},\"breadcrumb\":{\"@id\":\"https:\\\/\\\/plumanegranoticias.com\\\/?p=15146#breadcrumblist\"},\"author\":{\"@id\":\"https:\\\/\\\/plumanegranoticias.com\\\/?author=6#author\"},\"creator\":{\"@id\":\"https:\\\/\\\/plumanegranoticias.com\\\/?author=6#author\"},\"image\":{\"@type\":\"ImageObject\",\"url\":\"https:\\\/\\\/plumanegranoticias.com\\\/wp-content\\\/uploads\\\/2026\\\/09\\\/d7d7da8f-b326-4ea9-8812-bf04cfda7080.jpeg\",\"@id\":\"https:\\\/\\\/plumanegranoticias.com\\\/?p=15146\\\/#mainImage\",\"width\":1600,\"height\":1200},\"primaryImageOfPage\":{\"@id\":\"https:\\\/\\\/plumanegranoticias.com\\\/?p=15146#mainImage\"},\"datePublished\":\"2026-09-01T13:11:09-06:00\",\"dateModified\":\"2026-09-01T13:11:09-06:00\"},{\"@type\":\"WebSite\",\"@id\":\"https:\\\/\\\/plumanegranoticias.com\\\/#website\",\"url\":\"https:\\\/\\\/plumanegranoticias.com\\\/\",\"name\":\"plumanegranoticias.com\",\"inLanguage\":\"es-MX\",\"publisher\":{\"@id\":\"https:\\\/\\\/plumanegranoticias.com\\\/#organization\"}}]}\n\t\t<\/script>\n\t\t<!-- All in One SEO -->\n\n","aioseo_head_json":{"title":"Por falla administrativa, estudiantes del Tec de Zongolica fueron sacados del padr\u00f3n, pero ya recibieron sus becas: Carlos Villa - plumanegranoticias.com","description":"-Queja de padres de familia de Zongolica, fue por confusi\u00f3n de programas, s\u00ed se les dan becas Benito Ju\u00e1rez \u00c1ngeles Gonz\u00e1lez CeballosXalapa, Ver. El coordinador estatal de Becas del Bienestar, Carlos Alberto Villa Ju\u00e1rez, explic\u00f3 que el conflicto con los alumnos del Instituto Tecnol\u00f3gico Superior de Zongolica, se debi\u00f3 a una falla administrativa, que ya","canonical_url":"https:\/\/plumanegranoticias.com\/?p=15146","robots":"max-image-preview:large","keywords":"","webmasterTools":{"miscellaneous":""},"schema":{"@context":"https:\/\/schema.org","@graph":[{"@type":"BlogPosting","@id":"https:\/\/plumanegranoticias.com\/?p=15146#blogposting","name":"Por falla administrativa, estudiantes del Tec de Zongolica fueron sacados del padr\u00f3n, pero ya recibieron sus becas: Carlos Villa - plumanegranoticias.com","headline":"Por falla administrativa, estudiantes del Tec de Zongolica fueron sacados del padr\u00f3n, pero ya recibieron sus becas: Carlos Villa","author":{"@id":"https:\/\/plumanegranoticias.com\/?author=6#author"},"publisher":{"@id":"https:\/\/plumanegranoticias.com\/#organization"},"image":{"@type":"ImageObject","url":"https:\/\/plumanegranoticias.com\/wp-content\/uploads\/2026\/09\/d7d7da8f-b326-4ea9-8812-bf04cfda7080.jpeg","width":1600,"height":1200},"datePublished":"2026-09-01T13:11:09-06:00","dateModified":"2026-09-01T13:11:09-06:00","inLanguage":"es-MX","mainEntityOfPage":{"@id":"https:\/\/plumanegranoticias.com\/?p=15146#webpage"},"isPartOf":{"@id":"https:\/\/plumanegranoticias.com\/?p=15146#webpage"},"articleSection":"Blog, Plumazos, Pol\u00edtica, Regional, educaci\u00f3n, Plumazos, Pol\u00edtica"},{"@type":"BreadcrumbList","@id":"https:\/\/plumanegranoticias.com\/?p=15146#breadcrumblist","itemListElement":[{"@type":"ListItem","@id":"https:\/\/plumanegranoticias.com#listItem","position":1,"name":"Home","item":"https:\/\/plumanegranoticias.com","nextItem":{"@type":"ListItem","@id":"https:\/\/plumanegranoticias.com\/?cat=1#listItem","name":"Blog"}},{"@type":"ListItem","@id":"https:\/\/plumanegranoticias.com\/?cat=1#listItem","position":2,"name":"Blog","item":"https:\/\/plumanegranoticias.com\/?cat=1","nextItem":{"@type":"ListItem","@id":"https:\/\/plumanegranoticias.com\/?p=15146#listItem","name":"Por falla administrativa, estudiantes del Tec de Zongolica fueron sacados del padr\u00f3n, pero ya recibieron sus becas: Carlos Villa"},"previousItem":{"@type":"ListItem","@id":"https:\/\/plumanegranoticias.com#listItem","name":"Home"}},{"@type":"ListItem","@id":"https:\/\/plumanegranoticias.com\/?p=15146#listItem","position":3,"name":"Por falla administrativa, estudiantes del Tec de Zongolica fueron sacados del padr\u00f3n, pero ya recibieron sus becas: Carlos Villa","previousItem":{"@type":"ListItem","@id":"https:\/\/plumanegranoticias.com\/?cat=1#listItem","name":"Blog"}}]},{"@type":"Organization","@id":"https:\/\/plumanegranoticias.com\/#organization","name":"plumanegranoticias.com","url":"https:\/\/plumanegranoticias.com\/"},{"@type":"Person","@id":"https:\/\/plumanegranoticias.com\/?author=6#author","url":"https:\/\/plumanegranoticias.com\/?author=6","name":"Sergio Ricardo Alonso Carrizales","image":{"@type":"ImageObject","@id":"https:\/\/plumanegranoticias.com\/?p=15146#authorImage","url":"https:\/\/secure.gravatar.com\/avatar\/4a2109b4c1db10373767b38e9de5044c15288afe263d87faf7256dffb8a9285f?s=96&d=mm&r=g","width":96,"height":96,"caption":"Sergio Ricardo Alonso Carrizales"}},{"@type":"WebPage","@id":"https:\/\/plumanegranoticias.com\/?p=15146#webpage","url":"https:\/\/plumanegranoticias.com\/?p=15146","name":"Por falla administrativa, estudiantes del Tec de Zongolica fueron sacados del padr\u00f3n, pero ya recibieron sus becas: Carlos Villa - plumanegranoticias.com","description":"-Queja de padres de familia de Zongolica, fue por confusi\u00f3n de programas, s\u00ed se les dan becas Benito Ju\u00e1rez \u00c1ngeles Gonz\u00e1lez CeballosXalapa, Ver. El coordinador estatal de Becas del Bienestar, Carlos Alberto Villa Ju\u00e1rez, explic\u00f3 que el conflicto con los alumnos del Instituto Tecnol\u00f3gico Superior de Zongolica, se debi\u00f3 a una falla administrativa, que ya","inLanguage":"es-MX","isPartOf":{"@id":"https:\/\/plumanegranoticias.com\/#website"},"breadcrumb":{"@id":"https:\/\/plumanegranoticias.com\/?p=15146#breadcrumblist"},"author":{"@id":"https:\/\/plumanegranoticias.com\/?author=6#author"},"creator":{"@id":"https:\/\/plumanegranoticias.com\/?author=6#author"},"image":{"@type":"ImageObject","url":"https:\/\/plumanegranoticias.com\/wp-content\/uploads\/2026\/09\/d7d7da8f-b326-4ea9-8812-bf04cfda7080.jpeg","@id":"https:\/\/plumanegranoticias.com\/?p=15146\/#mainImage","width":1600,"height":1200},"primaryImageOfPage":{"@id":"https:\/\/plumanegranoticias.com\/?p=15146#mainImage"},"datePublished":"2026-09-01T13:11:09-06:00","dateModified":"2026-09-01T13:11:09-06:00"},{"@type":"WebSite","@id":"https:\/\/plumanegranoticias.com\/#website","url":"https:\/\/plumanegranoticias.com\/","name":"plumanegranoticias.com","inLanguage":"es-MX","publisher":{"@id":"https:\/\/plumanegranoticias.com\/#organization"}}]},"og:locale":"es_MX","og:site_name":"plumanegranoticias.com -","og:type":"article","og:title":"Por falla administrativa, estudiantes del Tec de Zongolica fueron sacados del padr\u00f3n, pero ya recibieron sus becas: Carlos Villa - plumanegranoticias.com","og:description":"-Queja de padres de familia de Zongolica, fue por confusi\u00f3n de programas, s\u00ed se les dan becas Benito Ju\u00e1rez \u00c1ngeles Gonz\u00e1lez CeballosXalapa, Ver. El coordinador estatal de Becas del Bienestar, Carlos Alberto Villa Ju\u00e1rez, explic\u00f3 que el conflicto con los alumnos del Instituto Tecnol\u00f3gico Superior de Zongolica, se debi\u00f3 a una falla administrativa, que ya","og:url":"https:\/\/plumanegranoticias.com\/?p=15146","article:published_time":"2026-09-01T19:11:09+00:00","article:modified_time":"2026-09-01T19:11:09+00:00","twitter:card":"summary_large_image","twitter:title":"Por falla administrativa, estudiantes del Tec de Zongolica fueron sacados del padr\u00f3n, pero ya recibieron sus becas: Carlos Villa - plumanegranoticias.com","twitter:description":"-Queja de padres de familia de Zongolica, fue por confusi\u00f3n de programas, s\u00ed se les dan becas Benito Ju\u00e1rez \u00c1ngeles Gonz\u00e1lez CeballosXalapa, Ver. El coordinador estatal de Becas del Bienestar, Carlos Alberto Villa Ju\u00e1rez, explic\u00f3 que el conflicto con los alumnos del Instituto Tecnol\u00f3gico Superior de Zongolica, se debi\u00f3 a una falla administrativa, que ya"},"aioseo_meta_data":[],"aioseo_breadcrumb":"<div class=\"aioseo-breadcrumbs\"><span class=\"aioseo-breadcrumb\">\n\t\t\t<a href=\"https:\/\/plumanegranoticias.com\" title=\"Home\">Home<\/a>\n\t\t<\/span><span class=\"aioseo-breadcrumb-separator\">&raquo;<\/span><span class=\"aioseo-breadcrumb\">\n\t\t\t<a href=\"https:\/\/plumanegranoticias.com\/?cat=1\" title=\"Blog\">Blog<\/a>\n\t\t<\/span><span class=\"aioseo-breadcrumb-separator\">&raquo;<\/span><span class=\"aioseo-breadcrumb\">\n\t\t\tPor falla administrativa, estudiantes del Tec de Zongolica fueron sacados del padr\u00f3n, pero ya recibieron sus becas: Carlos Villa\n\t\t<\/span><\/div>","aioseo_breadcrumb_json":[{"label":"Home","link":"https:\/\/plumanegranoticias.com"},{"label":"Blog","link":"https:\/\/plumanegranoticias.com\/?cat=1"},{"label":"Por falla administrativa, estudiantes del Tec de Zongolica fueron sacados del padr\u00f3n, pero ya recibieron sus becas: Carlos Villa","link":"https:\/\/plumanegranoticias.com\/?p=15146"}],"_links":{"self":[{"href":"https:\/\/plumanegranoticias.com\/index.php?rest_route=\/wp\/v2\/posts\/15146","targetHints":{"allow":["GET"]}}],"collection":[{"href":"https:\/\/plumanegranoticias.com\/index.php?rest_route=\/wp\/v2\/posts"}],"about":[{"href":"https:\/\/plumanegranoticias.com\/index.php?rest_route=\/wp\/v2\/types\/post"}],"author":[{"embeddable":true,"href":"https:\/\/plumanegranoticias.com\/index.php?rest_route=\/wp\/v2\/users\/6"}],"replies":[{"embeddable":true,"href":"https:\/\/plumanegranoticias.com\/index.php?rest_route=%2Fwp%2Fv2%2Fcomments&post=15146"}],"version-history":[{"count":1,"href":"https:\/\/plumanegranoticias.com\/index.php?rest_route=\/wp\/v2\/posts\/15146\/revisions"}],"predecessor-version":[{"id":15147,"href":"https:\/\/plumanegranoticias.com\/index.php?rest_route=\/wp\/v2\/posts\/15146\/revisions\/15147"}],"wp:featuredmedia":[{"embeddable":true,"href":"https:\/\/plumanegranoticias.com\/index.php?rest_route=\/wp\/v2\/media\/15145"}],"wp:attachment":[{"href":"https:\/\/plumanegranoticias.com\/index.php?rest_route=%2Fwp%2Fv2%2Fmedia&parent=15146"}],"wp:term":[{"taxonomy":"category","embeddable":true,"href":"https:\/\/plumanegranoticias.com\/index.php?rest_route=%2Fwp%2Fv2%2Fcategories&post=15146"},{"taxonomy":"post_tag","embeddable":true,"href":"https:\/\/plumanegranoticias.com\/index.php?rest_route=%2Fwp%2Fv2%2Ftags&post=15146"}],"curies":[{"name":"wp","href":"https:\/\/api.w.org\/{rel}","templated":true}]}}