{"id":15162,"date":"2026-09-02T10:19:50","date_gmt":"2026-09-02T16:19:50","guid":{"rendered":"https:\/\/plumanegranoticias.com\/?p=15162"},"modified":"2026-09-02T10:19:50","modified_gmt":"2026-09-02T16:19:50","slug":"samuel-acosta-conoce-la-problematica-santos-alvarez-responde-a-criticas-por-el-servicio-de-agua","status":"publish","type":"post","link":"https:\/\/plumanegranoticias.com\/?p=15162","title":{"rendered":"Samuel Acosta conoce la problem\u00e1tica: Santos \u00c1lvarez responde a cr\u00edticas por el servicio de agua"},"content":{"rendered":"\n<p class=\"wp-block-paragraph\">Medell\u00edn de Bravo, Ver.- El director de Gobernaci\u00f3n del Ayuntamiento de Medell\u00edn de Bravo, Santos \u00c1lvarez, fij\u00f3 postura respecto a las cr\u00edticas dirigidas al alcalde Samuel Acosta Mart\u00ednez por su postura ante la problem\u00e1tica del servicio de agua.<\/p>\n\n\n\n<p class=\"wp-block-paragraph\">En entrevista, Santos \u00c1lvarez respondi\u00f3 a las cr\u00edticas de ciudadanos que han cuestionado al alcalde Samuel Acosta por un supuesto desconocimiento de la problem\u00e1tica relacionada con el servicio de agua.<\/p>\n\n\n\n<p class=\"wp-block-paragraph\">El funcionario rechaz\u00f3 que el presidente municipal desconozca la situaci\u00f3n y consider\u00f3 que calificarlo de \u201cignorante\u201d por no conocer el tema no es correcto, pues, asegur\u00f3, desde el inicio de su administraci\u00f3n el alcalde ha recibido directamente las inquietudes de los ciudadanos afectados.<\/p>\n\n\n\n<p class=\"wp-block-paragraph\">\u00c1lvarez explic\u00f3 que uno de los principales motivos para intervenir fue la cantidad de quejas recibidas por habitantes de Medell\u00edn de Bravo. De acuerdo con lo expuesto por el funcionario, existen alrededor de 10 mil usuarios relacionados con el servicio, de los cuales m\u00e1s de 5 mil presentar\u00edan alg\u00fan tipo de problema o rezago.<\/p>\n\n\n\n<p class=\"wp-block-paragraph\">Ante esta situaci\u00f3n, el Ayuntamiento gestion\u00f3 la instalaci\u00f3n de un m\u00f3dulo de atenci\u00f3n, donde representantes de la empresa responsable pueden atender directamente a los ciudadanos. El m\u00f3dulo permanecer\u00e1 instalado durante un mes en las inmediaciones del Palacio Municipal.<\/p>\n\n\n\n<p class=\"wp-block-paragraph\">Santos \u00c1lvarez sostuvo que esta medida busca atender una demanda ciudadana mientras se resuelve por las v\u00edas correspondientes la situaci\u00f3n jur\u00eddica que involucra al Grupo MAS, empresa encargada del servicio en la zona.<\/p>\n\n\n\n<p class=\"wp-block-paragraph\">\u201cEsto no es un problema de Medell\u00edn, sino una situaci\u00f3n que involucra a tres municipios\u201d, explic\u00f3 el funcionario, al se\u00f1alar que la administraci\u00f3n municipal busca actuar de manera institucional y dentro del marco legal.<\/p>\n\n\n\n<p class=\"wp-block-paragraph\">Finalmente, \u00c1lvarez consider\u00f3 que las cr\u00edticas hacia el alcalde tambi\u00e9n podr\u00edan formar parte del escenario pol\u00edtico rumbo a las pr\u00f3ximas elecciones, aunque asegur\u00f3 que el gobierno municipal continuar\u00e1 actuando conforme a la ley y atendiendo las demandas de los habitantes de Medell\u00edn de Bravo.<\/p>\n\n\n\n<figure class=\"wp-block-video\"><video height=\"1080\" style=\"aspect-ratio: 1920 \/ 1080;\" width=\"1920\" controls src=\"https:\/\/plumanegranoticias.com\/wp-content\/uploads\/2026\/09\/img_2678.mp4\"><\/video><\/figure>\n\n\n\n<p class=\"wp-block-paragraph\"><\/p>\n","protected":false},"excerpt":{"rendered":"<p>Medell\u00edn de Bravo, Ver.- El director de Gobernaci\u00f3n del Ayuntamiento de Medell\u00edn de Bravo, Santos \u00c1lvarez, fij\u00f3 postura respecto a las cr\u00edticas dirigidas al alcalde Samuel Acosta Mart\u00ednez por su postura ante la problem\u00e1tica del servicio de agua. En entrevista, Santos \u00c1lvarez respondi\u00f3 a las cr\u00edticas de ciudadanos que han cuestionado al alcalde Samuel Acosta&#8230; <\/p>\n<div class=\"clear\"><\/div>\n<p><a href=\"https:\/\/plumanegranoticias.com\/?p=15162\" class=\"excerpt-read-more\">Read More<i class=\"fa fa-caret-right icon-caret-right\"><\/i><\/a><\/p>\n","protected":false},"author":6,"featured_media":15161,"comment_status":"closed","ping_status":"open","sticky":false,"template":"","format":"standard","meta":{"om_disable_all_campaigns":false,"_monsterinsights_skip_tracking":false,"_uf_show_specific_survey":0,"_uf_disable_surveys":false,"footnotes":""},"categories":[1,16,8],"tags":[30,61],"class_list":["post-15162","post","type-post","status-publish","format-standard","has-post-thumbnail","hentry","category-blog","category-plumazos","category-politica","tag-plumazos","tag-politica"],"aioseo_notices":[],"aioseo_head":"\n\t\t<!-- All in One SEO 5.0.0.1 - aioseo.com -->\n\t<meta name=\"description\" content=\"Medell\u00edn de Bravo, Ver.- El director de Gobernaci\u00f3n del Ayuntamiento de Medell\u00edn de Bravo, Santos \u00c1lvarez, fij\u00f3 postura respecto a las cr\u00edticas dirigidas al alcalde Samuel Acosta Mart\u00ednez por su postura ante la problem\u00e1tica del servicio de agua. En entrevista, Santos \u00c1lvarez respondi\u00f3 a las cr\u00edticas de ciudadanos que han cuestionado al alcalde Samuel Acosta\" \/>\n\t<meta name=\"robots\" content=\"max-image-preview:large\" \/>\n\t<meta name=\"author\" content=\"Sergio Ricardo Alonso Carrizales\"\/>\n\t<link rel=\"canonical\" href=\"https:\/\/plumanegranoticias.com\/?p=15162\" \/>\n\t<meta name=\"generator\" content=\"All in One SEO (AIOSEO) 5.0.0.1\" \/>\n\t\t<meta property=\"og:locale\" content=\"es_MX\" \/>\n\t\t<meta property=\"og:site_name\" content=\"plumanegranoticias.com -\" \/>\n\t\t<meta property=\"og:type\" content=\"article\" \/>\n\t\t<meta property=\"og:title\" content=\"Samuel Acosta conoce la problem\u00e1tica: Santos \u00c1lvarez responde a cr\u00edticas por el servicio de agua - plumanegranoticias.com\" \/>\n\t\t<meta property=\"og:description\" content=\"Medell\u00edn de Bravo, Ver.- El director de Gobernaci\u00f3n del Ayuntamiento de Medell\u00edn de Bravo, Santos \u00c1lvarez, fij\u00f3 postura respecto a las cr\u00edticas dirigidas al alcalde Samuel Acosta Mart\u00ednez por su postura ante la problem\u00e1tica del servicio de agua. En entrevista, Santos \u00c1lvarez respondi\u00f3 a las cr\u00edticas de ciudadanos que han cuestionado al alcalde Samuel Acosta\" \/>\n\t\t<meta property=\"og:url\" content=\"https:\/\/plumanegranoticias.com\/?p=15162\" \/>\n\t\t<meta property=\"article:published_time\" content=\"2026-09-02T16:19:50+00:00\" \/>\n\t\t<meta property=\"article:modified_time\" content=\"2026-09-02T16:19:50+00:00\" \/>\n\t\t<meta name=\"twitter:card\" content=\"summary_large_image\" \/>\n\t\t<meta name=\"twitter:title\" content=\"Samuel Acosta conoce la problem\u00e1tica: Santos \u00c1lvarez responde a cr\u00edticas por el servicio de agua - plumanegranoticias.com\" \/>\n\t\t<meta name=\"twitter:description\" content=\"Medell\u00edn de Bravo, Ver.- El director de Gobernaci\u00f3n del Ayuntamiento de Medell\u00edn de Bravo, Santos \u00c1lvarez, fij\u00f3 postura respecto a las cr\u00edticas dirigidas al alcalde Samuel Acosta Mart\u00ednez por su postura ante la problem\u00e1tica del servicio de agua. En entrevista, Santos \u00c1lvarez respondi\u00f3 a las cr\u00edticas de ciudadanos que han cuestionado al alcalde Samuel Acosta\" \/>\n\t\t<script type=\"application\/ld+json\" class=\"aioseo-schema\">\n\t\t\t{\"@context\":\"https:\\\/\\\/schema.org\",\"@graph\":[{\"@type\":\"BlogPosting\",\"@id\":\"https:\\\/\\\/plumanegranoticias.com\\\/?p=15162#blogposting\",\"name\":\"Samuel Acosta conoce la problem\\u00e1tica: Santos \\u00c1lvarez responde a cr\\u00edticas por el servicio de agua - plumanegranoticias.com\",\"headline\":\"Samuel Acosta conoce la problem\\u00e1tica: Santos \\u00c1lvarez responde a cr\\u00edticas por el servicio de agua\",\"author\":{\"@id\":\"https:\\\/\\\/plumanegranoticias.com\\\/?author=6#author\"},\"publisher\":{\"@id\":\"https:\\\/\\\/plumanegranoticias.com\\\/#organization\"},\"image\":{\"@type\":\"ImageObject\",\"url\":\"https:\\\/\\\/plumanegranoticias.com\\\/wp-content\\\/uploads\\\/2026\\\/09\\\/e935c218-e839-4798-8b83-387885277b5a.jpeg\",\"width\":1600,\"height\":900},\"datePublished\":\"2026-09-02T10:19:50-06:00\",\"dateModified\":\"2026-09-02T10:19:50-06:00\",\"inLanguage\":\"es-MX\",\"mainEntityOfPage\":{\"@id\":\"https:\\\/\\\/plumanegranoticias.com\\\/?p=15162#webpage\"},\"isPartOf\":{\"@id\":\"https:\\\/\\\/plumanegranoticias.com\\\/?p=15162#webpage\"},\"articleSection\":\"Blog, Plumazos, Pol\\u00edtica, Plumazos, Pol\\u00edtica\"},{\"@type\":\"BreadcrumbList\",\"@id\":\"https:\\\/\\\/plumanegranoticias.com\\\/?p=15162#breadcrumblist\",\"itemListElement\":[{\"@type\":\"ListItem\",\"@id\":\"https:\\\/\\\/plumanegranoticias.com#listItem\",\"position\":1,\"name\":\"Home\",\"item\":\"https:\\\/\\\/plumanegranoticias.com\",\"nextItem\":{\"@type\":\"ListItem\",\"@id\":\"https:\\\/\\\/plumanegranoticias.com\\\/?cat=1#listItem\",\"name\":\"Blog\"}},{\"@type\":\"ListItem\",\"@id\":\"https:\\\/\\\/plumanegranoticias.com\\\/?cat=1#listItem\",\"position\":2,\"name\":\"Blog\",\"item\":\"https:\\\/\\\/plumanegranoticias.com\\\/?cat=1\",\"nextItem\":{\"@type\":\"ListItem\",\"@id\":\"https:\\\/\\\/plumanegranoticias.com\\\/?p=15162#listItem\",\"name\":\"Samuel Acosta conoce la problem\\u00e1tica: Santos \\u00c1lvarez responde a cr\\u00edticas por el servicio de agua\"},\"previousItem\":{\"@type\":\"ListItem\",\"@id\":\"https:\\\/\\\/plumanegranoticias.com#listItem\",\"name\":\"Home\"}},{\"@type\":\"ListItem\",\"@id\":\"https:\\\/\\\/plumanegranoticias.com\\\/?p=15162#listItem\",\"position\":3,\"name\":\"Samuel Acosta conoce la problem\\u00e1tica: Santos \\u00c1lvarez responde a cr\\u00edticas por el servicio de agua\",\"previousItem\":{\"@type\":\"ListItem\",\"@id\":\"https:\\\/\\\/plumanegranoticias.com\\\/?cat=1#listItem\",\"name\":\"Blog\"}}]},{\"@type\":\"Organization\",\"@id\":\"https:\\\/\\\/plumanegranoticias.com\\\/#organization\",\"name\":\"plumanegranoticias.com\",\"url\":\"https:\\\/\\\/plumanegranoticias.com\\\/\"},{\"@type\":\"Person\",\"@id\":\"https:\\\/\\\/plumanegranoticias.com\\\/?author=6#author\",\"url\":\"https:\\\/\\\/plumanegranoticias.com\\\/?author=6\",\"name\":\"Sergio Ricardo Alonso Carrizales\",\"image\":{\"@type\":\"ImageObject\",\"@id\":\"https:\\\/\\\/plumanegranoticias.com\\\/?p=15162#authorImage\",\"url\":\"https:\\\/\\\/secure.gravatar.com\\\/avatar\\\/4a2109b4c1db10373767b38e9de5044c15288afe263d87faf7256dffb8a9285f?s=96&d=mm&r=g\",\"width\":96,\"height\":96,\"caption\":\"Sergio Ricardo Alonso Carrizales\"}},{\"@type\":\"WebPage\",\"@id\":\"https:\\\/\\\/plumanegranoticias.com\\\/?p=15162#webpage\",\"url\":\"https:\\\/\\\/plumanegranoticias.com\\\/?p=15162\",\"name\":\"Samuel Acosta conoce la problem\\u00e1tica: Santos \\u00c1lvarez responde a cr\\u00edticas por el servicio de agua - plumanegranoticias.com\",\"description\":\"Medell\\u00edn de Bravo, Ver.- El director de Gobernaci\\u00f3n del Ayuntamiento de Medell\\u00edn de Bravo, Santos \\u00c1lvarez, fij\\u00f3 postura respecto a las cr\\u00edticas dirigidas al alcalde Samuel Acosta Mart\\u00ednez por su postura ante la problem\\u00e1tica del servicio de agua. En entrevista, Santos \\u00c1lvarez respondi\\u00f3 a las cr\\u00edticas de ciudadanos que han cuestionado al alcalde Samuel Acosta\",\"inLanguage\":\"es-MX\",\"isPartOf\":{\"@id\":\"https:\\\/\\\/plumanegranoticias.com\\\/#website\"},\"breadcrumb\":{\"@id\":\"https:\\\/\\\/plumanegranoticias.com\\\/?p=15162#breadcrumblist\"},\"author\":{\"@id\":\"https:\\\/\\\/plumanegranoticias.com\\\/?author=6#author\"},\"creator\":{\"@id\":\"https:\\\/\\\/plumanegranoticias.com\\\/?author=6#author\"},\"image\":{\"@type\":\"ImageObject\",\"url\":\"https:\\\/\\\/plumanegranoticias.com\\\/wp-content\\\/uploads\\\/2026\\\/09\\\/e935c218-e839-4798-8b83-387885277b5a.jpeg\",\"@id\":\"https:\\\/\\\/plumanegranoticias.com\\\/?p=15162\\\/#mainImage\",\"width\":1600,\"height\":900},\"primaryImageOfPage\":{\"@id\":\"https:\\\/\\\/plumanegranoticias.com\\\/?p=15162#mainImage\"},\"datePublished\":\"2026-09-02T10:19:50-06:00\",\"dateModified\":\"2026-09-02T10:19:50-06:00\"},{\"@type\":\"WebSite\",\"@id\":\"https:\\\/\\\/plumanegranoticias.com\\\/#website\",\"url\":\"https:\\\/\\\/plumanegranoticias.com\\\/\",\"name\":\"plumanegranoticias.com\",\"inLanguage\":\"es-MX\",\"publisher\":{\"@id\":\"https:\\\/\\\/plumanegranoticias.com\\\/#organization\"}}]}\n\t\t<\/script>\n\t\t<!-- All in One SEO -->\n\n","aioseo_head_json":{"title":"Samuel Acosta conoce la problem\u00e1tica: Santos \u00c1lvarez responde a cr\u00edticas por el servicio de agua - plumanegranoticias.com","description":"Medell\u00edn de Bravo, Ver.- El director de Gobernaci\u00f3n del Ayuntamiento de Medell\u00edn de Bravo, Santos \u00c1lvarez, fij\u00f3 postura respecto a las cr\u00edticas dirigidas al alcalde Samuel Acosta Mart\u00ednez por su postura ante la problem\u00e1tica del servicio de agua. En entrevista, Santos \u00c1lvarez respondi\u00f3 a las cr\u00edticas de ciudadanos que han cuestionado al alcalde Samuel Acosta","canonical_url":"https:\/\/plumanegranoticias.com\/?p=15162","robots":"max-image-preview:large","keywords":"","webmasterTools":{"miscellaneous":""},"schema":{"@context":"https:\/\/schema.org","@graph":[{"@type":"BlogPosting","@id":"https:\/\/plumanegranoticias.com\/?p=15162#blogposting","name":"Samuel Acosta conoce la problem\u00e1tica: Santos \u00c1lvarez responde a cr\u00edticas por el servicio de agua - plumanegranoticias.com","headline":"Samuel Acosta conoce la problem\u00e1tica: Santos \u00c1lvarez responde a cr\u00edticas por el servicio de agua","author":{"@id":"https:\/\/plumanegranoticias.com\/?author=6#author"},"publisher":{"@id":"https:\/\/plumanegranoticias.com\/#organization"},"image":{"@type":"ImageObject","url":"https:\/\/plumanegranoticias.com\/wp-content\/uploads\/2026\/09\/e935c218-e839-4798-8b83-387885277b5a.jpeg","width":1600,"height":900},"datePublished":"2026-09-02T10:19:50-06:00","dateModified":"2026-09-02T10:19:50-06:00","inLanguage":"es-MX","mainEntityOfPage":{"@id":"https:\/\/plumanegranoticias.com\/?p=15162#webpage"},"isPartOf":{"@id":"https:\/\/plumanegranoticias.com\/?p=15162#webpage"},"articleSection":"Blog, Plumazos, Pol\u00edtica, Plumazos, Pol\u00edtica"},{"@type":"BreadcrumbList","@id":"https:\/\/plumanegranoticias.com\/?p=15162#breadcrumblist","itemListElement":[{"@type":"ListItem","@id":"https:\/\/plumanegranoticias.com#listItem","position":1,"name":"Home","item":"https:\/\/plumanegranoticias.com","nextItem":{"@type":"ListItem","@id":"https:\/\/plumanegranoticias.com\/?cat=1#listItem","name":"Blog"}},{"@type":"ListItem","@id":"https:\/\/plumanegranoticias.com\/?cat=1#listItem","position":2,"name":"Blog","item":"https:\/\/plumanegranoticias.com\/?cat=1","nextItem":{"@type":"ListItem","@id":"https:\/\/plumanegranoticias.com\/?p=15162#listItem","name":"Samuel Acosta conoce la problem\u00e1tica: Santos \u00c1lvarez responde a cr\u00edticas por el servicio de agua"},"previousItem":{"@type":"ListItem","@id":"https:\/\/plumanegranoticias.com#listItem","name":"Home"}},{"@type":"ListItem","@id":"https:\/\/plumanegranoticias.com\/?p=15162#listItem","position":3,"name":"Samuel Acosta conoce la problem\u00e1tica: Santos \u00c1lvarez responde a cr\u00edticas por el servicio de agua","previousItem":{"@type":"ListItem","@id":"https:\/\/plumanegranoticias.com\/?cat=1#listItem","name":"Blog"}}]},{"@type":"Organization","@id":"https:\/\/plumanegranoticias.com\/#organization","name":"plumanegranoticias.com","url":"https:\/\/plumanegranoticias.com\/"},{"@type":"Person","@id":"https:\/\/plumanegranoticias.com\/?author=6#author","url":"https:\/\/plumanegranoticias.com\/?author=6","name":"Sergio Ricardo Alonso Carrizales","image":{"@type":"ImageObject","@id":"https:\/\/plumanegranoticias.com\/?p=15162#authorImage","url":"https:\/\/secure.gravatar.com\/avatar\/4a2109b4c1db10373767b38e9de5044c15288afe263d87faf7256dffb8a9285f?s=96&d=mm&r=g","width":96,"height":96,"caption":"Sergio Ricardo Alonso Carrizales"}},{"@type":"WebPage","@id":"https:\/\/plumanegranoticias.com\/?p=15162#webpage","url":"https:\/\/plumanegranoticias.com\/?p=15162","name":"Samuel Acosta conoce la problem\u00e1tica: Santos \u00c1lvarez responde a cr\u00edticas por el servicio de agua - plumanegranoticias.com","description":"Medell\u00edn de Bravo, Ver.- El director de Gobernaci\u00f3n del Ayuntamiento de Medell\u00edn de Bravo, Santos \u00c1lvarez, fij\u00f3 postura respecto a las cr\u00edticas dirigidas al alcalde Samuel Acosta Mart\u00ednez por su postura ante la problem\u00e1tica del servicio de agua. En entrevista, Santos \u00c1lvarez respondi\u00f3 a las cr\u00edticas de ciudadanos que han cuestionado al alcalde Samuel Acosta","inLanguage":"es-MX","isPartOf":{"@id":"https:\/\/plumanegranoticias.com\/#website"},"breadcrumb":{"@id":"https:\/\/plumanegranoticias.com\/?p=15162#breadcrumblist"},"author":{"@id":"https:\/\/plumanegranoticias.com\/?author=6#author"},"creator":{"@id":"https:\/\/plumanegranoticias.com\/?author=6#author"},"image":{"@type":"ImageObject","url":"https:\/\/plumanegranoticias.com\/wp-content\/uploads\/2026\/09\/e935c218-e839-4798-8b83-387885277b5a.jpeg","@id":"https:\/\/plumanegranoticias.com\/?p=15162\/#mainImage","width":1600,"height":900},"primaryImageOfPage":{"@id":"https:\/\/plumanegranoticias.com\/?p=15162#mainImage"},"datePublished":"2026-09-02T10:19:50-06:00","dateModified":"2026-09-02T10:19:50-06:00"},{"@type":"WebSite","@id":"https:\/\/plumanegranoticias.com\/#website","url":"https:\/\/plumanegranoticias.com\/","name":"plumanegranoticias.com","inLanguage":"es-MX","publisher":{"@id":"https:\/\/plumanegranoticias.com\/#organization"}}]},"og:locale":"es_MX","og:site_name":"plumanegranoticias.com -","og:type":"article","og:title":"Samuel Acosta conoce la problem\u00e1tica: Santos \u00c1lvarez responde a cr\u00edticas por el servicio de agua - plumanegranoticias.com","og:description":"Medell\u00edn de Bravo, Ver.- El director de Gobernaci\u00f3n del Ayuntamiento de Medell\u00edn de Bravo, Santos \u00c1lvarez, fij\u00f3 postura respecto a las cr\u00edticas dirigidas al alcalde Samuel Acosta Mart\u00ednez por su postura ante la problem\u00e1tica del servicio de agua. En entrevista, Santos \u00c1lvarez respondi\u00f3 a las cr\u00edticas de ciudadanos que han cuestionado al alcalde Samuel Acosta","og:url":"https:\/\/plumanegranoticias.com\/?p=15162","article:published_time":"2026-09-02T16:19:50+00:00","article:modified_time":"2026-09-02T16:19:50+00:00","twitter:card":"summary_large_image","twitter:title":"Samuel Acosta conoce la problem\u00e1tica: Santos \u00c1lvarez responde a cr\u00edticas por el servicio de agua - plumanegranoticias.com","twitter:description":"Medell\u00edn de Bravo, Ver.- El director de Gobernaci\u00f3n del Ayuntamiento de Medell\u00edn de Bravo, Santos \u00c1lvarez, fij\u00f3 postura respecto a las cr\u00edticas dirigidas al alcalde Samuel Acosta Mart\u00ednez por su postura ante la problem\u00e1tica del servicio de agua. En entrevista, Santos \u00c1lvarez respondi\u00f3 a las cr\u00edticas de ciudadanos que han cuestionado al alcalde Samuel Acosta"},"aioseo_meta_data":{"post_id":"15162","title":null,"description":null,"keywords":null,"keyphrases":null,"primary_term":null,"canonical_url":null,"og_title":null,"og_description":null,"og_object_type":"default","og_image_type":"default","og_image_url":null,"og_image_width":null,"og_image_height":null,"og_image_custom_url":null,"og_image_custom_fields":null,"og_video":null,"og_custom_url":null,"og_article_section":null,"og_article_tags":null,"twitter_use_og":false,"twitter_card":"default","twitter_image_type":"default","twitter_image_url":null,"twitter_image_custom_url":null,"twitter_image_custom_fields":null,"twitter_title":null,"twitter_description":null,"schema":{"blockGraphs":[],"customGraphs":[],"default":{"data":{"Article":[],"Course":[],"Dataset":[],"FAQPage":[],"Movie":[],"Person":[],"Product":[],"ProductReview":[],"Car":[],"Recipe":[],"Service":[],"SoftwareApplication":[],"WebPage":[]},"graphName":"","isEnabled":true},"graphs":[]},"schema_type":"default","schema_type_options":null,"pillar_content":false,"robots_default":true,"robots_noindex":false,"robots_noarchive":false,"robots_nosnippet":false,"robots_nofollow":false,"robots_noimageindex":false,"robots_noodp":false,"robots_notranslate":false,"robots_max_snippet":null,"robots_max_videopreview":null,"robots_max_imagepreview":"large","priority":null,"frequency":null,"local_seo":null,"breadcrumb_settings":null,"limit_modified_date":false,"ai":null,"created":"2026-09-02 20:08:09","updated":"2026-09-02 20:08:09","seo_analyzer_scan_date":null,"focus_keyword":null,"additional_keywords":null,"truseo_locale":null},"aioseo_breadcrumb":"<div class=\"aioseo-breadcrumbs\"><span class=\"aioseo-breadcrumb\">\n\t\t\t<a href=\"https:\/\/plumanegranoticias.com\" title=\"Home\">Home<\/a>\n\t\t<\/span><span class=\"aioseo-breadcrumb-separator\">&raquo;<\/span><span class=\"aioseo-breadcrumb\">\n\t\t\t<a href=\"https:\/\/plumanegranoticias.com\/?cat=1\" title=\"Blog\">Blog<\/a>\n\t\t<\/span><span class=\"aioseo-breadcrumb-separator\">&raquo;<\/span><span class=\"aioseo-breadcrumb\">\n\t\t\tSamuel Acosta conoce la problem\u00e1tica: Santos \u00c1lvarez responde a cr\u00edticas por el servicio de agua\n\t\t<\/span><\/div>","aioseo_breadcrumb_json":[{"label":"Home","link":"https:\/\/plumanegranoticias.com"},{"label":"Blog","link":"https:\/\/plumanegranoticias.com\/?cat=1"},{"label":"Samuel Acosta conoce la problem\u00e1tica: Santos \u00c1lvarez responde a cr\u00edticas por el servicio de agua","link":"https:\/\/plumanegranoticias.com\/?p=15162"}],"_links":{"self":[{"href":"https:\/\/plumanegranoticias.com\/index.php?rest_route=\/wp\/v2\/posts\/15162","targetHints":{"allow":["GET"]}}],"collection":[{"href":"https:\/\/plumanegranoticias.com\/index.php?rest_route=\/wp\/v2\/posts"}],"about":[{"href":"https:\/\/plumanegranoticias.com\/index.php?rest_route=\/wp\/v2\/types\/post"}],"author":[{"embeddable":true,"href":"https:\/\/plumanegranoticias.com\/index.php?rest_route=\/wp\/v2\/users\/6"}],"replies":[{"embeddable":true,"href":"https:\/\/plumanegranoticias.com\/index.php?rest_route=%2Fwp%2Fv2%2Fcomments&post=15162"}],"version-history":[{"count":1,"href":"https:\/\/plumanegranoticias.com\/index.php?rest_route=\/wp\/v2\/posts\/15162\/revisions"}],"predecessor-version":[{"id":15163,"href":"https:\/\/plumanegranoticias.com\/index.php?rest_route=\/wp\/v2\/posts\/15162\/revisions\/15163"}],"wp:featuredmedia":[{"embeddable":true,"href":"https:\/\/plumanegranoticias.com\/index.php?rest_route=\/wp\/v2\/media\/15161"}],"wp:attachment":[{"href":"https:\/\/plumanegranoticias.com\/index.php?rest_route=%2Fwp%2Fv2%2Fmedia&parent=15162"}],"wp:term":[{"taxonomy":"category","embeddable":true,"href":"https:\/\/plumanegranoticias.com\/index.php?rest_route=%2Fwp%2Fv2%2Fcategories&post=15162"},{"taxonomy":"post_tag","embeddable":true,"href":"https:\/\/plumanegranoticias.com\/index.php?rest_route=%2Fwp%2Fv2%2Ftags&post=15162"}],"curies":[{"name":"wp","href":"https:\/\/api.w.org\/{rel}","templated":true}]}}