{"id":15169,"date":"2026-09-02T10:40:48","date_gmt":"2026-09-02T16:40:48","guid":{"rendered":"https:\/\/plumanegranoticias.com\/?p=15169"},"modified":"2026-09-02T10:41:03","modified_gmt":"2026-09-02T16:41:03","slug":"ni-padrinos-politicos-ni-vinculos-con-la-delincuencia-para-llegar-al-orfis-eric-dominguez","status":"publish","type":"post","link":"https:\/\/plumanegranoticias.com\/?p=15169","title":{"rendered":"Ni padrinos pol\u00edticos ni v\u00ednculos con la delincuencia para llegar al ORFIS: Eric Dom\u00ednguez"},"content":{"rendered":"\n<p class=\"wp-block-paragraph\"><\/p>\n\n\n\n<p class=\"wp-block-paragraph\">\u00c1ngeles Gonz\u00e1lez Ceballos<br>Xalapa, Ver. El subsecretario de Administraci\u00f3n de la Sefiplan, Eric Dom\u00ednguez, neg\u00f3 que tenga alg\u00fan &#8220;padrino&#8221; pol\u00edtico para llegar al cargo de auditor general del \u00d3rgano de Fiscalizaci\u00f3n Superior (ORFIS).<\/p>\n\n\n\n<p class=\"wp-block-paragraph\">Entrevistado previo a montar guardia de honor ante el momento al Padre de la Patria, el funcionario, destac\u00f3 que se trata de un proceso apegado a la legalidad que est\u00e1 en manos del Congreso del Estado.<\/p>\n\n\n\n<p class=\"wp-block-paragraph\">\u200bCuestionado por lo dicho este martes por la titular del ORFIS, Delia Gonz\u00e1lez Cobos, en el sentido de que ya cumpli\u00f3 todo lo relacionado a las observaciones de la cuenta p\u00fablica como alcalde de Papantla, dijo que cumpli\u00f3 al cien por ciento.<\/p>\n\n\n\n<p class=\"wp-block-paragraph\">\u200b&#8221;No, es correcto. Est\u00e1 todo al 100% en el municipio de Papantla. Nosotros hoy al colaborar ac\u00e1 en la Secretar\u00eda\u2026 con nuestra Gobernadora, concentrados ac\u00e1 y esperando a que transcurra el proceso de manera normal, nada m\u00e1s&#8221;, asever\u00f3.<\/p>\n\n\n\n<p class=\"wp-block-paragraph\">\u200bFue ah\u00ed donde se le pregunt\u00f3 si tiene alg\u00fan padrino que lo apoye para llegar al ORFIS, neg\u00f3 tal versi\u00f3n.<\/p>\n\n\n\n<p class=\"wp-block-paragraph\">&#8220;No, no, no, no\u2026 al final del d\u00eda es una decisi\u00f3n de del Congreso del Estado, de los diputados. Ellos son los que tienen que analizar los expedientes, el curr\u00edculum. Estamos en el proceso, seguramente a partir de la siguiente semana viene la etapa de entrevistas y ah\u00ed es donde ellos hacen sus conclusiones.<\/p>\n\n\n\n<p class=\"wp-block-paragraph\">Corresponde solamente a los diputados determinar qui\u00e9n es el el que va a estar a cargo de esa gran instituci\u00f3n&#8221;, expres\u00f3.<\/p>\n\n\n\n<p class=\"wp-block-paragraph\">\u200bEl Subsecretario refiri\u00f3 que estudi\u00f3 Derecho, cuenta con maestr\u00eda en Derecho Fiscal y asegur\u00f3 que toda su vida ha transcurrido en el SAT.<\/p>\n\n\n\n<p class=\"wp-block-paragraph\">&#8220;Y hoy ac\u00e1 en Finanzas y fui diputado, presidente de la Comisi\u00f3n de Vigilancia en donde efectivamente ve\u00edamos todo la vigilancia de las cuentas p\u00fablicas de todos los m\u00e1s de 300 entes fiscalizables.<\/p>\n\n\n\n<p class=\"wp-block-paragraph\">Fui alcalde y ah\u00ed fui auditado. O sea, ya fui auditor, ya fui auditado y hoy administrando las finanzas p\u00fablicas de todo un Estado&#8221;, destac\u00f3.<\/p>\n\n\n\n<p class=\"wp-block-paragraph\">Por lo tanto, consider\u00f3 que su perfil es el adecuado, pero insisti\u00f3 en que ser\u00e1 una decisi\u00f3n de los diputados.<\/p>\n\n\n\n<p class=\"wp-block-paragraph\">\u200bPor otra parte, se le cuestion\u00f3 sobre los dichos que presuntamente lo vinculaban a un grupo delictivo como edil, a lo cual dijo que a las pruebas se remite.<\/p>\n\n\n\n<p class=\"wp-block-paragraph\">\u200b&#8221;Nada que ver, nada que ver. Yo no tengo nada que ver con ellos, est\u00e1 1000% comprobado y ah\u00ed est\u00e1, a las pruebas me remito, nada que ver con ellos&#8221;, sostuvo.<\/p>\n\n\n\n<p class=\"wp-block-paragraph\">En ese mismo sentido, el funcionario dijo que no existe ninguna carpeta de investigaci\u00f3n en su contra por esos dichos.<\/p>\n\n\n\n<p class=\"wp-block-paragraph\">&#8220;Ninguna, ninguna. ning\u00fan antecedente, ning\u00fan precedente, ninguna acusaci\u00f3n directa, nada, nada, nada nada que ver&#8221;, asegur\u00f3.<\/p>\n\n\n\n<p class=\"wp-block-paragraph\">\u200bAh\u00ed, Eric Dom\u00ednguez acus\u00f3 que se trata de un tema de su pueblo, &#8220;pero nada que ver&#8221;.<\/p>\n\n\n\n<p class=\"wp-block-paragraph\">\u200b<\/p>\n\n\n\n<figure class=\"wp-block-image size-large\"><img loading=\"lazy\" decoding=\"async\" width=\"1024\" height=\"768\" src=\"https:\/\/plumanegranoticias.com\/wp-content\/uploads\/2026\/09\/aa5a9f68-c4e5-4d13-8740-6f3bf1dcda7a-1024x768.jpeg\" class=\"wp-image-15167\" srcset=\"https:\/\/plumanegranoticias.com\/wp-content\/uploads\/2026\/09\/aa5a9f68-c4e5-4d13-8740-6f3bf1dcda7a-1024x768.jpeg 1024w, https:\/\/plumanegranoticias.com\/wp-content\/uploads\/2026\/09\/aa5a9f68-c4e5-4d13-8740-6f3bf1dcda7a-300x225.jpeg 300w, https:\/\/plumanegranoticias.com\/wp-content\/uploads\/2026\/09\/aa5a9f68-c4e5-4d13-8740-6f3bf1dcda7a-768x576.jpeg 768w, https:\/\/plumanegranoticias.com\/wp-content\/uploads\/2026\/09\/aa5a9f68-c4e5-4d13-8740-6f3bf1dcda7a-1536x1152.jpeg 1536w, https:\/\/plumanegranoticias.com\/wp-content\/uploads\/2026\/09\/aa5a9f68-c4e5-4d13-8740-6f3bf1dcda7a-400x300.jpeg 400w, https:\/\/plumanegranoticias.com\/wp-content\/uploads\/2026\/09\/aa5a9f68-c4e5-4d13-8740-6f3bf1dcda7a.jpeg 1600w\" sizes=\"auto, (max-width: 1024px) 100vw, 1024px\" \/><\/figure>\n","protected":false},"excerpt":{"rendered":"<p>\u00c1ngeles Gonz\u00e1lez CeballosXalapa, Ver. El subsecretario de Administraci\u00f3n de la Sefiplan, Eric Dom\u00ednguez, neg\u00f3 que tenga alg\u00fan &#8220;padrino&#8221; pol\u00edtico para llegar al cargo de auditor general del \u00d3rgano de Fiscalizaci\u00f3n Superior (ORFIS). Entrevistado previo a montar guardia de honor ante el momento al Padre de la Patria, el funcionario, destac\u00f3 que se trata de un&#8230; <\/p>\n<div class=\"clear\"><\/div>\n<p><a href=\"https:\/\/plumanegranoticias.com\/?p=15169\" class=\"excerpt-read-more\">Read More<i class=\"fa fa-caret-right icon-caret-right\"><\/i><\/a><\/p>\n","protected":false},"author":6,"featured_media":15168,"comment_status":"closed","ping_status":"open","sticky":false,"template":"","format":"standard","meta":{"om_disable_all_campaigns":false,"_monsterinsights_skip_tracking":false,"_uf_show_specific_survey":0,"_uf_disable_surveys":false,"footnotes":""},"categories":[1,16,8],"tags":[18,30,61],"class_list":["post-15169","post","type-post","status-publish","format-standard","has-post-thumbnail","hentry","category-blog","category-plumazos","category-politica","tag-noticia","tag-plumazos","tag-politica"],"aioseo_notices":[],"aioseo_head":"\n\t\t<!-- All in One SEO 5.0.0.1 - aioseo.com -->\n\t<meta name=\"description\" content=\"\u00c1ngeles Gonz\u00e1lez CeballosXalapa, Ver. El subsecretario de Administraci\u00f3n de la Sefiplan, Eric Dom\u00ednguez, neg\u00f3 que tenga alg\u00fan &quot;padrino&quot; pol\u00edtico para llegar al cargo de auditor general del \u00d3rgano de Fiscalizaci\u00f3n Superior (ORFIS). Entrevistado previo a montar guardia de honor ante el momento al Padre de la Patria, el funcionario, destac\u00f3 que se trata de un\" \/>\n\t<meta name=\"robots\" content=\"max-image-preview:large\" \/>\n\t<meta name=\"author\" content=\"Sergio Ricardo Alonso Carrizales\"\/>\n\t<link rel=\"canonical\" href=\"https:\/\/plumanegranoticias.com\/?p=15169\" \/>\n\t<meta name=\"generator\" content=\"All in One SEO (AIOSEO) 5.0.0.1\" \/>\n\t\t<meta property=\"og:locale\" content=\"es_MX\" \/>\n\t\t<meta property=\"og:site_name\" content=\"plumanegranoticias.com -\" \/>\n\t\t<meta property=\"og:type\" content=\"article\" \/>\n\t\t<meta property=\"og:title\" content=\"Ni padrinos pol\u00edticos ni v\u00ednculos con la delincuencia para llegar al ORFIS: Eric Dom\u00ednguez - plumanegranoticias.com\" \/>\n\t\t<meta property=\"og:description\" content=\"\u00c1ngeles Gonz\u00e1lez CeballosXalapa, Ver. El subsecretario de Administraci\u00f3n de la Sefiplan, Eric Dom\u00ednguez, neg\u00f3 que tenga alg\u00fan &quot;padrino&quot; pol\u00edtico para llegar al cargo de auditor general del \u00d3rgano de Fiscalizaci\u00f3n Superior (ORFIS). Entrevistado previo a montar guardia de honor ante el momento al Padre de la Patria, el funcionario, destac\u00f3 que se trata de un\" \/>\n\t\t<meta property=\"og:url\" content=\"https:\/\/plumanegranoticias.com\/?p=15169\" \/>\n\t\t<meta property=\"article:published_time\" content=\"2026-09-02T16:40:48+00:00\" \/>\n\t\t<meta property=\"article:modified_time\" content=\"2026-09-02T16:41:03+00:00\" \/>\n\t\t<meta name=\"twitter:card\" content=\"summary_large_image\" \/>\n\t\t<meta name=\"twitter:title\" content=\"Ni padrinos pol\u00edticos ni v\u00ednculos con la delincuencia para llegar al ORFIS: Eric Dom\u00ednguez - plumanegranoticias.com\" \/>\n\t\t<meta name=\"twitter:description\" content=\"\u00c1ngeles Gonz\u00e1lez CeballosXalapa, Ver. El subsecretario de Administraci\u00f3n de la Sefiplan, Eric Dom\u00ednguez, neg\u00f3 que tenga alg\u00fan &quot;padrino&quot; pol\u00edtico para llegar al cargo de auditor general del \u00d3rgano de Fiscalizaci\u00f3n Superior (ORFIS). Entrevistado previo a montar guardia de honor ante el momento al Padre de la Patria, el funcionario, destac\u00f3 que se trata de un\" \/>\n\t\t<script type=\"application\/ld+json\" class=\"aioseo-schema\">\n\t\t\t{\"@context\":\"https:\\\/\\\/schema.org\",\"@graph\":[{\"@type\":\"BlogPosting\",\"@id\":\"https:\\\/\\\/plumanegranoticias.com\\\/?p=15169#blogposting\",\"name\":\"Ni padrinos pol\\u00edticos ni v\\u00ednculos con la delincuencia para llegar al ORFIS: Eric Dom\\u00ednguez - plumanegranoticias.com\",\"headline\":\"Ni padrinos pol\\u00edticos ni v\\u00ednculos con la delincuencia para llegar al ORFIS: Eric Dom\\u00ednguez\",\"author\":{\"@id\":\"https:\\\/\\\/plumanegranoticias.com\\\/?author=6#author\"},\"publisher\":{\"@id\":\"https:\\\/\\\/plumanegranoticias.com\\\/#organization\"},\"image\":{\"@type\":\"ImageObject\",\"url\":\"https:\\\/\\\/plumanegranoticias.com\\\/wp-content\\\/uploads\\\/2026\\\/09\\\/80daa952-08ea-4f37-b49c-7a3fc8dfa606.jpeg\",\"width\":1600,\"height\":1200},\"datePublished\":\"2026-09-02T10:40:48-06:00\",\"dateModified\":\"2026-09-02T10:41:03-06:00\",\"inLanguage\":\"es-MX\",\"mainEntityOfPage\":{\"@id\":\"https:\\\/\\\/plumanegranoticias.com\\\/?p=15169#webpage\"},\"isPartOf\":{\"@id\":\"https:\\\/\\\/plumanegranoticias.com\\\/?p=15169#webpage\"},\"articleSection\":\"Blog, Plumazos, Pol\\u00edtica, Noticia, Plumazos, Pol\\u00edtica\"},{\"@type\":\"BreadcrumbList\",\"@id\":\"https:\\\/\\\/plumanegranoticias.com\\\/?p=15169#breadcrumblist\",\"itemListElement\":[{\"@type\":\"ListItem\",\"@id\":\"https:\\\/\\\/plumanegranoticias.com#listItem\",\"position\":1,\"name\":\"Home\",\"item\":\"https:\\\/\\\/plumanegranoticias.com\",\"nextItem\":{\"@type\":\"ListItem\",\"@id\":\"https:\\\/\\\/plumanegranoticias.com\\\/?cat=1#listItem\",\"name\":\"Blog\"}},{\"@type\":\"ListItem\",\"@id\":\"https:\\\/\\\/plumanegranoticias.com\\\/?cat=1#listItem\",\"position\":2,\"name\":\"Blog\",\"item\":\"https:\\\/\\\/plumanegranoticias.com\\\/?cat=1\",\"nextItem\":{\"@type\":\"ListItem\",\"@id\":\"https:\\\/\\\/plumanegranoticias.com\\\/?p=15169#listItem\",\"name\":\"Ni padrinos pol\\u00edticos ni v\\u00ednculos con la delincuencia para llegar al ORFIS: Eric Dom\\u00ednguez\"},\"previousItem\":{\"@type\":\"ListItem\",\"@id\":\"https:\\\/\\\/plumanegranoticias.com#listItem\",\"name\":\"Home\"}},{\"@type\":\"ListItem\",\"@id\":\"https:\\\/\\\/plumanegranoticias.com\\\/?p=15169#listItem\",\"position\":3,\"name\":\"Ni padrinos pol\\u00edticos ni v\\u00ednculos con la delincuencia para llegar al ORFIS: Eric Dom\\u00ednguez\",\"previousItem\":{\"@type\":\"ListItem\",\"@id\":\"https:\\\/\\\/plumanegranoticias.com\\\/?cat=1#listItem\",\"name\":\"Blog\"}}]},{\"@type\":\"Organization\",\"@id\":\"https:\\\/\\\/plumanegranoticias.com\\\/#organization\",\"name\":\"plumanegranoticias.com\",\"url\":\"https:\\\/\\\/plumanegranoticias.com\\\/\"},{\"@type\":\"Person\",\"@id\":\"https:\\\/\\\/plumanegranoticias.com\\\/?author=6#author\",\"url\":\"https:\\\/\\\/plumanegranoticias.com\\\/?author=6\",\"name\":\"Sergio Ricardo Alonso Carrizales\",\"image\":{\"@type\":\"ImageObject\",\"@id\":\"https:\\\/\\\/plumanegranoticias.com\\\/?p=15169#authorImage\",\"url\":\"https:\\\/\\\/secure.gravatar.com\\\/avatar\\\/4a2109b4c1db10373767b38e9de5044c15288afe263d87faf7256dffb8a9285f?s=96&d=mm&r=g\",\"width\":96,\"height\":96,\"caption\":\"Sergio Ricardo Alonso Carrizales\"}},{\"@type\":\"WebPage\",\"@id\":\"https:\\\/\\\/plumanegranoticias.com\\\/?p=15169#webpage\",\"url\":\"https:\\\/\\\/plumanegranoticias.com\\\/?p=15169\",\"name\":\"Ni padrinos pol\\u00edticos ni v\\u00ednculos con la delincuencia para llegar al ORFIS: Eric Dom\\u00ednguez - plumanegranoticias.com\",\"description\":\"\\u00c1ngeles Gonz\\u00e1lez CeballosXalapa, Ver. El subsecretario de Administraci\\u00f3n de la Sefiplan, Eric Dom\\u00ednguez, neg\\u00f3 que tenga alg\\u00fan \\\"padrino\\\" pol\\u00edtico para llegar al cargo de auditor general del \\u00d3rgano de Fiscalizaci\\u00f3n Superior (ORFIS). Entrevistado previo a montar guardia de honor ante el momento al Padre de la Patria, el funcionario, destac\\u00f3 que se trata de un\",\"inLanguage\":\"es-MX\",\"isPartOf\":{\"@id\":\"https:\\\/\\\/plumanegranoticias.com\\\/#website\"},\"breadcrumb\":{\"@id\":\"https:\\\/\\\/plumanegranoticias.com\\\/?p=15169#breadcrumblist\"},\"author\":{\"@id\":\"https:\\\/\\\/plumanegranoticias.com\\\/?author=6#author\"},\"creator\":{\"@id\":\"https:\\\/\\\/plumanegranoticias.com\\\/?author=6#author\"},\"image\":{\"@type\":\"ImageObject\",\"url\":\"https:\\\/\\\/plumanegranoticias.com\\\/wp-content\\\/uploads\\\/2026\\\/09\\\/80daa952-08ea-4f37-b49c-7a3fc8dfa606.jpeg\",\"@id\":\"https:\\\/\\\/plumanegranoticias.com\\\/?p=15169\\\/#mainImage\",\"width\":1600,\"height\":1200},\"primaryImageOfPage\":{\"@id\":\"https:\\\/\\\/plumanegranoticias.com\\\/?p=15169#mainImage\"},\"datePublished\":\"2026-09-02T10:40:48-06:00\",\"dateModified\":\"2026-09-02T10:41:03-06:00\"},{\"@type\":\"WebSite\",\"@id\":\"https:\\\/\\\/plumanegranoticias.com\\\/#website\",\"url\":\"https:\\\/\\\/plumanegranoticias.com\\\/\",\"name\":\"plumanegranoticias.com\",\"inLanguage\":\"es-MX\",\"publisher\":{\"@id\":\"https:\\\/\\\/plumanegranoticias.com\\\/#organization\"}}]}\n\t\t<\/script>\n\t\t<!-- All in One SEO -->\n\n","aioseo_head_json":{"title":"Ni padrinos pol\u00edticos ni v\u00ednculos con la delincuencia para llegar al ORFIS: Eric Dom\u00ednguez - plumanegranoticias.com","description":"\u00c1ngeles Gonz\u00e1lez CeballosXalapa, Ver. El subsecretario de Administraci\u00f3n de la Sefiplan, Eric Dom\u00ednguez, neg\u00f3 que tenga alg\u00fan \"padrino\" pol\u00edtico para llegar al cargo de auditor general del \u00d3rgano de Fiscalizaci\u00f3n Superior (ORFIS). Entrevistado previo a montar guardia de honor ante el momento al Padre de la Patria, el funcionario, destac\u00f3 que se trata de un","canonical_url":"https:\/\/plumanegranoticias.com\/?p=15169","robots":"max-image-preview:large","keywords":"","webmasterTools":{"miscellaneous":""},"schema":{"@context":"https:\/\/schema.org","@graph":[{"@type":"BlogPosting","@id":"https:\/\/plumanegranoticias.com\/?p=15169#blogposting","name":"Ni padrinos pol\u00edticos ni v\u00ednculos con la delincuencia para llegar al ORFIS: Eric Dom\u00ednguez - plumanegranoticias.com","headline":"Ni padrinos pol\u00edticos ni v\u00ednculos con la delincuencia para llegar al ORFIS: Eric Dom\u00ednguez","author":{"@id":"https:\/\/plumanegranoticias.com\/?author=6#author"},"publisher":{"@id":"https:\/\/plumanegranoticias.com\/#organization"},"image":{"@type":"ImageObject","url":"https:\/\/plumanegranoticias.com\/wp-content\/uploads\/2026\/09\/80daa952-08ea-4f37-b49c-7a3fc8dfa606.jpeg","width":1600,"height":1200},"datePublished":"2026-09-02T10:40:48-06:00","dateModified":"2026-09-02T10:41:03-06:00","inLanguage":"es-MX","mainEntityOfPage":{"@id":"https:\/\/plumanegranoticias.com\/?p=15169#webpage"},"isPartOf":{"@id":"https:\/\/plumanegranoticias.com\/?p=15169#webpage"},"articleSection":"Blog, Plumazos, Pol\u00edtica, Noticia, Plumazos, Pol\u00edtica"},{"@type":"BreadcrumbList","@id":"https:\/\/plumanegranoticias.com\/?p=15169#breadcrumblist","itemListElement":[{"@type":"ListItem","@id":"https:\/\/plumanegranoticias.com#listItem","position":1,"name":"Home","item":"https:\/\/plumanegranoticias.com","nextItem":{"@type":"ListItem","@id":"https:\/\/plumanegranoticias.com\/?cat=1#listItem","name":"Blog"}},{"@type":"ListItem","@id":"https:\/\/plumanegranoticias.com\/?cat=1#listItem","position":2,"name":"Blog","item":"https:\/\/plumanegranoticias.com\/?cat=1","nextItem":{"@type":"ListItem","@id":"https:\/\/plumanegranoticias.com\/?p=15169#listItem","name":"Ni padrinos pol\u00edticos ni v\u00ednculos con la delincuencia para llegar al ORFIS: Eric Dom\u00ednguez"},"previousItem":{"@type":"ListItem","@id":"https:\/\/plumanegranoticias.com#listItem","name":"Home"}},{"@type":"ListItem","@id":"https:\/\/plumanegranoticias.com\/?p=15169#listItem","position":3,"name":"Ni padrinos pol\u00edticos ni v\u00ednculos con la delincuencia para llegar al ORFIS: Eric Dom\u00ednguez","previousItem":{"@type":"ListItem","@id":"https:\/\/plumanegranoticias.com\/?cat=1#listItem","name":"Blog"}}]},{"@type":"Organization","@id":"https:\/\/plumanegranoticias.com\/#organization","name":"plumanegranoticias.com","url":"https:\/\/plumanegranoticias.com\/"},{"@type":"Person","@id":"https:\/\/plumanegranoticias.com\/?author=6#author","url":"https:\/\/plumanegranoticias.com\/?author=6","name":"Sergio Ricardo Alonso Carrizales","image":{"@type":"ImageObject","@id":"https:\/\/plumanegranoticias.com\/?p=15169#authorImage","url":"https:\/\/secure.gravatar.com\/avatar\/4a2109b4c1db10373767b38e9de5044c15288afe263d87faf7256dffb8a9285f?s=96&d=mm&r=g","width":96,"height":96,"caption":"Sergio Ricardo Alonso Carrizales"}},{"@type":"WebPage","@id":"https:\/\/plumanegranoticias.com\/?p=15169#webpage","url":"https:\/\/plumanegranoticias.com\/?p=15169","name":"Ni padrinos pol\u00edticos ni v\u00ednculos con la delincuencia para llegar al ORFIS: Eric Dom\u00ednguez - plumanegranoticias.com","description":"\u00c1ngeles Gonz\u00e1lez CeballosXalapa, Ver. El subsecretario de Administraci\u00f3n de la Sefiplan, Eric Dom\u00ednguez, neg\u00f3 que tenga alg\u00fan \"padrino\" pol\u00edtico para llegar al cargo de auditor general del \u00d3rgano de Fiscalizaci\u00f3n Superior (ORFIS). Entrevistado previo a montar guardia de honor ante el momento al Padre de la Patria, el funcionario, destac\u00f3 que se trata de un","inLanguage":"es-MX","isPartOf":{"@id":"https:\/\/plumanegranoticias.com\/#website"},"breadcrumb":{"@id":"https:\/\/plumanegranoticias.com\/?p=15169#breadcrumblist"},"author":{"@id":"https:\/\/plumanegranoticias.com\/?author=6#author"},"creator":{"@id":"https:\/\/plumanegranoticias.com\/?author=6#author"},"image":{"@type":"ImageObject","url":"https:\/\/plumanegranoticias.com\/wp-content\/uploads\/2026\/09\/80daa952-08ea-4f37-b49c-7a3fc8dfa606.jpeg","@id":"https:\/\/plumanegranoticias.com\/?p=15169\/#mainImage","width":1600,"height":1200},"primaryImageOfPage":{"@id":"https:\/\/plumanegranoticias.com\/?p=15169#mainImage"},"datePublished":"2026-09-02T10:40:48-06:00","dateModified":"2026-09-02T10:41:03-06:00"},{"@type":"WebSite","@id":"https:\/\/plumanegranoticias.com\/#website","url":"https:\/\/plumanegranoticias.com\/","name":"plumanegranoticias.com","inLanguage":"es-MX","publisher":{"@id":"https:\/\/plumanegranoticias.com\/#organization"}}]},"og:locale":"es_MX","og:site_name":"plumanegranoticias.com -","og:type":"article","og:title":"Ni padrinos pol\u00edticos ni v\u00ednculos con la delincuencia para llegar al ORFIS: Eric Dom\u00ednguez - plumanegranoticias.com","og:description":"\u00c1ngeles Gonz\u00e1lez CeballosXalapa, Ver. El subsecretario de Administraci\u00f3n de la Sefiplan, Eric Dom\u00ednguez, neg\u00f3 que tenga alg\u00fan &quot;padrino&quot; pol\u00edtico para llegar al cargo de auditor general del \u00d3rgano de Fiscalizaci\u00f3n Superior (ORFIS). Entrevistado previo a montar guardia de honor ante el momento al Padre de la Patria, el funcionario, destac\u00f3 que se trata de un","og:url":"https:\/\/plumanegranoticias.com\/?p=15169","article:published_time":"2026-09-02T16:40:48+00:00","article:modified_time":"2026-09-02T16:41:03+00:00","twitter:card":"summary_large_image","twitter:title":"Ni padrinos pol\u00edticos ni v\u00ednculos con la delincuencia para llegar al ORFIS: Eric Dom\u00ednguez - plumanegranoticias.com","twitter:description":"\u00c1ngeles Gonz\u00e1lez CeballosXalapa, Ver. El subsecretario de Administraci\u00f3n de la Sefiplan, Eric Dom\u00ednguez, neg\u00f3 que tenga alg\u00fan &quot;padrino&quot; pol\u00edtico para llegar al cargo de auditor general del \u00d3rgano de Fiscalizaci\u00f3n Superior (ORFIS). Entrevistado previo a montar guardia de honor ante el momento al Padre de la Patria, el funcionario, destac\u00f3 que se trata de un"},"aioseo_meta_data":{"post_id":"15169","title":null,"description":null,"keywords":null,"keyphrases":null,"primary_term":null,"canonical_url":null,"og_title":null,"og_description":null,"og_object_type":"default","og_image_type":"default","og_image_url":null,"og_image_width":null,"og_image_height":null,"og_image_custom_url":null,"og_image_custom_fields":null,"og_video":null,"og_custom_url":null,"og_article_section":null,"og_article_tags":null,"twitter_use_og":false,"twitter_card":"default","twitter_image_type":"default","twitter_image_url":null,"twitter_image_custom_url":null,"twitter_image_custom_fields":null,"twitter_title":null,"twitter_description":null,"schema":{"blockGraphs":[],"customGraphs":[],"default":{"data":{"Article":[],"Course":[],"Dataset":[],"FAQPage":[],"Movie":[],"Person":[],"Product":[],"ProductReview":[],"Car":[],"Recipe":[],"Service":[],"SoftwareApplication":[],"WebPage":[]},"graphName":"","isEnabled":true},"graphs":[]},"schema_type":"default","schema_type_options":null,"pillar_content":false,"robots_default":true,"robots_noindex":false,"robots_noarchive":false,"robots_nosnippet":false,"robots_nofollow":false,"robots_noimageindex":false,"robots_noodp":false,"robots_notranslate":false,"robots_max_snippet":null,"robots_max_videopreview":null,"robots_max_imagepreview":"large","priority":null,"frequency":null,"local_seo":null,"breadcrumb_settings":null,"limit_modified_date":false,"ai":null,"created":"2026-09-02 20:08:09","updated":"2026-09-02 20:08:09","seo_analyzer_scan_date":null,"focus_keyword":null,"additional_keywords":null,"truseo_locale":null},"aioseo_breadcrumb":"<div class=\"aioseo-breadcrumbs\"><span class=\"aioseo-breadcrumb\">\n\t\t\t<a href=\"https:\/\/plumanegranoticias.com\" title=\"Home\">Home<\/a>\n\t\t<\/span><span class=\"aioseo-breadcrumb-separator\">&raquo;<\/span><span class=\"aioseo-breadcrumb\">\n\t\t\t<a href=\"https:\/\/plumanegranoticias.com\/?cat=1\" title=\"Blog\">Blog<\/a>\n\t\t<\/span><span class=\"aioseo-breadcrumb-separator\">&raquo;<\/span><span class=\"aioseo-breadcrumb\">\n\t\t\tNi padrinos pol\u00edticos ni v\u00ednculos con la delincuencia para llegar al ORFIS: Eric Dom\u00ednguez\n\t\t<\/span><\/div>","aioseo_breadcrumb_json":[{"label":"Home","link":"https:\/\/plumanegranoticias.com"},{"label":"Blog","link":"https:\/\/plumanegranoticias.com\/?cat=1"},{"label":"Ni padrinos pol\u00edticos ni v\u00ednculos con la delincuencia para llegar al ORFIS: Eric Dom\u00ednguez","link":"https:\/\/plumanegranoticias.com\/?p=15169"}],"_links":{"self":[{"href":"https:\/\/plumanegranoticias.com\/index.php?rest_route=\/wp\/v2\/posts\/15169","targetHints":{"allow":["GET"]}}],"collection":[{"href":"https:\/\/plumanegranoticias.com\/index.php?rest_route=\/wp\/v2\/posts"}],"about":[{"href":"https:\/\/plumanegranoticias.com\/index.php?rest_route=\/wp\/v2\/types\/post"}],"author":[{"embeddable":true,"href":"https:\/\/plumanegranoticias.com\/index.php?rest_route=\/wp\/v2\/users\/6"}],"replies":[{"embeddable":true,"href":"https:\/\/plumanegranoticias.com\/index.php?rest_route=%2Fwp%2Fv2%2Fcomments&post=15169"}],"version-history":[{"count":1,"href":"https:\/\/plumanegranoticias.com\/index.php?rest_route=\/wp\/v2\/posts\/15169\/revisions"}],"predecessor-version":[{"id":15170,"href":"https:\/\/plumanegranoticias.com\/index.php?rest_route=\/wp\/v2\/posts\/15169\/revisions\/15170"}],"wp:featuredmedia":[{"embeddable":true,"href":"https:\/\/plumanegranoticias.com\/index.php?rest_route=\/wp\/v2\/media\/15168"}],"wp:attachment":[{"href":"https:\/\/plumanegranoticias.com\/index.php?rest_route=%2Fwp%2Fv2%2Fmedia&parent=15169"}],"wp:term":[{"taxonomy":"category","embeddable":true,"href":"https:\/\/plumanegranoticias.com\/index.php?rest_route=%2Fwp%2Fv2%2Fcategories&post=15169"},{"taxonomy":"post_tag","embeddable":true,"href":"https:\/\/plumanegranoticias.com\/index.php?rest_route=%2Fwp%2Fv2%2Ftags&post=15169"}],"curies":[{"name":"wp","href":"https:\/\/api.w.org\/{rel}","templated":true}]}}