{"id":15199,"date":"2026-09-03T10:34:35","date_gmt":"2026-09-03T16:34:35","guid":{"rendered":"https:\/\/plumanegranoticias.com\/?p=15199"},"modified":"2026-09-03T10:34:35","modified_gmt":"2026-09-03T16:34:35","slug":"protestan-contra-alor-le-exigen-respeto-laboral-y-dialogo-con-trabajadores-del-imss-bienestar","status":"publish","type":"post","link":"https:\/\/plumanegranoticias.com\/?p=15199","title":{"rendered":"Protestan contra Alor, le exigen respeto laboral y di\u00e1logo con trabajadores del IMSS-Bienestar"},"content":{"rendered":"\n<p class=\"wp-block-paragraph\"><\/p>\n\n\n\n<p class=\"wp-block-paragraph\"><\/p>\n\n\n\n<p class=\"wp-block-paragraph\">\u00c1ngeles Gonz\u00e1lez Ceballos<br>Xalapa, Ver. Integrantes del sindicato Fuerza Independiente de Trabajadores de la Salud (FINTRA) protestaron este jueves en contra de la gesti\u00f3n del coordinador estatal del IMSS-Bienestar en Veracruz, Roberto Ramos Alor.<\/p>\n\n\n\n<p class=\"wp-block-paragraph\">La movilizaci\u00f3n tuvo como objetivo visibilizar las presuntas violaciones a los derechos laborales de m\u00e1s de 4 mil empleados de base y eventuales en la Entidad.<\/p>\n\n\n\n<p class=\"wp-block-paragraph\">&#8220;El d\u00eda de hoy nos estamos manifestando una peque\u00f1a comitiva para poder hacer visualizaci\u00f3n de las problem\u00e1ticas que existen en el estado de Veracruz con respecto al respeto a los derechos laborales de los trabajadores de base y eventuales IMSS-Bienestar&#8221;, expuso \u200bClaudio Vidal Ameca, delegado general estatal de FINTRA.<\/p>\n\n\n\n<p class=\"wp-block-paragraph\">\u200bEl representante sindical detall\u00f3 que el universo de personal afectado abarca a m\u00e1s de 4 mil personas entre personal de nuevo ingreso y de transito previo.<\/p>\n\n\n\n<p class=\"wp-block-paragraph\">En sentido, denunci\u00f3 la falta de atenci\u00f3n por parte de la dependencia para resolver las solicitudes de la plantilla laboral.<\/p>\n\n\n\n<p class=\"wp-block-paragraph\">\u200b&#8221;Todos los trabajadores que son bases nuevas para IMSS-Bienestar y todos los trabajadores eventuales IMSS-Bienestar somos los que estamos siendo perjudicados.<\/p>\n\n\n\n<p class=\"wp-block-paragraph\">En su momento se transitaron 3 mil 500 trabajadores, m\u00e1s los que han entrado por convocatorias, ya hablamos de m\u00e1s de 4 mil trabajadores en el estado de Veracruz a los cuales la coordinaci\u00f3n no resuelve sus problem\u00e1ticas&#8221;, puntualiz\u00f3 Vidal Ameca.<\/p>\n\n\n\n<p class=\"wp-block-paragraph\">\u200bEntre los casos m\u00e1s graves presentados expuso la retenci\u00f3n de sueldos por fallas administrativas, as\u00ed como el desacato de acuerdos centralizados que benefician a los trabajadores.<\/p>\n\n\n\n<p class=\"wp-block-paragraph\">\u200b&#8221;Tenemos trabajadores que causaron paro de pago por irregularidades en el trabajo de la coordinaci\u00f3n y que no han recibido por m\u00e1s de 10 meses su salario, por ejemplo. Tenemos trabajadores que han solicitado cambios de turno en donde la Ciudad de M\u00e9xico, IMSS-Bienestar Federal, ya autoriz\u00f3 el mismo cambio y la coordinaci\u00f3n estatal no lo ha emitido&#8221;, se\u00f1al\u00f3 el l\u00edder.<\/p>\n\n\n\n<p class=\"wp-block-paragraph\">\u200bAnte estas fallas, la exigencia del gremio es el cumplimiento estricto de las directrices que emite la Federaci\u00f3n.<\/p>\n\n\n\n<p class=\"wp-block-paragraph\">&#8220;Estamos solicitando que se atiendan todas las problem\u00e1ticas de los trabajadores de IMSS-Bienestar en Veracruz, que se respeten todas las circulares y todos los oficios que se han emitido desde el nivel federal hasta el nivel estatal, porque no lo est\u00e1n haciendo lamentablemente&#8221;, manifest\u00f3.<\/p>\n\n\n\n<p class=\"wp-block-paragraph\">\u200bAsimismo, se cuestion\u00f3 el cierre de los canales institucionales de comunicaci\u00f3n tras los recientes ajustes en la estructura directiva que encabeza Roberto Ramos Alor.<\/p>\n\n\n\n<p class=\"wp-block-paragraph\">\u200b&#8221;Estamos solicitando una comunicaci\u00f3n efectiva entre el sindicato con la coordinaci\u00f3n estatal. Ya exist\u00eda esta comunicaci\u00f3n efectiva, pero con los cambios que han ocurrido en los \u00faltimos meses esta comunicaci\u00f3n se perdi\u00f3&#8221;, enfatiz\u00f3 Vidal Ameca.<\/p>\n\n\n\n<p class=\"wp-block-paragraph\">Agreg\u00f3 adem\u00e1s que la coordinaci\u00f3n estatal de IMSS-Bienestar se ha cerrado al di\u00e1logo y aunque han buscado de manera constante por medio de los enlaces que se han establecido para poder tener comunicaci\u00f3n con el sindicato y resolver las problem\u00e1ticas, &#8220;la verdad es que no responden los mensajes, ignoran los mensajes&#8221;.<\/p>\n\n\n\n<p class=\"wp-block-paragraph\">\u200bRespecto al abasto de insumos en los centros de salud y hospitales de la Entidad, el vocero reconoci\u00f3 que el problema impacta de forma directa en el desempe\u00f1o del personal m\u00e9dico y de enfermer\u00eda.<\/p>\n\n\n\n<p class=\"wp-block-paragraph\">\u200b&#8221;Habr\u00eda que checar de manera particular con cada una de las unidades. Todas tienen diferentes necesidades, pero s\u00ed, efectivamente hay unidades en donde hay mayor carencia que en otras. Claro, todo eso afecta al trabajador porque delimita el trabajo y el alcance que podemos tener en la mejora de la salud de nuestros pacientes&#8221;, sostuvo.<\/p>\n\n\n\n<p class=\"wp-block-paragraph\">Finalmente, el dirigente inform\u00f3 sobre la instalaci\u00f3n de una mesa de negociaci\u00f3n a las 11:00 horas en la coordinaci\u00f3n estatal, a la que acudi\u00f3 el secretario general nacional del sindicato, junto con autoridades federales y estatales del IMSS-Bienestar, con el objetivo de dar respuesta formal a las demandas presentadas.<\/p>\n\n\n\n<figure class=\"wp-block-image size-large\"><img loading=\"lazy\" decoding=\"async\" width=\"1024\" height=\"519\" src=\"https:\/\/plumanegranoticias.com\/wp-content\/uploads\/2026\/09\/3b39d12e-6023-4170-ab1f-bd25821fb96e-1024x519.jpeg\" class=\"wp-image-15196\" srcset=\"https:\/\/plumanegranoticias.com\/wp-content\/uploads\/2026\/09\/3b39d12e-6023-4170-ab1f-bd25821fb96e-1024x519.jpeg 1024w, https:\/\/plumanegranoticias.com\/wp-content\/uploads\/2026\/09\/3b39d12e-6023-4170-ab1f-bd25821fb96e-300x152.jpeg 300w, https:\/\/plumanegranoticias.com\/wp-content\/uploads\/2026\/09\/3b39d12e-6023-4170-ab1f-bd25821fb96e-768x389.jpeg 768w, https:\/\/plumanegranoticias.com\/wp-content\/uploads\/2026\/09\/3b39d12e-6023-4170-ab1f-bd25821fb96e-1536x779.jpeg 1536w, https:\/\/plumanegranoticias.com\/wp-content\/uploads\/2026\/09\/3b39d12e-6023-4170-ab1f-bd25821fb96e.jpeg 1600w\" sizes=\"auto, (max-width: 1024px) 100vw, 1024px\" \/><\/figure>\n\n\n\n<figure class=\"wp-block-image size-large\"><img loading=\"lazy\" decoding=\"async\" width=\"1024\" height=\"518\" src=\"https:\/\/plumanegranoticias.com\/wp-content\/uploads\/2026\/09\/f0192185-3d84-4da5-b330-34f44fe52f1b-1024x518.jpeg\" class=\"wp-image-15197\" srcset=\"https:\/\/plumanegranoticias.com\/wp-content\/uploads\/2026\/09\/f0192185-3d84-4da5-b330-34f44fe52f1b-1024x518.jpeg 1024w, https:\/\/plumanegranoticias.com\/wp-content\/uploads\/2026\/09\/f0192185-3d84-4da5-b330-34f44fe52f1b-300x152.jpeg 300w, https:\/\/plumanegranoticias.com\/wp-content\/uploads\/2026\/09\/f0192185-3d84-4da5-b330-34f44fe52f1b-768x389.jpeg 768w, https:\/\/plumanegranoticias.com\/wp-content\/uploads\/2026\/09\/f0192185-3d84-4da5-b330-34f44fe52f1b-1536x778.jpeg 1536w, https:\/\/plumanegranoticias.com\/wp-content\/uploads\/2026\/09\/f0192185-3d84-4da5-b330-34f44fe52f1b.jpeg 1600w\" sizes=\"auto, (max-width: 1024px) 100vw, 1024px\" \/><\/figure>\n","protected":false},"excerpt":{"rendered":"<p>\u00c1ngeles Gonz\u00e1lez CeballosXalapa, Ver. Integrantes del sindicato Fuerza Independiente de Trabajadores de la Salud (FINTRA) protestaron este jueves en contra de la gesti\u00f3n del coordinador estatal del IMSS-Bienestar en Veracruz, Roberto Ramos Alor. La movilizaci\u00f3n tuvo como objetivo visibilizar las presuntas violaciones a los derechos laborales de m\u00e1s de 4 mil empleados de base y&#8230; <\/p>\n<div class=\"clear\"><\/div>\n<p><a href=\"https:\/\/plumanegranoticias.com\/?p=15199\" class=\"excerpt-read-more\">Read More<i class=\"fa fa-caret-right icon-caret-right\"><\/i><\/a><\/p>\n","protected":false},"author":6,"featured_media":15198,"comment_status":"closed","ping_status":"open","sticky":false,"template":"","format":"standard","meta":{"om_disable_all_campaigns":false,"_monsterinsights_skip_tracking":false,"_uf_show_specific_survey":0,"_uf_disable_surveys":false,"footnotes":""},"categories":[1,16,12],"tags":[18,30,29],"class_list":["post-15199","post","type-post","status-publish","format-standard","has-post-thumbnail","hentry","category-blog","category-plumazos","category-regional","tag-noticia","tag-plumazos","tag-salud"],"aioseo_notices":[],"aioseo_head":"\n\t\t<!-- All in One SEO 5.0.0.1 - aioseo.com -->\n\t<meta name=\"description\" content=\"\u00c1ngeles Gonz\u00e1lez CeballosXalapa, Ver. Integrantes del sindicato Fuerza Independiente de Trabajadores de la Salud (FINTRA) protestaron este jueves en contra de la gesti\u00f3n del coordinador estatal del IMSS-Bienestar en Veracruz, Roberto Ramos Alor. La movilizaci\u00f3n tuvo como objetivo visibilizar las presuntas violaciones a los derechos laborales de m\u00e1s de 4 mil empleados de base y\" \/>\n\t<meta name=\"robots\" content=\"max-image-preview:large\" \/>\n\t<meta name=\"author\" content=\"Sergio Ricardo Alonso Carrizales\"\/>\n\t<link rel=\"canonical\" href=\"https:\/\/plumanegranoticias.com\/?p=15199\" \/>\n\t<meta name=\"generator\" content=\"All in One SEO (AIOSEO) 5.0.0.1\" \/>\n\t\t<meta property=\"og:locale\" content=\"es_MX\" \/>\n\t\t<meta property=\"og:site_name\" content=\"plumanegranoticias.com -\" \/>\n\t\t<meta property=\"og:type\" content=\"article\" \/>\n\t\t<meta property=\"og:title\" content=\"Protestan contra Alor, le exigen respeto laboral y di\u00e1logo con trabajadores del IMSS-Bienestar - plumanegranoticias.com\" \/>\n\t\t<meta property=\"og:description\" content=\"\u00c1ngeles Gonz\u00e1lez CeballosXalapa, Ver. Integrantes del sindicato Fuerza Independiente de Trabajadores de la Salud (FINTRA) protestaron este jueves en contra de la gesti\u00f3n del coordinador estatal del IMSS-Bienestar en Veracruz, Roberto Ramos Alor. La movilizaci\u00f3n tuvo como objetivo visibilizar las presuntas violaciones a los derechos laborales de m\u00e1s de 4 mil empleados de base y\" \/>\n\t\t<meta property=\"og:url\" content=\"https:\/\/plumanegranoticias.com\/?p=15199\" \/>\n\t\t<meta property=\"article:published_time\" content=\"2026-09-03T16:34:35+00:00\" \/>\n\t\t<meta property=\"article:modified_time\" content=\"2026-09-03T16:34:35+00:00\" \/>\n\t\t<meta name=\"twitter:card\" content=\"summary_large_image\" \/>\n\t\t<meta name=\"twitter:title\" content=\"Protestan contra Alor, le exigen respeto laboral y di\u00e1logo con trabajadores del IMSS-Bienestar - plumanegranoticias.com\" \/>\n\t\t<meta name=\"twitter:description\" content=\"\u00c1ngeles Gonz\u00e1lez CeballosXalapa, Ver. Integrantes del sindicato Fuerza Independiente de Trabajadores de la Salud (FINTRA) protestaron este jueves en contra de la gesti\u00f3n del coordinador estatal del IMSS-Bienestar en Veracruz, Roberto Ramos Alor. La movilizaci\u00f3n tuvo como objetivo visibilizar las presuntas violaciones a los derechos laborales de m\u00e1s de 4 mil empleados de base y\" \/>\n\t\t<script type=\"application\/ld+json\" class=\"aioseo-schema\">\n\t\t\t{\"@context\":\"https:\\\/\\\/schema.org\",\"@graph\":[{\"@type\":\"BlogPosting\",\"@id\":\"https:\\\/\\\/plumanegranoticias.com\\\/?p=15199#blogposting\",\"name\":\"Protestan contra Alor, le exigen respeto laboral y di\\u00e1logo con trabajadores del IMSS-Bienestar - plumanegranoticias.com\",\"headline\":\"Protestan contra Alor, le exigen respeto laboral y di\\u00e1logo con trabajadores del IMSS-Bienestar\",\"author\":{\"@id\":\"https:\\\/\\\/plumanegranoticias.com\\\/?author=6#author\"},\"publisher\":{\"@id\":\"https:\\\/\\\/plumanegranoticias.com\\\/#organization\"},\"image\":{\"@type\":\"ImageObject\",\"url\":\"https:\\\/\\\/plumanegranoticias.com\\\/wp-content\\\/uploads\\\/2026\\\/09\\\/f0192185-3d84-4da5-b330-34f44fe52f1b-1.jpeg\",\"width\":1600,\"height\":810},\"datePublished\":\"2026-09-03T10:34:35-06:00\",\"dateModified\":\"2026-09-03T10:34:35-06:00\",\"inLanguage\":\"es-MX\",\"mainEntityOfPage\":{\"@id\":\"https:\\\/\\\/plumanegranoticias.com\\\/?p=15199#webpage\"},\"isPartOf\":{\"@id\":\"https:\\\/\\\/plumanegranoticias.com\\\/?p=15199#webpage\"},\"articleSection\":\"Blog, Plumazos, Regional, Noticia, Plumazos, Salud\"},{\"@type\":\"BreadcrumbList\",\"@id\":\"https:\\\/\\\/plumanegranoticias.com\\\/?p=15199#breadcrumblist\",\"itemListElement\":[{\"@type\":\"ListItem\",\"@id\":\"https:\\\/\\\/plumanegranoticias.com#listItem\",\"position\":1,\"name\":\"Home\",\"item\":\"https:\\\/\\\/plumanegranoticias.com\",\"nextItem\":{\"@type\":\"ListItem\",\"@id\":\"https:\\\/\\\/plumanegranoticias.com\\\/?cat=1#listItem\",\"name\":\"Blog\"}},{\"@type\":\"ListItem\",\"@id\":\"https:\\\/\\\/plumanegranoticias.com\\\/?cat=1#listItem\",\"position\":2,\"name\":\"Blog\",\"item\":\"https:\\\/\\\/plumanegranoticias.com\\\/?cat=1\",\"nextItem\":{\"@type\":\"ListItem\",\"@id\":\"https:\\\/\\\/plumanegranoticias.com\\\/?p=15199#listItem\",\"name\":\"Protestan contra Alor, le exigen respeto laboral y di\\u00e1logo con trabajadores del IMSS-Bienestar\"},\"previousItem\":{\"@type\":\"ListItem\",\"@id\":\"https:\\\/\\\/plumanegranoticias.com#listItem\",\"name\":\"Home\"}},{\"@type\":\"ListItem\",\"@id\":\"https:\\\/\\\/plumanegranoticias.com\\\/?p=15199#listItem\",\"position\":3,\"name\":\"Protestan contra Alor, le exigen respeto laboral y di\\u00e1logo con trabajadores del IMSS-Bienestar\",\"previousItem\":{\"@type\":\"ListItem\",\"@id\":\"https:\\\/\\\/plumanegranoticias.com\\\/?cat=1#listItem\",\"name\":\"Blog\"}}]},{\"@type\":\"Organization\",\"@id\":\"https:\\\/\\\/plumanegranoticias.com\\\/#organization\",\"name\":\"plumanegranoticias.com\",\"url\":\"https:\\\/\\\/plumanegranoticias.com\\\/\"},{\"@type\":\"Person\",\"@id\":\"https:\\\/\\\/plumanegranoticias.com\\\/?author=6#author\",\"url\":\"https:\\\/\\\/plumanegranoticias.com\\\/?author=6\",\"name\":\"Sergio Ricardo Alonso Carrizales\",\"image\":{\"@type\":\"ImageObject\",\"@id\":\"https:\\\/\\\/plumanegranoticias.com\\\/?p=15199#authorImage\",\"url\":\"https:\\\/\\\/secure.gravatar.com\\\/avatar\\\/4a2109b4c1db10373767b38e9de5044c15288afe263d87faf7256dffb8a9285f?s=96&d=mm&r=g\",\"width\":96,\"height\":96,\"caption\":\"Sergio Ricardo Alonso Carrizales\"}},{\"@type\":\"WebPage\",\"@id\":\"https:\\\/\\\/plumanegranoticias.com\\\/?p=15199#webpage\",\"url\":\"https:\\\/\\\/plumanegranoticias.com\\\/?p=15199\",\"name\":\"Protestan contra Alor, le exigen respeto laboral y di\\u00e1logo con trabajadores del IMSS-Bienestar - plumanegranoticias.com\",\"description\":\"\\u00c1ngeles Gonz\\u00e1lez CeballosXalapa, Ver. Integrantes del sindicato Fuerza Independiente de Trabajadores de la Salud (FINTRA) protestaron este jueves en contra de la gesti\\u00f3n del coordinador estatal del IMSS-Bienestar en Veracruz, Roberto Ramos Alor. La movilizaci\\u00f3n tuvo como objetivo visibilizar las presuntas violaciones a los derechos laborales de m\\u00e1s de 4 mil empleados de base y\",\"inLanguage\":\"es-MX\",\"isPartOf\":{\"@id\":\"https:\\\/\\\/plumanegranoticias.com\\\/#website\"},\"breadcrumb\":{\"@id\":\"https:\\\/\\\/plumanegranoticias.com\\\/?p=15199#breadcrumblist\"},\"author\":{\"@id\":\"https:\\\/\\\/plumanegranoticias.com\\\/?author=6#author\"},\"creator\":{\"@id\":\"https:\\\/\\\/plumanegranoticias.com\\\/?author=6#author\"},\"image\":{\"@type\":\"ImageObject\",\"url\":\"https:\\\/\\\/plumanegranoticias.com\\\/wp-content\\\/uploads\\\/2026\\\/09\\\/f0192185-3d84-4da5-b330-34f44fe52f1b-1.jpeg\",\"@id\":\"https:\\\/\\\/plumanegranoticias.com\\\/?p=15199\\\/#mainImage\",\"width\":1600,\"height\":810},\"primaryImageOfPage\":{\"@id\":\"https:\\\/\\\/plumanegranoticias.com\\\/?p=15199#mainImage\"},\"datePublished\":\"2026-09-03T10:34:35-06:00\",\"dateModified\":\"2026-09-03T10:34:35-06:00\"},{\"@type\":\"WebSite\",\"@id\":\"https:\\\/\\\/plumanegranoticias.com\\\/#website\",\"url\":\"https:\\\/\\\/plumanegranoticias.com\\\/\",\"name\":\"plumanegranoticias.com\",\"inLanguage\":\"es-MX\",\"publisher\":{\"@id\":\"https:\\\/\\\/plumanegranoticias.com\\\/#organization\"}}]}\n\t\t<\/script>\n\t\t<!-- All in One SEO -->\n\n","aioseo_head_json":{"title":"Protestan contra Alor, le exigen respeto laboral y di\u00e1logo con trabajadores del IMSS-Bienestar - plumanegranoticias.com","description":"\u00c1ngeles Gonz\u00e1lez CeballosXalapa, Ver. Integrantes del sindicato Fuerza Independiente de Trabajadores de la Salud (FINTRA) protestaron este jueves en contra de la gesti\u00f3n del coordinador estatal del IMSS-Bienestar en Veracruz, Roberto Ramos Alor. La movilizaci\u00f3n tuvo como objetivo visibilizar las presuntas violaciones a los derechos laborales de m\u00e1s de 4 mil empleados de base y","canonical_url":"https:\/\/plumanegranoticias.com\/?p=15199","robots":"max-image-preview:large","keywords":"","webmasterTools":{"miscellaneous":""},"schema":{"@context":"https:\/\/schema.org","@graph":[{"@type":"BlogPosting","@id":"https:\/\/plumanegranoticias.com\/?p=15199#blogposting","name":"Protestan contra Alor, le exigen respeto laboral y di\u00e1logo con trabajadores del IMSS-Bienestar - plumanegranoticias.com","headline":"Protestan contra Alor, le exigen respeto laboral y di\u00e1logo con trabajadores del IMSS-Bienestar","author":{"@id":"https:\/\/plumanegranoticias.com\/?author=6#author"},"publisher":{"@id":"https:\/\/plumanegranoticias.com\/#organization"},"image":{"@type":"ImageObject","url":"https:\/\/plumanegranoticias.com\/wp-content\/uploads\/2026\/09\/f0192185-3d84-4da5-b330-34f44fe52f1b-1.jpeg","width":1600,"height":810},"datePublished":"2026-09-03T10:34:35-06:00","dateModified":"2026-09-03T10:34:35-06:00","inLanguage":"es-MX","mainEntityOfPage":{"@id":"https:\/\/plumanegranoticias.com\/?p=15199#webpage"},"isPartOf":{"@id":"https:\/\/plumanegranoticias.com\/?p=15199#webpage"},"articleSection":"Blog, Plumazos, Regional, Noticia, Plumazos, Salud"},{"@type":"BreadcrumbList","@id":"https:\/\/plumanegranoticias.com\/?p=15199#breadcrumblist","itemListElement":[{"@type":"ListItem","@id":"https:\/\/plumanegranoticias.com#listItem","position":1,"name":"Home","item":"https:\/\/plumanegranoticias.com","nextItem":{"@type":"ListItem","@id":"https:\/\/plumanegranoticias.com\/?cat=1#listItem","name":"Blog"}},{"@type":"ListItem","@id":"https:\/\/plumanegranoticias.com\/?cat=1#listItem","position":2,"name":"Blog","item":"https:\/\/plumanegranoticias.com\/?cat=1","nextItem":{"@type":"ListItem","@id":"https:\/\/plumanegranoticias.com\/?p=15199#listItem","name":"Protestan contra Alor, le exigen respeto laboral y di\u00e1logo con trabajadores del IMSS-Bienestar"},"previousItem":{"@type":"ListItem","@id":"https:\/\/plumanegranoticias.com#listItem","name":"Home"}},{"@type":"ListItem","@id":"https:\/\/plumanegranoticias.com\/?p=15199#listItem","position":3,"name":"Protestan contra Alor, le exigen respeto laboral y di\u00e1logo con trabajadores del IMSS-Bienestar","previousItem":{"@type":"ListItem","@id":"https:\/\/plumanegranoticias.com\/?cat=1#listItem","name":"Blog"}}]},{"@type":"Organization","@id":"https:\/\/plumanegranoticias.com\/#organization","name":"plumanegranoticias.com","url":"https:\/\/plumanegranoticias.com\/"},{"@type":"Person","@id":"https:\/\/plumanegranoticias.com\/?author=6#author","url":"https:\/\/plumanegranoticias.com\/?author=6","name":"Sergio Ricardo Alonso Carrizales","image":{"@type":"ImageObject","@id":"https:\/\/plumanegranoticias.com\/?p=15199#authorImage","url":"https:\/\/secure.gravatar.com\/avatar\/4a2109b4c1db10373767b38e9de5044c15288afe263d87faf7256dffb8a9285f?s=96&d=mm&r=g","width":96,"height":96,"caption":"Sergio Ricardo Alonso Carrizales"}},{"@type":"WebPage","@id":"https:\/\/plumanegranoticias.com\/?p=15199#webpage","url":"https:\/\/plumanegranoticias.com\/?p=15199","name":"Protestan contra Alor, le exigen respeto laboral y di\u00e1logo con trabajadores del IMSS-Bienestar - plumanegranoticias.com","description":"\u00c1ngeles Gonz\u00e1lez CeballosXalapa, Ver. Integrantes del sindicato Fuerza Independiente de Trabajadores de la Salud (FINTRA) protestaron este jueves en contra de la gesti\u00f3n del coordinador estatal del IMSS-Bienestar en Veracruz, Roberto Ramos Alor. La movilizaci\u00f3n tuvo como objetivo visibilizar las presuntas violaciones a los derechos laborales de m\u00e1s de 4 mil empleados de base y","inLanguage":"es-MX","isPartOf":{"@id":"https:\/\/plumanegranoticias.com\/#website"},"breadcrumb":{"@id":"https:\/\/plumanegranoticias.com\/?p=15199#breadcrumblist"},"author":{"@id":"https:\/\/plumanegranoticias.com\/?author=6#author"},"creator":{"@id":"https:\/\/plumanegranoticias.com\/?author=6#author"},"image":{"@type":"ImageObject","url":"https:\/\/plumanegranoticias.com\/wp-content\/uploads\/2026\/09\/f0192185-3d84-4da5-b330-34f44fe52f1b-1.jpeg","@id":"https:\/\/plumanegranoticias.com\/?p=15199\/#mainImage","width":1600,"height":810},"primaryImageOfPage":{"@id":"https:\/\/plumanegranoticias.com\/?p=15199#mainImage"},"datePublished":"2026-09-03T10:34:35-06:00","dateModified":"2026-09-03T10:34:35-06:00"},{"@type":"WebSite","@id":"https:\/\/plumanegranoticias.com\/#website","url":"https:\/\/plumanegranoticias.com\/","name":"plumanegranoticias.com","inLanguage":"es-MX","publisher":{"@id":"https:\/\/plumanegranoticias.com\/#organization"}}]},"og:locale":"es_MX","og:site_name":"plumanegranoticias.com -","og:type":"article","og:title":"Protestan contra Alor, le exigen respeto laboral y di\u00e1logo con trabajadores del IMSS-Bienestar - plumanegranoticias.com","og:description":"\u00c1ngeles Gonz\u00e1lez CeballosXalapa, Ver. Integrantes del sindicato Fuerza Independiente de Trabajadores de la Salud (FINTRA) protestaron este jueves en contra de la gesti\u00f3n del coordinador estatal del IMSS-Bienestar en Veracruz, Roberto Ramos Alor. La movilizaci\u00f3n tuvo como objetivo visibilizar las presuntas violaciones a los derechos laborales de m\u00e1s de 4 mil empleados de base y","og:url":"https:\/\/plumanegranoticias.com\/?p=15199","article:published_time":"2026-09-03T16:34:35+00:00","article:modified_time":"2026-09-03T16:34:35+00:00","twitter:card":"summary_large_image","twitter:title":"Protestan contra Alor, le exigen respeto laboral y di\u00e1logo con trabajadores del IMSS-Bienestar - plumanegranoticias.com","twitter:description":"\u00c1ngeles Gonz\u00e1lez CeballosXalapa, Ver. Integrantes del sindicato Fuerza Independiente de Trabajadores de la Salud (FINTRA) protestaron este jueves en contra de la gesti\u00f3n del coordinador estatal del IMSS-Bienestar en Veracruz, Roberto Ramos Alor. La movilizaci\u00f3n tuvo como objetivo visibilizar las presuntas violaciones a los derechos laborales de m\u00e1s de 4 mil empleados de base y"},"aioseo_meta_data":[],"aioseo_breadcrumb":"<div class=\"aioseo-breadcrumbs\"><span class=\"aioseo-breadcrumb\">\n\t\t\t<a href=\"https:\/\/plumanegranoticias.com\" title=\"Home\">Home<\/a>\n\t\t<\/span><span class=\"aioseo-breadcrumb-separator\">&raquo;<\/span><span class=\"aioseo-breadcrumb\">\n\t\t\t<a href=\"https:\/\/plumanegranoticias.com\/?cat=1\" title=\"Blog\">Blog<\/a>\n\t\t<\/span><span class=\"aioseo-breadcrumb-separator\">&raquo;<\/span><span class=\"aioseo-breadcrumb\">\n\t\t\tProtestan contra Alor, le exigen respeto laboral y di\u00e1logo con trabajadores del IMSS-Bienestar\n\t\t<\/span><\/div>","aioseo_breadcrumb_json":[{"label":"Home","link":"https:\/\/plumanegranoticias.com"},{"label":"Blog","link":"https:\/\/plumanegranoticias.com\/?cat=1"},{"label":"Protestan contra Alor, le exigen respeto laboral y di\u00e1logo con trabajadores del IMSS-Bienestar","link":"https:\/\/plumanegranoticias.com\/?p=15199"}],"_links":{"self":[{"href":"https:\/\/plumanegranoticias.com\/index.php?rest_route=\/wp\/v2\/posts\/15199","targetHints":{"allow":["GET"]}}],"collection":[{"href":"https:\/\/plumanegranoticias.com\/index.php?rest_route=\/wp\/v2\/posts"}],"about":[{"href":"https:\/\/plumanegranoticias.com\/index.php?rest_route=\/wp\/v2\/types\/post"}],"author":[{"embeddable":true,"href":"https:\/\/plumanegranoticias.com\/index.php?rest_route=\/wp\/v2\/users\/6"}],"replies":[{"embeddable":true,"href":"https:\/\/plumanegranoticias.com\/index.php?rest_route=%2Fwp%2Fv2%2Fcomments&post=15199"}],"version-history":[{"count":1,"href":"https:\/\/plumanegranoticias.com\/index.php?rest_route=\/wp\/v2\/posts\/15199\/revisions"}],"predecessor-version":[{"id":15200,"href":"https:\/\/plumanegranoticias.com\/index.php?rest_route=\/wp\/v2\/posts\/15199\/revisions\/15200"}],"wp:featuredmedia":[{"embeddable":true,"href":"https:\/\/plumanegranoticias.com\/index.php?rest_route=\/wp\/v2\/media\/15198"}],"wp:attachment":[{"href":"https:\/\/plumanegranoticias.com\/index.php?rest_route=%2Fwp%2Fv2%2Fmedia&parent=15199"}],"wp:term":[{"taxonomy":"category","embeddable":true,"href":"https:\/\/plumanegranoticias.com\/index.php?rest_route=%2Fwp%2Fv2%2Fcategories&post=15199"},{"taxonomy":"post_tag","embeddable":true,"href":"https:\/\/plumanegranoticias.com\/index.php?rest_route=%2Fwp%2Fv2%2Ftags&post=15199"}],"curies":[{"name":"wp","href":"https:\/\/api.w.org\/{rel}","templated":true}]}}