{"id":15207,"date":"2026-09-03T11:04:59","date_gmt":"2026-09-03T17:04:59","guid":{"rendered":"https:\/\/plumanegranoticias.com\/?p=15207"},"modified":"2026-09-03T11:04:59","modified_gmt":"2026-09-03T17:04:59","slug":"joven-es-herida-a-balazos-tras-presunta-persecucion-en-el-fraccionamiento-de-veracruz","status":"publish","type":"post","link":"https:\/\/plumanegranoticias.com\/?p=15207","title":{"rendered":"Joven es herida a balazos tras presunta persecuci\u00f3n en el fraccionamiento de Veracruz"},"content":{"rendered":"\n<p class=\"wp-block-paragraph\"><\/p>\n\n\n\n<p class=\"wp-block-paragraph\">Alejandro \u00c1vila,Veracruz, Ver.- Una adolescente de entre 17 y 18 a\u00f1os result\u00f3 lesionada la ma\u00f1ana de este jueves tras ser atacada a balazos en la v\u00eda p\u00fablica, en el fraccionamiento Buena Vista, al norte de la ciudad de Veracruz.<\/p>\n\n\n\n<p class=\"wp-block-paragraph\">\u200bLa agresi\u00f3n se registr\u00f3 sobre la calle Sector Popular, casi esquina con Murillo, justo a un costado de la escuela primaria Heroica Veracruz. De acuerdo con los primeros testimonios recabados entre los vecinos, la v\u00edctima era perseguida por sujetos armados momentos antes de escuchar entre cuatro y cinco detonaciones que alarmaron a la zona.<\/p>\n\n\n\n<p class=\"wp-block-paragraph\">\u200bTras el reporte de emergencia, param\u00e9dicos acudieron al sitio para brindarle los primeros auxilios a la joven, quien posteriormente fue canalizada en ambulancia a un centro hospitalario. Hasta el momento, las autoridades no han dado a conocer un parte oficial sobre la gravedad de sus heridas.<\/p>\n\n\n\n<p class=\"wp-block-paragraph\">\u200bEl incidente gener\u00f3 momentos de tensi\u00f3n debido a la cercan\u00eda con el plantel escolar. Varios padres de familia se trasladaron de inmediato al lugar para cerciorarse de la seguridad de sus hijos; no obstante, las autoridades confirmaron que el ataque ocurri\u00f3 totalmente en la v\u00eda p\u00fablica y las actividades dentro de la escuela transcurrieron sin que se reportaran afectaciones o incidentes al interior.<\/p>\n\n\n\n<p class=\"wp-block-paragraph\">Elementos de la Polic\u00eda Estatal desplegaron un operativo de seguridad y acordonaron el per\u00edmetro, donde quedaron esparcidos diversos casquillos percutidos que ya forman parte de la carpeta de investigaci\u00f3n ministerial. Hasta el momento, las corporaciones de seguridad no han reportado personas detenidas por estos hechos ni se ha esclarecido el m\u00f3vil detr\u00e1s de la agresi\u00f3n armada.<\/p>\n\n\n\n<figure class=\"wp-block-image size-large\"><img loading=\"lazy\" decoding=\"async\" width=\"1024\" height=\"768\" src=\"https:\/\/plumanegranoticias.com\/wp-content\/uploads\/2026\/09\/1041a9fa-c260-4be6-9435-7c914dd8c451-1024x768.jpeg\" class=\"wp-image-15205\" srcset=\"https:\/\/plumanegranoticias.com\/wp-content\/uploads\/2026\/09\/1041a9fa-c260-4be6-9435-7c914dd8c451-1024x768.jpeg 1024w, https:\/\/plumanegranoticias.com\/wp-content\/uploads\/2026\/09\/1041a9fa-c260-4be6-9435-7c914dd8c451-300x225.jpeg 300w, https:\/\/plumanegranoticias.com\/wp-content\/uploads\/2026\/09\/1041a9fa-c260-4be6-9435-7c914dd8c451-768x576.jpeg 768w, https:\/\/plumanegranoticias.com\/wp-content\/uploads\/2026\/09\/1041a9fa-c260-4be6-9435-7c914dd8c451-1536x1152.jpeg 1536w, https:\/\/plumanegranoticias.com\/wp-content\/uploads\/2026\/09\/1041a9fa-c260-4be6-9435-7c914dd8c451-400x300.jpeg 400w, https:\/\/plumanegranoticias.com\/wp-content\/uploads\/2026\/09\/1041a9fa-c260-4be6-9435-7c914dd8c451.jpeg 2000w\" sizes=\"auto, (max-width: 1024px) 100vw, 1024px\" \/><\/figure>\n","protected":false},"excerpt":{"rendered":"<p>Alejandro \u00c1vila,Veracruz, Ver.- Una adolescente de entre 17 y 18 a\u00f1os result\u00f3 lesionada la ma\u00f1ana de este jueves tras ser atacada a balazos en la v\u00eda p\u00fablica, en el fraccionamiento Buena Vista, al norte de la ciudad de Veracruz. \u200bLa agresi\u00f3n se registr\u00f3 sobre la calle Sector Popular, casi esquina con Murillo, justo a un&#8230; <\/p>\n<div class=\"clear\"><\/div>\n<p><a href=\"https:\/\/plumanegranoticias.com\/?p=15207\" class=\"excerpt-read-more\">Read More<i class=\"fa fa-caret-right icon-caret-right\"><\/i><\/a><\/p>\n","protected":false},"author":6,"featured_media":15206,"comment_status":"closed","ping_status":"open","sticky":false,"template":"","format":"standard","meta":{"om_disable_all_campaigns":false,"_monsterinsights_skip_tracking":false,"_uf_show_specific_survey":0,"_uf_disable_surveys":false,"footnotes":""},"categories":[1,16,67],"tags":[18,30,34],"class_list":["post-15207","post","type-post","status-publish","format-standard","has-post-thumbnail","hentry","category-blog","category-plumazos","category-policiaca","tag-noticia","tag-plumazos","tag-policiaca"],"aioseo_notices":[],"aioseo_head":"\n\t\t<!-- All in One SEO 5.0.0.1 - aioseo.com -->\n\t<meta name=\"description\" content=\"Alejandro \u00c1vila,Veracruz, Ver.- Una adolescente de entre 17 y 18 a\u00f1os result\u00f3 lesionada la ma\u00f1ana de este jueves tras ser atacada a balazos en la v\u00eda p\u00fablica, en el fraccionamiento Buena Vista, al norte de la ciudad de Veracruz. \u200bLa agresi\u00f3n se registr\u00f3 sobre la calle Sector Popular, casi esquina con Murillo, justo a un\" \/>\n\t<meta name=\"robots\" content=\"max-image-preview:large\" \/>\n\t<meta name=\"author\" content=\"Sergio Ricardo Alonso Carrizales\"\/>\n\t<link rel=\"canonical\" href=\"https:\/\/plumanegranoticias.com\/?p=15207\" \/>\n\t<meta name=\"generator\" content=\"All in One SEO (AIOSEO) 5.0.0.1\" \/>\n\t\t<meta property=\"og:locale\" content=\"es_MX\" \/>\n\t\t<meta property=\"og:site_name\" content=\"plumanegranoticias.com -\" \/>\n\t\t<meta property=\"og:type\" content=\"article\" \/>\n\t\t<meta property=\"og:title\" content=\"Joven es herida a balazos tras presunta persecuci\u00f3n en el fraccionamiento de Veracruz - plumanegranoticias.com\" \/>\n\t\t<meta property=\"og:description\" content=\"Alejandro \u00c1vila,Veracruz, Ver.- Una adolescente de entre 17 y 18 a\u00f1os result\u00f3 lesionada la ma\u00f1ana de este jueves tras ser atacada a balazos en la v\u00eda p\u00fablica, en el fraccionamiento Buena Vista, al norte de la ciudad de Veracruz. \u200bLa agresi\u00f3n se registr\u00f3 sobre la calle Sector Popular, casi esquina con Murillo, justo a un\" \/>\n\t\t<meta property=\"og:url\" content=\"https:\/\/plumanegranoticias.com\/?p=15207\" \/>\n\t\t<meta property=\"article:published_time\" content=\"2026-09-03T17:04:59+00:00\" \/>\n\t\t<meta property=\"article:modified_time\" content=\"2026-09-03T17:04:59+00:00\" \/>\n\t\t<meta name=\"twitter:card\" content=\"summary_large_image\" \/>\n\t\t<meta name=\"twitter:title\" content=\"Joven es herida a balazos tras presunta persecuci\u00f3n en el fraccionamiento de Veracruz - plumanegranoticias.com\" \/>\n\t\t<meta name=\"twitter:description\" content=\"Alejandro \u00c1vila,Veracruz, Ver.- Una adolescente de entre 17 y 18 a\u00f1os result\u00f3 lesionada la ma\u00f1ana de este jueves tras ser atacada a balazos en la v\u00eda p\u00fablica, en el fraccionamiento Buena Vista, al norte de la ciudad de Veracruz. \u200bLa agresi\u00f3n se registr\u00f3 sobre la calle Sector Popular, casi esquina con Murillo, justo a un\" \/>\n\t\t<script type=\"application\/ld+json\" class=\"aioseo-schema\">\n\t\t\t{\"@context\":\"https:\\\/\\\/schema.org\",\"@graph\":[{\"@type\":\"BlogPosting\",\"@id\":\"https:\\\/\\\/plumanegranoticias.com\\\/?p=15207#blogposting\",\"name\":\"Joven es herida a balazos tras presunta persecuci\\u00f3n en el fraccionamiento de Veracruz - plumanegranoticias.com\",\"headline\":\"Joven es herida a balazos tras presunta persecuci\\u00f3n en el fraccionamiento de Veracruz\",\"author\":{\"@id\":\"https:\\\/\\\/plumanegranoticias.com\\\/?author=6#author\"},\"publisher\":{\"@id\":\"https:\\\/\\\/plumanegranoticias.com\\\/#organization\"},\"image\":{\"@type\":\"ImageObject\",\"url\":\"https:\\\/\\\/plumanegranoticias.com\\\/wp-content\\\/uploads\\\/2026\\\/09\\\/1cdc9e5f-f6f8-4ace-9789-5936b67d820d.jpeg\",\"width\":2000,\"height\":1500},\"datePublished\":\"2026-09-03T11:04:59-06:00\",\"dateModified\":\"2026-09-03T11:04:59-06:00\",\"inLanguage\":\"es-MX\",\"mainEntityOfPage\":{\"@id\":\"https:\\\/\\\/plumanegranoticias.com\\\/?p=15207#webpage\"},\"isPartOf\":{\"@id\":\"https:\\\/\\\/plumanegranoticias.com\\\/?p=15207#webpage\"},\"articleSection\":\"Blog, Plumazos, policiaca, Noticia, Plumazos, Policiaca\"},{\"@type\":\"BreadcrumbList\",\"@id\":\"https:\\\/\\\/plumanegranoticias.com\\\/?p=15207#breadcrumblist\",\"itemListElement\":[{\"@type\":\"ListItem\",\"@id\":\"https:\\\/\\\/plumanegranoticias.com#listItem\",\"position\":1,\"name\":\"Home\",\"item\":\"https:\\\/\\\/plumanegranoticias.com\",\"nextItem\":{\"@type\":\"ListItem\",\"@id\":\"https:\\\/\\\/plumanegranoticias.com\\\/?cat=1#listItem\",\"name\":\"Blog\"}},{\"@type\":\"ListItem\",\"@id\":\"https:\\\/\\\/plumanegranoticias.com\\\/?cat=1#listItem\",\"position\":2,\"name\":\"Blog\",\"item\":\"https:\\\/\\\/plumanegranoticias.com\\\/?cat=1\",\"nextItem\":{\"@type\":\"ListItem\",\"@id\":\"https:\\\/\\\/plumanegranoticias.com\\\/?p=15207#listItem\",\"name\":\"Joven es herida a balazos tras presunta persecuci\\u00f3n en el fraccionamiento de Veracruz\"},\"previousItem\":{\"@type\":\"ListItem\",\"@id\":\"https:\\\/\\\/plumanegranoticias.com#listItem\",\"name\":\"Home\"}},{\"@type\":\"ListItem\",\"@id\":\"https:\\\/\\\/plumanegranoticias.com\\\/?p=15207#listItem\",\"position\":3,\"name\":\"Joven es herida a balazos tras presunta persecuci\\u00f3n en el fraccionamiento de Veracruz\",\"previousItem\":{\"@type\":\"ListItem\",\"@id\":\"https:\\\/\\\/plumanegranoticias.com\\\/?cat=1#listItem\",\"name\":\"Blog\"}}]},{\"@type\":\"Organization\",\"@id\":\"https:\\\/\\\/plumanegranoticias.com\\\/#organization\",\"name\":\"plumanegranoticias.com\",\"url\":\"https:\\\/\\\/plumanegranoticias.com\\\/\"},{\"@type\":\"Person\",\"@id\":\"https:\\\/\\\/plumanegranoticias.com\\\/?author=6#author\",\"url\":\"https:\\\/\\\/plumanegranoticias.com\\\/?author=6\",\"name\":\"Sergio Ricardo Alonso Carrizales\",\"image\":{\"@type\":\"ImageObject\",\"@id\":\"https:\\\/\\\/plumanegranoticias.com\\\/?p=15207#authorImage\",\"url\":\"https:\\\/\\\/secure.gravatar.com\\\/avatar\\\/4a2109b4c1db10373767b38e9de5044c15288afe263d87faf7256dffb8a9285f?s=96&d=mm&r=g\",\"width\":96,\"height\":96,\"caption\":\"Sergio Ricardo Alonso Carrizales\"}},{\"@type\":\"WebPage\",\"@id\":\"https:\\\/\\\/plumanegranoticias.com\\\/?p=15207#webpage\",\"url\":\"https:\\\/\\\/plumanegranoticias.com\\\/?p=15207\",\"name\":\"Joven es herida a balazos tras presunta persecuci\\u00f3n en el fraccionamiento de Veracruz - plumanegranoticias.com\",\"description\":\"Alejandro \\u00c1vila,Veracruz, Ver.- Una adolescente de entre 17 y 18 a\\u00f1os result\\u00f3 lesionada la ma\\u00f1ana de este jueves tras ser atacada a balazos en la v\\u00eda p\\u00fablica, en el fraccionamiento Buena Vista, al norte de la ciudad de Veracruz. \\u200bLa agresi\\u00f3n se registr\\u00f3 sobre la calle Sector Popular, casi esquina con Murillo, justo a un\",\"inLanguage\":\"es-MX\",\"isPartOf\":{\"@id\":\"https:\\\/\\\/plumanegranoticias.com\\\/#website\"},\"breadcrumb\":{\"@id\":\"https:\\\/\\\/plumanegranoticias.com\\\/?p=15207#breadcrumblist\"},\"author\":{\"@id\":\"https:\\\/\\\/plumanegranoticias.com\\\/?author=6#author\"},\"creator\":{\"@id\":\"https:\\\/\\\/plumanegranoticias.com\\\/?author=6#author\"},\"image\":{\"@type\":\"ImageObject\",\"url\":\"https:\\\/\\\/plumanegranoticias.com\\\/wp-content\\\/uploads\\\/2026\\\/09\\\/1cdc9e5f-f6f8-4ace-9789-5936b67d820d.jpeg\",\"@id\":\"https:\\\/\\\/plumanegranoticias.com\\\/?p=15207\\\/#mainImage\",\"width\":2000,\"height\":1500},\"primaryImageOfPage\":{\"@id\":\"https:\\\/\\\/plumanegranoticias.com\\\/?p=15207#mainImage\"},\"datePublished\":\"2026-09-03T11:04:59-06:00\",\"dateModified\":\"2026-09-03T11:04:59-06:00\"},{\"@type\":\"WebSite\",\"@id\":\"https:\\\/\\\/plumanegranoticias.com\\\/#website\",\"url\":\"https:\\\/\\\/plumanegranoticias.com\\\/\",\"name\":\"plumanegranoticias.com\",\"inLanguage\":\"es-MX\",\"publisher\":{\"@id\":\"https:\\\/\\\/plumanegranoticias.com\\\/#organization\"}}]}\n\t\t<\/script>\n\t\t<!-- All in One SEO -->\n\n","aioseo_head_json":{"title":"Joven es herida a balazos tras presunta persecuci\u00f3n en el fraccionamiento de Veracruz - plumanegranoticias.com","description":"Alejandro \u00c1vila,Veracruz, Ver.- Una adolescente de entre 17 y 18 a\u00f1os result\u00f3 lesionada la ma\u00f1ana de este jueves tras ser atacada a balazos en la v\u00eda p\u00fablica, en el fraccionamiento Buena Vista, al norte de la ciudad de Veracruz. \u200bLa agresi\u00f3n se registr\u00f3 sobre la calle Sector Popular, casi esquina con Murillo, justo a un","canonical_url":"https:\/\/plumanegranoticias.com\/?p=15207","robots":"max-image-preview:large","keywords":"","webmasterTools":{"miscellaneous":""},"schema":{"@context":"https:\/\/schema.org","@graph":[{"@type":"BlogPosting","@id":"https:\/\/plumanegranoticias.com\/?p=15207#blogposting","name":"Joven es herida a balazos tras presunta persecuci\u00f3n en el fraccionamiento de Veracruz - plumanegranoticias.com","headline":"Joven es herida a balazos tras presunta persecuci\u00f3n en el fraccionamiento de Veracruz","author":{"@id":"https:\/\/plumanegranoticias.com\/?author=6#author"},"publisher":{"@id":"https:\/\/plumanegranoticias.com\/#organization"},"image":{"@type":"ImageObject","url":"https:\/\/plumanegranoticias.com\/wp-content\/uploads\/2026\/09\/1cdc9e5f-f6f8-4ace-9789-5936b67d820d.jpeg","width":2000,"height":1500},"datePublished":"2026-09-03T11:04:59-06:00","dateModified":"2026-09-03T11:04:59-06:00","inLanguage":"es-MX","mainEntityOfPage":{"@id":"https:\/\/plumanegranoticias.com\/?p=15207#webpage"},"isPartOf":{"@id":"https:\/\/plumanegranoticias.com\/?p=15207#webpage"},"articleSection":"Blog, Plumazos, policiaca, Noticia, Plumazos, Policiaca"},{"@type":"BreadcrumbList","@id":"https:\/\/plumanegranoticias.com\/?p=15207#breadcrumblist","itemListElement":[{"@type":"ListItem","@id":"https:\/\/plumanegranoticias.com#listItem","position":1,"name":"Home","item":"https:\/\/plumanegranoticias.com","nextItem":{"@type":"ListItem","@id":"https:\/\/plumanegranoticias.com\/?cat=1#listItem","name":"Blog"}},{"@type":"ListItem","@id":"https:\/\/plumanegranoticias.com\/?cat=1#listItem","position":2,"name":"Blog","item":"https:\/\/plumanegranoticias.com\/?cat=1","nextItem":{"@type":"ListItem","@id":"https:\/\/plumanegranoticias.com\/?p=15207#listItem","name":"Joven es herida a balazos tras presunta persecuci\u00f3n en el fraccionamiento de Veracruz"},"previousItem":{"@type":"ListItem","@id":"https:\/\/plumanegranoticias.com#listItem","name":"Home"}},{"@type":"ListItem","@id":"https:\/\/plumanegranoticias.com\/?p=15207#listItem","position":3,"name":"Joven es herida a balazos tras presunta persecuci\u00f3n en el fraccionamiento de Veracruz","previousItem":{"@type":"ListItem","@id":"https:\/\/plumanegranoticias.com\/?cat=1#listItem","name":"Blog"}}]},{"@type":"Organization","@id":"https:\/\/plumanegranoticias.com\/#organization","name":"plumanegranoticias.com","url":"https:\/\/plumanegranoticias.com\/"},{"@type":"Person","@id":"https:\/\/plumanegranoticias.com\/?author=6#author","url":"https:\/\/plumanegranoticias.com\/?author=6","name":"Sergio Ricardo Alonso Carrizales","image":{"@type":"ImageObject","@id":"https:\/\/plumanegranoticias.com\/?p=15207#authorImage","url":"https:\/\/secure.gravatar.com\/avatar\/4a2109b4c1db10373767b38e9de5044c15288afe263d87faf7256dffb8a9285f?s=96&d=mm&r=g","width":96,"height":96,"caption":"Sergio Ricardo Alonso Carrizales"}},{"@type":"WebPage","@id":"https:\/\/plumanegranoticias.com\/?p=15207#webpage","url":"https:\/\/plumanegranoticias.com\/?p=15207","name":"Joven es herida a balazos tras presunta persecuci\u00f3n en el fraccionamiento de Veracruz - plumanegranoticias.com","description":"Alejandro \u00c1vila,Veracruz, Ver.- Una adolescente de entre 17 y 18 a\u00f1os result\u00f3 lesionada la ma\u00f1ana de este jueves tras ser atacada a balazos en la v\u00eda p\u00fablica, en el fraccionamiento Buena Vista, al norte de la ciudad de Veracruz. \u200bLa agresi\u00f3n se registr\u00f3 sobre la calle Sector Popular, casi esquina con Murillo, justo a un","inLanguage":"es-MX","isPartOf":{"@id":"https:\/\/plumanegranoticias.com\/#website"},"breadcrumb":{"@id":"https:\/\/plumanegranoticias.com\/?p=15207#breadcrumblist"},"author":{"@id":"https:\/\/plumanegranoticias.com\/?author=6#author"},"creator":{"@id":"https:\/\/plumanegranoticias.com\/?author=6#author"},"image":{"@type":"ImageObject","url":"https:\/\/plumanegranoticias.com\/wp-content\/uploads\/2026\/09\/1cdc9e5f-f6f8-4ace-9789-5936b67d820d.jpeg","@id":"https:\/\/plumanegranoticias.com\/?p=15207\/#mainImage","width":2000,"height":1500},"primaryImageOfPage":{"@id":"https:\/\/plumanegranoticias.com\/?p=15207#mainImage"},"datePublished":"2026-09-03T11:04:59-06:00","dateModified":"2026-09-03T11:04:59-06:00"},{"@type":"WebSite","@id":"https:\/\/plumanegranoticias.com\/#website","url":"https:\/\/plumanegranoticias.com\/","name":"plumanegranoticias.com","inLanguage":"es-MX","publisher":{"@id":"https:\/\/plumanegranoticias.com\/#organization"}}]},"og:locale":"es_MX","og:site_name":"plumanegranoticias.com -","og:type":"article","og:title":"Joven es herida a balazos tras presunta persecuci\u00f3n en el fraccionamiento de Veracruz - plumanegranoticias.com","og:description":"Alejandro \u00c1vila,Veracruz, Ver.- Una adolescente de entre 17 y 18 a\u00f1os result\u00f3 lesionada la ma\u00f1ana de este jueves tras ser atacada a balazos en la v\u00eda p\u00fablica, en el fraccionamiento Buena Vista, al norte de la ciudad de Veracruz. \u200bLa agresi\u00f3n se registr\u00f3 sobre la calle Sector Popular, casi esquina con Murillo, justo a un","og:url":"https:\/\/plumanegranoticias.com\/?p=15207","article:published_time":"2026-09-03T17:04:59+00:00","article:modified_time":"2026-09-03T17:04:59+00:00","twitter:card":"summary_large_image","twitter:title":"Joven es herida a balazos tras presunta persecuci\u00f3n en el fraccionamiento de Veracruz - plumanegranoticias.com","twitter:description":"Alejandro \u00c1vila,Veracruz, Ver.- Una adolescente de entre 17 y 18 a\u00f1os result\u00f3 lesionada la ma\u00f1ana de este jueves tras ser atacada a balazos en la v\u00eda p\u00fablica, en el fraccionamiento Buena Vista, al norte de la ciudad de Veracruz. \u200bLa agresi\u00f3n se registr\u00f3 sobre la calle Sector Popular, casi esquina con Murillo, justo a un"},"aioseo_meta_data":[],"aioseo_breadcrumb":"<div class=\"aioseo-breadcrumbs\"><span class=\"aioseo-breadcrumb\">\n\t\t\t<a href=\"https:\/\/plumanegranoticias.com\" title=\"Home\">Home<\/a>\n\t\t<\/span><span class=\"aioseo-breadcrumb-separator\">&raquo;<\/span><span class=\"aioseo-breadcrumb\">\n\t\t\t<a href=\"https:\/\/plumanegranoticias.com\/?cat=1\" title=\"Blog\">Blog<\/a>\n\t\t<\/span><span class=\"aioseo-breadcrumb-separator\">&raquo;<\/span><span class=\"aioseo-breadcrumb\">\n\t\t\tJoven es herida a balazos tras presunta persecuci\u00f3n en el fraccionamiento de Veracruz\n\t\t<\/span><\/div>","aioseo_breadcrumb_json":[{"label":"Home","link":"https:\/\/plumanegranoticias.com"},{"label":"Blog","link":"https:\/\/plumanegranoticias.com\/?cat=1"},{"label":"Joven es herida a balazos tras presunta persecuci\u00f3n en el fraccionamiento de Veracruz","link":"https:\/\/plumanegranoticias.com\/?p=15207"}],"_links":{"self":[{"href":"https:\/\/plumanegranoticias.com\/index.php?rest_route=\/wp\/v2\/posts\/15207","targetHints":{"allow":["GET"]}}],"collection":[{"href":"https:\/\/plumanegranoticias.com\/index.php?rest_route=\/wp\/v2\/posts"}],"about":[{"href":"https:\/\/plumanegranoticias.com\/index.php?rest_route=\/wp\/v2\/types\/post"}],"author":[{"embeddable":true,"href":"https:\/\/plumanegranoticias.com\/index.php?rest_route=\/wp\/v2\/users\/6"}],"replies":[{"embeddable":true,"href":"https:\/\/plumanegranoticias.com\/index.php?rest_route=%2Fwp%2Fv2%2Fcomments&post=15207"}],"version-history":[{"count":1,"href":"https:\/\/plumanegranoticias.com\/index.php?rest_route=\/wp\/v2\/posts\/15207\/revisions"}],"predecessor-version":[{"id":15208,"href":"https:\/\/plumanegranoticias.com\/index.php?rest_route=\/wp\/v2\/posts\/15207\/revisions\/15208"}],"wp:featuredmedia":[{"embeddable":true,"href":"https:\/\/plumanegranoticias.com\/index.php?rest_route=\/wp\/v2\/media\/15206"}],"wp:attachment":[{"href":"https:\/\/plumanegranoticias.com\/index.php?rest_route=%2Fwp%2Fv2%2Fmedia&parent=15207"}],"wp:term":[{"taxonomy":"category","embeddable":true,"href":"https:\/\/plumanegranoticias.com\/index.php?rest_route=%2Fwp%2Fv2%2Fcategories&post=15207"},{"taxonomy":"post_tag","embeddable":true,"href":"https:\/\/plumanegranoticias.com\/index.php?rest_route=%2Fwp%2Fv2%2Ftags&post=15207"}],"curies":[{"name":"wp","href":"https:\/\/api.w.org\/{rel}","templated":true}]}}