{"id":15216,"date":"2026-09-03T12:30:45","date_gmt":"2026-09-03T18:30:45","guid":{"rendered":"https:\/\/plumanegranoticias.com\/?p=15216"},"modified":"2026-09-03T12:30:45","modified_gmt":"2026-09-03T18:30:45","slug":"veracruz-sera-la-capital-cientifica-de-mexico-con-el-lxix-congreso-nacional-de-ciencias-fisiologicas","status":"publish","type":"post","link":"https:\/\/plumanegranoticias.com\/?p=15216","title":{"rendered":"Veracruz ser\u00e1 la capital cient\u00edfica de M\u00e9xico; con el LXIX Congreso Nacional de Ciencias Fisiol\u00f3gicas"},"content":{"rendered":"\n<p class=\"wp-block-paragraph\"><\/p>\n\n\n\n<p class=\"wp-block-paragraph\">Alejandro \u00c1vila<\/p>\n\n\n\n<p class=\"wp-block-paragraph\">\u200bVeracruz, Ver.- Consolidando a la entidad como un referente nacional en la atracci\u00f3n de eventos acad\u00e9micos de alto nivel, del 7 al 11 de septiembre de 2026 la zona conurbada albergar\u00e1 el LXIX Congreso Nacional de Ciencias Fisiol\u00f3gicas; este encuentro, con casi siete d\u00e9cadas de tradici\u00f3n, reunir\u00e1 a cerca de 800 investigadores, acad\u00e9micos, profesionales de la salud y estudiantes de todo M\u00e9xico.<\/p>\n\n\n\n<p class=\"wp-block-paragraph\">\u200bOrganizado por la Sociedad Mexicana de Ciencias Fisiol\u00f3gicas (SMCF), que encabeza el doctor Jorge Manzo Denes, el congreso tiene a la m\u00e1xima casa de estudios del estado como instituci\u00f3n anfitriona.<\/p>\n\n\n\n<p class=\"wp-block-paragraph\">\u200bLas actividades arrancar\u00e1n el lunes 7 de septiembre con la realizaci\u00f3n de dos cursos precongreso clave: \u201cCerebro Sexual\u201d, con sede en la USBI-Veracruz, y \u201cMetabolismo Corporal\u201d, en la Facultad de Medicina de la UV, Regi\u00f3n Veracruz.<\/p>\n\n\n\n<p class=\"wp-block-paragraph\">A partir del martes 8 de septiembre, el n\u00facleo de las jornadas cient\u00edficas se trasladar\u00e1 al \u00e1rea de convenciones del Hotel Galer\u00eda Plaza, en Boca del R\u00edo; el programa general contempla conferencias magistrales, simposios especializados, ponencias orales y la exposici\u00f3n de carteles cient\u00edficos sobre neurociencias, fisiolog\u00eda cardiovascular, metabolismo, endocrinolog\u00eda, reproducci\u00f3n y fisiolog\u00eda celular y molecular.<\/p>\n\n\n\n<p class=\"wp-block-paragraph\">Destaca de igual forma la integraci\u00f3n de las Conferencias Magistrales IBRO-SMCF, respaldadas por la International Brain Research Organization (IBRO) para potenciar el intercambio en el campo de las neurociencias.<\/p>\n\n\n\n<p class=\"wp-block-paragraph\">\u200bLa formaci\u00f3n de talento cient\u00edfico joven constituye uno de los ejes centrales de esta edici\u00f3n mediante el XVII Concurso Nacional de Fisiolog\u00eda, donde estudiantes de medicina de aproximadamente 25 universidades del pa\u00eds medir\u00e1n sus conocimientos; las eliminatorias iniciar\u00e1n el 7 de septiembre en la Facultad de Medicina, culminando con la gran final el pr\u00f3ximo 9 de septiembre en la sede principal.<\/p>\n\n\n\n<p class=\"wp-block-paragraph\">La realizaci\u00f3n de este foro en suelo veracruzano subraya la importancia estrat\u00e9gica de detonar el turismo cient\u00edfico en la entidad, descentralizar el conocimiento de alta especialidad y fortalecer los lazos de colaboraci\u00f3n entre los centros de investigaci\u00f3n nacionales y la comunidad acad\u00e9mica local.<\/p>\n","protected":false},"excerpt":{"rendered":"<p>Alejandro \u00c1vila \u200bVeracruz, Ver.- Consolidando a la entidad como un referente nacional en la atracci\u00f3n de eventos acad\u00e9micos de alto nivel, del 7 al 11 de septiembre de 2026 la zona conurbada albergar\u00e1 el LXIX Congreso Nacional de Ciencias Fisiol\u00f3gicas; este encuentro, con casi siete d\u00e9cadas de tradici\u00f3n, reunir\u00e1 a cerca de 800 investigadores, acad\u00e9micos,&#8230; <\/p>\n<div class=\"clear\"><\/div>\n<p><a href=\"https:\/\/plumanegranoticias.com\/?p=15216\" class=\"excerpt-read-more\">Read More<i class=\"fa fa-caret-right icon-caret-right\"><\/i><\/a><\/p>\n","protected":false},"author":6,"featured_media":15215,"comment_status":"closed","ping_status":"open","sticky":false,"template":"","format":"standard","meta":{"om_disable_all_campaigns":false,"_monsterinsights_skip_tracking":false,"_uf_show_specific_survey":0,"_uf_disable_surveys":false,"footnotes":""},"categories":[1,16,12,10],"tags":[76,18,30],"class_list":["post-15216","post","type-post","status-publish","format-standard","has-post-thumbnail","hentry","category-blog","category-plumazos","category-regional","category-sociales","tag-educacion","tag-noticia","tag-plumazos"],"aioseo_notices":[],"aioseo_head":"\n\t\t<!-- All in One SEO 5.0.0.1 - aioseo.com -->\n\t<meta name=\"description\" content=\"Alejandro \u00c1vila \u200bVeracruz, Ver.- Consolidando a la entidad como un referente nacional en la atracci\u00f3n de eventos acad\u00e9micos de alto nivel, del 7 al 11 de septiembre de 2026 la zona conurbada albergar\u00e1 el LXIX Congreso Nacional de Ciencias Fisiol\u00f3gicas; este encuentro, con casi siete d\u00e9cadas de tradici\u00f3n, reunir\u00e1 a cerca de 800 investigadores, acad\u00e9micos,\" \/>\n\t<meta name=\"robots\" content=\"max-image-preview:large\" \/>\n\t<meta name=\"author\" content=\"Sergio Ricardo Alonso Carrizales\"\/>\n\t<link rel=\"canonical\" href=\"https:\/\/plumanegranoticias.com\/?p=15216\" \/>\n\t<meta name=\"generator\" content=\"All in One SEO (AIOSEO) 5.0.0.1\" \/>\n\t\t<meta property=\"og:locale\" content=\"es_MX\" \/>\n\t\t<meta property=\"og:site_name\" content=\"plumanegranoticias.com -\" \/>\n\t\t<meta property=\"og:type\" content=\"article\" \/>\n\t\t<meta property=\"og:title\" content=\"Veracruz ser\u00e1 la capital cient\u00edfica de M\u00e9xico; con el LXIX Congreso Nacional de Ciencias Fisiol\u00f3gicas - plumanegranoticias.com\" \/>\n\t\t<meta property=\"og:description\" content=\"Alejandro \u00c1vila \u200bVeracruz, Ver.- Consolidando a la entidad como un referente nacional en la atracci\u00f3n de eventos acad\u00e9micos de alto nivel, del 7 al 11 de septiembre de 2026 la zona conurbada albergar\u00e1 el LXIX Congreso Nacional de Ciencias Fisiol\u00f3gicas; este encuentro, con casi siete d\u00e9cadas de tradici\u00f3n, reunir\u00e1 a cerca de 800 investigadores, acad\u00e9micos,\" \/>\n\t\t<meta property=\"og:url\" content=\"https:\/\/plumanegranoticias.com\/?p=15216\" \/>\n\t\t<meta property=\"article:published_time\" content=\"2026-09-03T18:30:45+00:00\" \/>\n\t\t<meta property=\"article:modified_time\" content=\"2026-09-03T18:30:45+00:00\" \/>\n\t\t<meta name=\"twitter:card\" content=\"summary_large_image\" \/>\n\t\t<meta name=\"twitter:title\" content=\"Veracruz ser\u00e1 la capital cient\u00edfica de M\u00e9xico; con el LXIX Congreso Nacional de Ciencias Fisiol\u00f3gicas - plumanegranoticias.com\" \/>\n\t\t<meta name=\"twitter:description\" content=\"Alejandro \u00c1vila \u200bVeracruz, Ver.- Consolidando a la entidad como un referente nacional en la atracci\u00f3n de eventos acad\u00e9micos de alto nivel, del 7 al 11 de septiembre de 2026 la zona conurbada albergar\u00e1 el LXIX Congreso Nacional de Ciencias Fisiol\u00f3gicas; este encuentro, con casi siete d\u00e9cadas de tradici\u00f3n, reunir\u00e1 a cerca de 800 investigadores, acad\u00e9micos,\" \/>\n\t\t<script type=\"application\/ld+json\" class=\"aioseo-schema\">\n\t\t\t{\"@context\":\"https:\\\/\\\/schema.org\",\"@graph\":[{\"@type\":\"BlogPosting\",\"@id\":\"https:\\\/\\\/plumanegranoticias.com\\\/?p=15216#blogposting\",\"name\":\"Veracruz ser\\u00e1 la capital cient\\u00edfica de M\\u00e9xico; con el LXIX Congreso Nacional de Ciencias Fisiol\\u00f3gicas - plumanegranoticias.com\",\"headline\":\"Veracruz ser\\u00e1 la capital cient\\u00edfica de M\\u00e9xico; con el LXIX Congreso Nacional de Ciencias Fisiol\\u00f3gicas\",\"author\":{\"@id\":\"https:\\\/\\\/plumanegranoticias.com\\\/?author=6#author\"},\"publisher\":{\"@id\":\"https:\\\/\\\/plumanegranoticias.com\\\/#organization\"},\"image\":{\"@type\":\"ImageObject\",\"url\":\"https:\\\/\\\/plumanegranoticias.com\\\/wp-content\\\/uploads\\\/2026\\\/09\\\/e35313ab-ecce-4a79-bc3c-0f9af2fec874.jpeg\",\"width\":1408,\"height\":768},\"datePublished\":\"2026-09-03T12:30:45-06:00\",\"dateModified\":\"2026-09-03T12:30:45-06:00\",\"inLanguage\":\"es-MX\",\"mainEntityOfPage\":{\"@id\":\"https:\\\/\\\/plumanegranoticias.com\\\/?p=15216#webpage\"},\"isPartOf\":{\"@id\":\"https:\\\/\\\/plumanegranoticias.com\\\/?p=15216#webpage\"},\"articleSection\":\"Blog, Plumazos, Regional, Sociales, educaci\\u00f3n, Noticia, Plumazos\"},{\"@type\":\"BreadcrumbList\",\"@id\":\"https:\\\/\\\/plumanegranoticias.com\\\/?p=15216#breadcrumblist\",\"itemListElement\":[{\"@type\":\"ListItem\",\"@id\":\"https:\\\/\\\/plumanegranoticias.com#listItem\",\"position\":1,\"name\":\"Home\",\"item\":\"https:\\\/\\\/plumanegranoticias.com\",\"nextItem\":{\"@type\":\"ListItem\",\"@id\":\"https:\\\/\\\/plumanegranoticias.com\\\/?cat=1#listItem\",\"name\":\"Blog\"}},{\"@type\":\"ListItem\",\"@id\":\"https:\\\/\\\/plumanegranoticias.com\\\/?cat=1#listItem\",\"position\":2,\"name\":\"Blog\",\"item\":\"https:\\\/\\\/plumanegranoticias.com\\\/?cat=1\",\"nextItem\":{\"@type\":\"ListItem\",\"@id\":\"https:\\\/\\\/plumanegranoticias.com\\\/?p=15216#listItem\",\"name\":\"Veracruz ser\\u00e1 la capital cient\\u00edfica de M\\u00e9xico; con el LXIX Congreso Nacional de Ciencias Fisiol\\u00f3gicas\"},\"previousItem\":{\"@type\":\"ListItem\",\"@id\":\"https:\\\/\\\/plumanegranoticias.com#listItem\",\"name\":\"Home\"}},{\"@type\":\"ListItem\",\"@id\":\"https:\\\/\\\/plumanegranoticias.com\\\/?p=15216#listItem\",\"position\":3,\"name\":\"Veracruz ser\\u00e1 la capital cient\\u00edfica de M\\u00e9xico; con el LXIX Congreso Nacional de Ciencias Fisiol\\u00f3gicas\",\"previousItem\":{\"@type\":\"ListItem\",\"@id\":\"https:\\\/\\\/plumanegranoticias.com\\\/?cat=1#listItem\",\"name\":\"Blog\"}}]},{\"@type\":\"Organization\",\"@id\":\"https:\\\/\\\/plumanegranoticias.com\\\/#organization\",\"name\":\"plumanegranoticias.com\",\"url\":\"https:\\\/\\\/plumanegranoticias.com\\\/\"},{\"@type\":\"Person\",\"@id\":\"https:\\\/\\\/plumanegranoticias.com\\\/?author=6#author\",\"url\":\"https:\\\/\\\/plumanegranoticias.com\\\/?author=6\",\"name\":\"Sergio Ricardo Alonso Carrizales\",\"image\":{\"@type\":\"ImageObject\",\"@id\":\"https:\\\/\\\/plumanegranoticias.com\\\/?p=15216#authorImage\",\"url\":\"https:\\\/\\\/secure.gravatar.com\\\/avatar\\\/4a2109b4c1db10373767b38e9de5044c15288afe263d87faf7256dffb8a9285f?s=96&d=mm&r=g\",\"width\":96,\"height\":96,\"caption\":\"Sergio Ricardo Alonso Carrizales\"}},{\"@type\":\"WebPage\",\"@id\":\"https:\\\/\\\/plumanegranoticias.com\\\/?p=15216#webpage\",\"url\":\"https:\\\/\\\/plumanegranoticias.com\\\/?p=15216\",\"name\":\"Veracruz ser\\u00e1 la capital cient\\u00edfica de M\\u00e9xico; con el LXIX Congreso Nacional de Ciencias Fisiol\\u00f3gicas - plumanegranoticias.com\",\"description\":\"Alejandro \\u00c1vila \\u200bVeracruz, Ver.- Consolidando a la entidad como un referente nacional en la atracci\\u00f3n de eventos acad\\u00e9micos de alto nivel, del 7 al 11 de septiembre de 2026 la zona conurbada albergar\\u00e1 el LXIX Congreso Nacional de Ciencias Fisiol\\u00f3gicas; este encuentro, con casi siete d\\u00e9cadas de tradici\\u00f3n, reunir\\u00e1 a cerca de 800 investigadores, acad\\u00e9micos,\",\"inLanguage\":\"es-MX\",\"isPartOf\":{\"@id\":\"https:\\\/\\\/plumanegranoticias.com\\\/#website\"},\"breadcrumb\":{\"@id\":\"https:\\\/\\\/plumanegranoticias.com\\\/?p=15216#breadcrumblist\"},\"author\":{\"@id\":\"https:\\\/\\\/plumanegranoticias.com\\\/?author=6#author\"},\"creator\":{\"@id\":\"https:\\\/\\\/plumanegranoticias.com\\\/?author=6#author\"},\"image\":{\"@type\":\"ImageObject\",\"url\":\"https:\\\/\\\/plumanegranoticias.com\\\/wp-content\\\/uploads\\\/2026\\\/09\\\/e35313ab-ecce-4a79-bc3c-0f9af2fec874.jpeg\",\"@id\":\"https:\\\/\\\/plumanegranoticias.com\\\/?p=15216\\\/#mainImage\",\"width\":1408,\"height\":768},\"primaryImageOfPage\":{\"@id\":\"https:\\\/\\\/plumanegranoticias.com\\\/?p=15216#mainImage\"},\"datePublished\":\"2026-09-03T12:30:45-06:00\",\"dateModified\":\"2026-09-03T12:30:45-06:00\"},{\"@type\":\"WebSite\",\"@id\":\"https:\\\/\\\/plumanegranoticias.com\\\/#website\",\"url\":\"https:\\\/\\\/plumanegranoticias.com\\\/\",\"name\":\"plumanegranoticias.com\",\"inLanguage\":\"es-MX\",\"publisher\":{\"@id\":\"https:\\\/\\\/plumanegranoticias.com\\\/#organization\"}}]}\n\t\t<\/script>\n\t\t<!-- All in One SEO -->\n\n","aioseo_head_json":{"title":"Veracruz ser\u00e1 la capital cient\u00edfica de M\u00e9xico; con el LXIX Congreso Nacional de Ciencias Fisiol\u00f3gicas - plumanegranoticias.com","description":"Alejandro \u00c1vila \u200bVeracruz, Ver.- Consolidando a la entidad como un referente nacional en la atracci\u00f3n de eventos acad\u00e9micos de alto nivel, del 7 al 11 de septiembre de 2026 la zona conurbada albergar\u00e1 el LXIX Congreso Nacional de Ciencias Fisiol\u00f3gicas; este encuentro, con casi siete d\u00e9cadas de tradici\u00f3n, reunir\u00e1 a cerca de 800 investigadores, acad\u00e9micos,","canonical_url":"https:\/\/plumanegranoticias.com\/?p=15216","robots":"max-image-preview:large","keywords":"","webmasterTools":{"miscellaneous":""},"schema":{"@context":"https:\/\/schema.org","@graph":[{"@type":"BlogPosting","@id":"https:\/\/plumanegranoticias.com\/?p=15216#blogposting","name":"Veracruz ser\u00e1 la capital cient\u00edfica de M\u00e9xico; con el LXIX Congreso Nacional de Ciencias Fisiol\u00f3gicas - plumanegranoticias.com","headline":"Veracruz ser\u00e1 la capital cient\u00edfica de M\u00e9xico; con el LXIX Congreso Nacional de Ciencias Fisiol\u00f3gicas","author":{"@id":"https:\/\/plumanegranoticias.com\/?author=6#author"},"publisher":{"@id":"https:\/\/plumanegranoticias.com\/#organization"},"image":{"@type":"ImageObject","url":"https:\/\/plumanegranoticias.com\/wp-content\/uploads\/2026\/09\/e35313ab-ecce-4a79-bc3c-0f9af2fec874.jpeg","width":1408,"height":768},"datePublished":"2026-09-03T12:30:45-06:00","dateModified":"2026-09-03T12:30:45-06:00","inLanguage":"es-MX","mainEntityOfPage":{"@id":"https:\/\/plumanegranoticias.com\/?p=15216#webpage"},"isPartOf":{"@id":"https:\/\/plumanegranoticias.com\/?p=15216#webpage"},"articleSection":"Blog, Plumazos, Regional, Sociales, educaci\u00f3n, Noticia, Plumazos"},{"@type":"BreadcrumbList","@id":"https:\/\/plumanegranoticias.com\/?p=15216#breadcrumblist","itemListElement":[{"@type":"ListItem","@id":"https:\/\/plumanegranoticias.com#listItem","position":1,"name":"Home","item":"https:\/\/plumanegranoticias.com","nextItem":{"@type":"ListItem","@id":"https:\/\/plumanegranoticias.com\/?cat=1#listItem","name":"Blog"}},{"@type":"ListItem","@id":"https:\/\/plumanegranoticias.com\/?cat=1#listItem","position":2,"name":"Blog","item":"https:\/\/plumanegranoticias.com\/?cat=1","nextItem":{"@type":"ListItem","@id":"https:\/\/plumanegranoticias.com\/?p=15216#listItem","name":"Veracruz ser\u00e1 la capital cient\u00edfica de M\u00e9xico; con el LXIX Congreso Nacional de Ciencias Fisiol\u00f3gicas"},"previousItem":{"@type":"ListItem","@id":"https:\/\/plumanegranoticias.com#listItem","name":"Home"}},{"@type":"ListItem","@id":"https:\/\/plumanegranoticias.com\/?p=15216#listItem","position":3,"name":"Veracruz ser\u00e1 la capital cient\u00edfica de M\u00e9xico; con el LXIX Congreso Nacional de Ciencias Fisiol\u00f3gicas","previousItem":{"@type":"ListItem","@id":"https:\/\/plumanegranoticias.com\/?cat=1#listItem","name":"Blog"}}]},{"@type":"Organization","@id":"https:\/\/plumanegranoticias.com\/#organization","name":"plumanegranoticias.com","url":"https:\/\/plumanegranoticias.com\/"},{"@type":"Person","@id":"https:\/\/plumanegranoticias.com\/?author=6#author","url":"https:\/\/plumanegranoticias.com\/?author=6","name":"Sergio Ricardo Alonso Carrizales","image":{"@type":"ImageObject","@id":"https:\/\/plumanegranoticias.com\/?p=15216#authorImage","url":"https:\/\/secure.gravatar.com\/avatar\/4a2109b4c1db10373767b38e9de5044c15288afe263d87faf7256dffb8a9285f?s=96&d=mm&r=g","width":96,"height":96,"caption":"Sergio Ricardo Alonso Carrizales"}},{"@type":"WebPage","@id":"https:\/\/plumanegranoticias.com\/?p=15216#webpage","url":"https:\/\/plumanegranoticias.com\/?p=15216","name":"Veracruz ser\u00e1 la capital cient\u00edfica de M\u00e9xico; con el LXIX Congreso Nacional de Ciencias Fisiol\u00f3gicas - plumanegranoticias.com","description":"Alejandro \u00c1vila \u200bVeracruz, Ver.- Consolidando a la entidad como un referente nacional en la atracci\u00f3n de eventos acad\u00e9micos de alto nivel, del 7 al 11 de septiembre de 2026 la zona conurbada albergar\u00e1 el LXIX Congreso Nacional de Ciencias Fisiol\u00f3gicas; este encuentro, con casi siete d\u00e9cadas de tradici\u00f3n, reunir\u00e1 a cerca de 800 investigadores, acad\u00e9micos,","inLanguage":"es-MX","isPartOf":{"@id":"https:\/\/plumanegranoticias.com\/#website"},"breadcrumb":{"@id":"https:\/\/plumanegranoticias.com\/?p=15216#breadcrumblist"},"author":{"@id":"https:\/\/plumanegranoticias.com\/?author=6#author"},"creator":{"@id":"https:\/\/plumanegranoticias.com\/?author=6#author"},"image":{"@type":"ImageObject","url":"https:\/\/plumanegranoticias.com\/wp-content\/uploads\/2026\/09\/e35313ab-ecce-4a79-bc3c-0f9af2fec874.jpeg","@id":"https:\/\/plumanegranoticias.com\/?p=15216\/#mainImage","width":1408,"height":768},"primaryImageOfPage":{"@id":"https:\/\/plumanegranoticias.com\/?p=15216#mainImage"},"datePublished":"2026-09-03T12:30:45-06:00","dateModified":"2026-09-03T12:30:45-06:00"},{"@type":"WebSite","@id":"https:\/\/plumanegranoticias.com\/#website","url":"https:\/\/plumanegranoticias.com\/","name":"plumanegranoticias.com","inLanguage":"es-MX","publisher":{"@id":"https:\/\/plumanegranoticias.com\/#organization"}}]},"og:locale":"es_MX","og:site_name":"plumanegranoticias.com -","og:type":"article","og:title":"Veracruz ser\u00e1 la capital cient\u00edfica de M\u00e9xico; con el LXIX Congreso Nacional de Ciencias Fisiol\u00f3gicas - plumanegranoticias.com","og:description":"Alejandro \u00c1vila \u200bVeracruz, Ver.- Consolidando a la entidad como un referente nacional en la atracci\u00f3n de eventos acad\u00e9micos de alto nivel, del 7 al 11 de septiembre de 2026 la zona conurbada albergar\u00e1 el LXIX Congreso Nacional de Ciencias Fisiol\u00f3gicas; este encuentro, con casi siete d\u00e9cadas de tradici\u00f3n, reunir\u00e1 a cerca de 800 investigadores, acad\u00e9micos,","og:url":"https:\/\/plumanegranoticias.com\/?p=15216","article:published_time":"2026-09-03T18:30:45+00:00","article:modified_time":"2026-09-03T18:30:45+00:00","twitter:card":"summary_large_image","twitter:title":"Veracruz ser\u00e1 la capital cient\u00edfica de M\u00e9xico; con el LXIX Congreso Nacional de Ciencias Fisiol\u00f3gicas - plumanegranoticias.com","twitter:description":"Alejandro \u00c1vila \u200bVeracruz, Ver.- Consolidando a la entidad como un referente nacional en la atracci\u00f3n de eventos acad\u00e9micos de alto nivel, del 7 al 11 de septiembre de 2026 la zona conurbada albergar\u00e1 el LXIX Congreso Nacional de Ciencias Fisiol\u00f3gicas; este encuentro, con casi siete d\u00e9cadas de tradici\u00f3n, reunir\u00e1 a cerca de 800 investigadores, acad\u00e9micos,"},"aioseo_meta_data":[],"aioseo_breadcrumb":"<div class=\"aioseo-breadcrumbs\"><span class=\"aioseo-breadcrumb\">\n\t\t\t<a href=\"https:\/\/plumanegranoticias.com\" title=\"Home\">Home<\/a>\n\t\t<\/span><span class=\"aioseo-breadcrumb-separator\">&raquo;<\/span><span class=\"aioseo-breadcrumb\">\n\t\t\t<a href=\"https:\/\/plumanegranoticias.com\/?cat=1\" title=\"Blog\">Blog<\/a>\n\t\t<\/span><span class=\"aioseo-breadcrumb-separator\">&raquo;<\/span><span class=\"aioseo-breadcrumb\">\n\t\t\tVeracruz ser\u00e1 la capital cient\u00edfica de M\u00e9xico; con el LXIX Congreso Nacional de Ciencias Fisiol\u00f3gicas\n\t\t<\/span><\/div>","aioseo_breadcrumb_json":[{"label":"Home","link":"https:\/\/plumanegranoticias.com"},{"label":"Blog","link":"https:\/\/plumanegranoticias.com\/?cat=1"},{"label":"Veracruz ser\u00e1 la capital cient\u00edfica de M\u00e9xico; con el LXIX Congreso Nacional de Ciencias Fisiol\u00f3gicas","link":"https:\/\/plumanegranoticias.com\/?p=15216"}],"_links":{"self":[{"href":"https:\/\/plumanegranoticias.com\/index.php?rest_route=\/wp\/v2\/posts\/15216","targetHints":{"allow":["GET"]}}],"collection":[{"href":"https:\/\/plumanegranoticias.com\/index.php?rest_route=\/wp\/v2\/posts"}],"about":[{"href":"https:\/\/plumanegranoticias.com\/index.php?rest_route=\/wp\/v2\/types\/post"}],"author":[{"embeddable":true,"href":"https:\/\/plumanegranoticias.com\/index.php?rest_route=\/wp\/v2\/users\/6"}],"replies":[{"embeddable":true,"href":"https:\/\/plumanegranoticias.com\/index.php?rest_route=%2Fwp%2Fv2%2Fcomments&post=15216"}],"version-history":[{"count":1,"href":"https:\/\/plumanegranoticias.com\/index.php?rest_route=\/wp\/v2\/posts\/15216\/revisions"}],"predecessor-version":[{"id":15217,"href":"https:\/\/plumanegranoticias.com\/index.php?rest_route=\/wp\/v2\/posts\/15216\/revisions\/15217"}],"wp:featuredmedia":[{"embeddable":true,"href":"https:\/\/plumanegranoticias.com\/index.php?rest_route=\/wp\/v2\/media\/15215"}],"wp:attachment":[{"href":"https:\/\/plumanegranoticias.com\/index.php?rest_route=%2Fwp%2Fv2%2Fmedia&parent=15216"}],"wp:term":[{"taxonomy":"category","embeddable":true,"href":"https:\/\/plumanegranoticias.com\/index.php?rest_route=%2Fwp%2Fv2%2Fcategories&post=15216"},{"taxonomy":"post_tag","embeddable":true,"href":"https:\/\/plumanegranoticias.com\/index.php?rest_route=%2Fwp%2Fv2%2Ftags&post=15216"}],"curies":[{"name":"wp","href":"https:\/\/api.w.org\/{rel}","templated":true}]}}