{"id":15226,"date":"2026-09-03T12:48:52","date_gmt":"2026-09-03T18:48:52","guid":{"rendered":"https:\/\/plumanegranoticias.com\/?p=15226"},"modified":"2026-09-03T12:48:52","modified_gmt":"2026-09-03T18:48:52","slug":"en-san-juan-evangelista-imputan-a-presunto-responsable-de-extorsion-tras-investigaciones-ministeriales","status":"publish","type":"post","link":"https:\/\/plumanegranoticias.com\/?p=15226","title":{"rendered":"En San Juan Evangelista, imputan a presunto responsable de extorsi\u00f3n tras investigaciones ministeriales"},"content":{"rendered":"\n<p class=\"wp-block-paragraph\"><\/p>\n\n\n\n<p class=\"wp-block-paragraph\">Xalapa, Ver., 3 de septiembre de 2026.- Como resultado de acciones operativas y de investigaci\u00f3n, elementos de la Unidad Especializada en Combate al Secuestro y la Extorsi\u00f3n (UECS), formul\u00f3 la imputaci\u00f3n en contra de \u00c1ngel David \u201cN\u201d, se\u00f1alado como presunto responsable del delito de extorsi\u00f3n.<\/p>\n\n\n\n<p class=\"wp-block-paragraph\">De acuerdo a lo estipulado dentro de del proceso penal 154\/2026, los hechos ocurrieron en octubre de 2024, en la localidad de Villa Juanita, municipio de San Juan Evangelista, cuando el ahora imputado, presuntamente aprovech\u00e1ndose de su posici\u00f3n como gerente regional de una empresa dedicada al comercio de carne, habr\u00eda amenazado a las v\u00edctimas que son empleados de dicha empresa, con despedirlos si no le entregaban una cuota por cada venta realizada.<\/p>\n\n\n\n<p class=\"wp-block-paragraph\">Es importante se\u00f1alar que la identidad de dicha v\u00edctima se mantiene bajo resguardo legal.<\/p>\n\n\n\n<p class=\"wp-block-paragraph\">En seguimiento a estos hechos, el \u00f3rgano jurisdiccional impuso al imputado la medida cautelar de prisi\u00f3n preventiva oficiosa.<\/p>\n\n\n\n<p class=\"wp-block-paragraph\">Con estas acciones, la Fiscal\u00eda General del Estado refrenda su compromiso de continuar con las investigaciones para esclarecer los hechos y llevar ante la justicia a quienes resulten responsables, con estricto apego a derecho y respeto a los derechos humanos.<\/p>\n","protected":false},"excerpt":{"rendered":"<p>Xalapa, Ver., 3 de septiembre de 2026.- Como resultado de acciones operativas y de investigaci\u00f3n, elementos de la Unidad Especializada en Combate al Secuestro y la Extorsi\u00f3n (UECS), formul\u00f3 la imputaci\u00f3n en contra de \u00c1ngel David \u201cN\u201d, se\u00f1alado como presunto responsable del delito de extorsi\u00f3n. De acuerdo a lo estipulado dentro de del proceso penal&#8230; <\/p>\n<div class=\"clear\"><\/div>\n<p><a href=\"https:\/\/plumanegranoticias.com\/?p=15226\" class=\"excerpt-read-more\">Read More<i class=\"fa fa-caret-right icon-caret-right\"><\/i><\/a><\/p>\n","protected":false},"author":6,"featured_media":15225,"comment_status":"closed","ping_status":"open","sticky":false,"template":"","format":"standard","meta":{"om_disable_all_campaigns":false,"_monsterinsights_skip_tracking":false,"_uf_show_specific_survey":0,"_uf_disable_surveys":false,"footnotes":""},"categories":[1,16,67],"tags":[18,30,34],"class_list":["post-15226","post","type-post","status-publish","format-standard","has-post-thumbnail","hentry","category-blog","category-plumazos","category-policiaca","tag-noticia","tag-plumazos","tag-policiaca"],"aioseo_notices":[],"aioseo_head":"\n\t\t<!-- All in One SEO 5.0.0.1 - aioseo.com -->\n\t<meta name=\"description\" content=\"Xalapa, Ver., 3 de septiembre de 2026.- Como resultado de acciones operativas y de investigaci\u00f3n, elementos de la Unidad Especializada en Combate al Secuestro y la Extorsi\u00f3n (UECS), formul\u00f3 la imputaci\u00f3n en contra de \u00c1ngel David \u201cN\u201d, se\u00f1alado como presunto responsable del delito de extorsi\u00f3n. De acuerdo a lo estipulado dentro de del proceso penal\" \/>\n\t<meta name=\"robots\" content=\"max-image-preview:large\" \/>\n\t<meta name=\"author\" content=\"Sergio Ricardo Alonso Carrizales\"\/>\n\t<link rel=\"canonical\" href=\"https:\/\/plumanegranoticias.com\/?p=15226\" \/>\n\t<meta name=\"generator\" content=\"All in One SEO (AIOSEO) 5.0.0.1\" \/>\n\t\t<meta property=\"og:locale\" content=\"es_MX\" \/>\n\t\t<meta property=\"og:site_name\" content=\"plumanegranoticias.com -\" \/>\n\t\t<meta property=\"og:type\" content=\"article\" \/>\n\t\t<meta property=\"og:title\" content=\"En San Juan Evangelista, imputan a presunto responsable de extorsi\u00f3n tras investigaciones ministeriales - plumanegranoticias.com\" \/>\n\t\t<meta property=\"og:description\" content=\"Xalapa, Ver., 3 de septiembre de 2026.- Como resultado de acciones operativas y de investigaci\u00f3n, elementos de la Unidad Especializada en Combate al Secuestro y la Extorsi\u00f3n (UECS), formul\u00f3 la imputaci\u00f3n en contra de \u00c1ngel David \u201cN\u201d, se\u00f1alado como presunto responsable del delito de extorsi\u00f3n. De acuerdo a lo estipulado dentro de del proceso penal\" \/>\n\t\t<meta property=\"og:url\" content=\"https:\/\/plumanegranoticias.com\/?p=15226\" \/>\n\t\t<meta property=\"article:published_time\" content=\"2026-09-03T18:48:52+00:00\" \/>\n\t\t<meta property=\"article:modified_time\" content=\"2026-09-03T18:48:52+00:00\" \/>\n\t\t<meta name=\"twitter:card\" content=\"summary_large_image\" \/>\n\t\t<meta name=\"twitter:title\" content=\"En San Juan Evangelista, imputan a presunto responsable de extorsi\u00f3n tras investigaciones ministeriales - plumanegranoticias.com\" \/>\n\t\t<meta name=\"twitter:description\" content=\"Xalapa, Ver., 3 de septiembre de 2026.- Como resultado de acciones operativas y de investigaci\u00f3n, elementos de la Unidad Especializada en Combate al Secuestro y la Extorsi\u00f3n (UECS), formul\u00f3 la imputaci\u00f3n en contra de \u00c1ngel David \u201cN\u201d, se\u00f1alado como presunto responsable del delito de extorsi\u00f3n. De acuerdo a lo estipulado dentro de del proceso penal\" \/>\n\t\t<script type=\"application\/ld+json\" class=\"aioseo-schema\">\n\t\t\t{\"@context\":\"https:\\\/\\\/schema.org\",\"@graph\":[{\"@type\":\"BlogPosting\",\"@id\":\"https:\\\/\\\/plumanegranoticias.com\\\/?p=15226#blogposting\",\"name\":\"En San Juan Evangelista, imputan a presunto responsable de extorsi\\u00f3n tras investigaciones ministeriales - plumanegranoticias.com\",\"headline\":\"En San Juan Evangelista, imputan a presunto responsable de extorsi\\u00f3n tras investigaciones ministeriales\",\"author\":{\"@id\":\"https:\\\/\\\/plumanegranoticias.com\\\/?author=6#author\"},\"publisher\":{\"@id\":\"https:\\\/\\\/plumanegranoticias.com\\\/#organization\"},\"image\":{\"@type\":\"ImageObject\",\"url\":\"https:\\\/\\\/plumanegranoticias.com\\\/wp-content\\\/uploads\\\/2026\\\/09\\\/85401e92-d258-4c72-a467-04dcd392dad8.jpeg\",\"width\":1200,\"height\":1200},\"datePublished\":\"2026-09-03T12:48:52-06:00\",\"dateModified\":\"2026-09-03T12:48:52-06:00\",\"inLanguage\":\"es-MX\",\"mainEntityOfPage\":{\"@id\":\"https:\\\/\\\/plumanegranoticias.com\\\/?p=15226#webpage\"},\"isPartOf\":{\"@id\":\"https:\\\/\\\/plumanegranoticias.com\\\/?p=15226#webpage\"},\"articleSection\":\"Blog, Plumazos, policiaca, Noticia, Plumazos, Policiaca\"},{\"@type\":\"BreadcrumbList\",\"@id\":\"https:\\\/\\\/plumanegranoticias.com\\\/?p=15226#breadcrumblist\",\"itemListElement\":[{\"@type\":\"ListItem\",\"@id\":\"https:\\\/\\\/plumanegranoticias.com#listItem\",\"position\":1,\"name\":\"Home\",\"item\":\"https:\\\/\\\/plumanegranoticias.com\",\"nextItem\":{\"@type\":\"ListItem\",\"@id\":\"https:\\\/\\\/plumanegranoticias.com\\\/?cat=1#listItem\",\"name\":\"Blog\"}},{\"@type\":\"ListItem\",\"@id\":\"https:\\\/\\\/plumanegranoticias.com\\\/?cat=1#listItem\",\"position\":2,\"name\":\"Blog\",\"item\":\"https:\\\/\\\/plumanegranoticias.com\\\/?cat=1\",\"nextItem\":{\"@type\":\"ListItem\",\"@id\":\"https:\\\/\\\/plumanegranoticias.com\\\/?p=15226#listItem\",\"name\":\"En San Juan Evangelista, imputan a presunto responsable de extorsi\\u00f3n tras investigaciones ministeriales\"},\"previousItem\":{\"@type\":\"ListItem\",\"@id\":\"https:\\\/\\\/plumanegranoticias.com#listItem\",\"name\":\"Home\"}},{\"@type\":\"ListItem\",\"@id\":\"https:\\\/\\\/plumanegranoticias.com\\\/?p=15226#listItem\",\"position\":3,\"name\":\"En San Juan Evangelista, imputan a presunto responsable de extorsi\\u00f3n tras investigaciones ministeriales\",\"previousItem\":{\"@type\":\"ListItem\",\"@id\":\"https:\\\/\\\/plumanegranoticias.com\\\/?cat=1#listItem\",\"name\":\"Blog\"}}]},{\"@type\":\"Organization\",\"@id\":\"https:\\\/\\\/plumanegranoticias.com\\\/#organization\",\"name\":\"plumanegranoticias.com\",\"url\":\"https:\\\/\\\/plumanegranoticias.com\\\/\"},{\"@type\":\"Person\",\"@id\":\"https:\\\/\\\/plumanegranoticias.com\\\/?author=6#author\",\"url\":\"https:\\\/\\\/plumanegranoticias.com\\\/?author=6\",\"name\":\"Sergio Ricardo Alonso Carrizales\",\"image\":{\"@type\":\"ImageObject\",\"@id\":\"https:\\\/\\\/plumanegranoticias.com\\\/?p=15226#authorImage\",\"url\":\"https:\\\/\\\/secure.gravatar.com\\\/avatar\\\/4a2109b4c1db10373767b38e9de5044c15288afe263d87faf7256dffb8a9285f?s=96&d=mm&r=g\",\"width\":96,\"height\":96,\"caption\":\"Sergio Ricardo Alonso Carrizales\"}},{\"@type\":\"WebPage\",\"@id\":\"https:\\\/\\\/plumanegranoticias.com\\\/?p=15226#webpage\",\"url\":\"https:\\\/\\\/plumanegranoticias.com\\\/?p=15226\",\"name\":\"En San Juan Evangelista, imputan a presunto responsable de extorsi\\u00f3n tras investigaciones ministeriales - plumanegranoticias.com\",\"description\":\"Xalapa, Ver., 3 de septiembre de 2026.- Como resultado de acciones operativas y de investigaci\\u00f3n, elementos de la Unidad Especializada en Combate al Secuestro y la Extorsi\\u00f3n (UECS), formul\\u00f3 la imputaci\\u00f3n en contra de \\u00c1ngel David \\u201cN\\u201d, se\\u00f1alado como presunto responsable del delito de extorsi\\u00f3n. De acuerdo a lo estipulado dentro de del proceso penal\",\"inLanguage\":\"es-MX\",\"isPartOf\":{\"@id\":\"https:\\\/\\\/plumanegranoticias.com\\\/#website\"},\"breadcrumb\":{\"@id\":\"https:\\\/\\\/plumanegranoticias.com\\\/?p=15226#breadcrumblist\"},\"author\":{\"@id\":\"https:\\\/\\\/plumanegranoticias.com\\\/?author=6#author\"},\"creator\":{\"@id\":\"https:\\\/\\\/plumanegranoticias.com\\\/?author=6#author\"},\"image\":{\"@type\":\"ImageObject\",\"url\":\"https:\\\/\\\/plumanegranoticias.com\\\/wp-content\\\/uploads\\\/2026\\\/09\\\/85401e92-d258-4c72-a467-04dcd392dad8.jpeg\",\"@id\":\"https:\\\/\\\/plumanegranoticias.com\\\/?p=15226\\\/#mainImage\",\"width\":1200,\"height\":1200},\"primaryImageOfPage\":{\"@id\":\"https:\\\/\\\/plumanegranoticias.com\\\/?p=15226#mainImage\"},\"datePublished\":\"2026-09-03T12:48:52-06:00\",\"dateModified\":\"2026-09-03T12:48:52-06:00\"},{\"@type\":\"WebSite\",\"@id\":\"https:\\\/\\\/plumanegranoticias.com\\\/#website\",\"url\":\"https:\\\/\\\/plumanegranoticias.com\\\/\",\"name\":\"plumanegranoticias.com\",\"inLanguage\":\"es-MX\",\"publisher\":{\"@id\":\"https:\\\/\\\/plumanegranoticias.com\\\/#organization\"}}]}\n\t\t<\/script>\n\t\t<!-- All in One SEO -->\n\n","aioseo_head_json":{"title":"En San Juan Evangelista, imputan a presunto responsable de extorsi\u00f3n tras investigaciones ministeriales - plumanegranoticias.com","description":"Xalapa, Ver., 3 de septiembre de 2026.- Como resultado de acciones operativas y de investigaci\u00f3n, elementos de la Unidad Especializada en Combate al Secuestro y la Extorsi\u00f3n (UECS), formul\u00f3 la imputaci\u00f3n en contra de \u00c1ngel David \u201cN\u201d, se\u00f1alado como presunto responsable del delito de extorsi\u00f3n. De acuerdo a lo estipulado dentro de del proceso penal","canonical_url":"https:\/\/plumanegranoticias.com\/?p=15226","robots":"max-image-preview:large","keywords":"","webmasterTools":{"miscellaneous":""},"schema":{"@context":"https:\/\/schema.org","@graph":[{"@type":"BlogPosting","@id":"https:\/\/plumanegranoticias.com\/?p=15226#blogposting","name":"En San Juan Evangelista, imputan a presunto responsable de extorsi\u00f3n tras investigaciones ministeriales - plumanegranoticias.com","headline":"En San Juan Evangelista, imputan a presunto responsable de extorsi\u00f3n tras investigaciones ministeriales","author":{"@id":"https:\/\/plumanegranoticias.com\/?author=6#author"},"publisher":{"@id":"https:\/\/plumanegranoticias.com\/#organization"},"image":{"@type":"ImageObject","url":"https:\/\/plumanegranoticias.com\/wp-content\/uploads\/2026\/09\/85401e92-d258-4c72-a467-04dcd392dad8.jpeg","width":1200,"height":1200},"datePublished":"2026-09-03T12:48:52-06:00","dateModified":"2026-09-03T12:48:52-06:00","inLanguage":"es-MX","mainEntityOfPage":{"@id":"https:\/\/plumanegranoticias.com\/?p=15226#webpage"},"isPartOf":{"@id":"https:\/\/plumanegranoticias.com\/?p=15226#webpage"},"articleSection":"Blog, Plumazos, policiaca, Noticia, Plumazos, Policiaca"},{"@type":"BreadcrumbList","@id":"https:\/\/plumanegranoticias.com\/?p=15226#breadcrumblist","itemListElement":[{"@type":"ListItem","@id":"https:\/\/plumanegranoticias.com#listItem","position":1,"name":"Home","item":"https:\/\/plumanegranoticias.com","nextItem":{"@type":"ListItem","@id":"https:\/\/plumanegranoticias.com\/?cat=1#listItem","name":"Blog"}},{"@type":"ListItem","@id":"https:\/\/plumanegranoticias.com\/?cat=1#listItem","position":2,"name":"Blog","item":"https:\/\/plumanegranoticias.com\/?cat=1","nextItem":{"@type":"ListItem","@id":"https:\/\/plumanegranoticias.com\/?p=15226#listItem","name":"En San Juan Evangelista, imputan a presunto responsable de extorsi\u00f3n tras investigaciones ministeriales"},"previousItem":{"@type":"ListItem","@id":"https:\/\/plumanegranoticias.com#listItem","name":"Home"}},{"@type":"ListItem","@id":"https:\/\/plumanegranoticias.com\/?p=15226#listItem","position":3,"name":"En San Juan Evangelista, imputan a presunto responsable de extorsi\u00f3n tras investigaciones ministeriales","previousItem":{"@type":"ListItem","@id":"https:\/\/plumanegranoticias.com\/?cat=1#listItem","name":"Blog"}}]},{"@type":"Organization","@id":"https:\/\/plumanegranoticias.com\/#organization","name":"plumanegranoticias.com","url":"https:\/\/plumanegranoticias.com\/"},{"@type":"Person","@id":"https:\/\/plumanegranoticias.com\/?author=6#author","url":"https:\/\/plumanegranoticias.com\/?author=6","name":"Sergio Ricardo Alonso Carrizales","image":{"@type":"ImageObject","@id":"https:\/\/plumanegranoticias.com\/?p=15226#authorImage","url":"https:\/\/secure.gravatar.com\/avatar\/4a2109b4c1db10373767b38e9de5044c15288afe263d87faf7256dffb8a9285f?s=96&d=mm&r=g","width":96,"height":96,"caption":"Sergio Ricardo Alonso Carrizales"}},{"@type":"WebPage","@id":"https:\/\/plumanegranoticias.com\/?p=15226#webpage","url":"https:\/\/plumanegranoticias.com\/?p=15226","name":"En San Juan Evangelista, imputan a presunto responsable de extorsi\u00f3n tras investigaciones ministeriales - plumanegranoticias.com","description":"Xalapa, Ver., 3 de septiembre de 2026.- Como resultado de acciones operativas y de investigaci\u00f3n, elementos de la Unidad Especializada en Combate al Secuestro y la Extorsi\u00f3n (UECS), formul\u00f3 la imputaci\u00f3n en contra de \u00c1ngel David \u201cN\u201d, se\u00f1alado como presunto responsable del delito de extorsi\u00f3n. De acuerdo a lo estipulado dentro de del proceso penal","inLanguage":"es-MX","isPartOf":{"@id":"https:\/\/plumanegranoticias.com\/#website"},"breadcrumb":{"@id":"https:\/\/plumanegranoticias.com\/?p=15226#breadcrumblist"},"author":{"@id":"https:\/\/plumanegranoticias.com\/?author=6#author"},"creator":{"@id":"https:\/\/plumanegranoticias.com\/?author=6#author"},"image":{"@type":"ImageObject","url":"https:\/\/plumanegranoticias.com\/wp-content\/uploads\/2026\/09\/85401e92-d258-4c72-a467-04dcd392dad8.jpeg","@id":"https:\/\/plumanegranoticias.com\/?p=15226\/#mainImage","width":1200,"height":1200},"primaryImageOfPage":{"@id":"https:\/\/plumanegranoticias.com\/?p=15226#mainImage"},"datePublished":"2026-09-03T12:48:52-06:00","dateModified":"2026-09-03T12:48:52-06:00"},{"@type":"WebSite","@id":"https:\/\/plumanegranoticias.com\/#website","url":"https:\/\/plumanegranoticias.com\/","name":"plumanegranoticias.com","inLanguage":"es-MX","publisher":{"@id":"https:\/\/plumanegranoticias.com\/#organization"}}]},"og:locale":"es_MX","og:site_name":"plumanegranoticias.com -","og:type":"article","og:title":"En San Juan Evangelista, imputan a presunto responsable de extorsi\u00f3n tras investigaciones ministeriales - plumanegranoticias.com","og:description":"Xalapa, Ver., 3 de septiembre de 2026.- Como resultado de acciones operativas y de investigaci\u00f3n, elementos de la Unidad Especializada en Combate al Secuestro y la Extorsi\u00f3n (UECS), formul\u00f3 la imputaci\u00f3n en contra de \u00c1ngel David \u201cN\u201d, se\u00f1alado como presunto responsable del delito de extorsi\u00f3n. De acuerdo a lo estipulado dentro de del proceso penal","og:url":"https:\/\/plumanegranoticias.com\/?p=15226","article:published_time":"2026-09-03T18:48:52+00:00","article:modified_time":"2026-09-03T18:48:52+00:00","twitter:card":"summary_large_image","twitter:title":"En San Juan Evangelista, imputan a presunto responsable de extorsi\u00f3n tras investigaciones ministeriales - plumanegranoticias.com","twitter:description":"Xalapa, Ver., 3 de septiembre de 2026.- Como resultado de acciones operativas y de investigaci\u00f3n, elementos de la Unidad Especializada en Combate al Secuestro y la Extorsi\u00f3n (UECS), formul\u00f3 la imputaci\u00f3n en contra de \u00c1ngel David \u201cN\u201d, se\u00f1alado como presunto responsable del delito de extorsi\u00f3n. De acuerdo a lo estipulado dentro de del proceso penal"},"aioseo_meta_data":[],"aioseo_breadcrumb":"<div class=\"aioseo-breadcrumbs\"><span class=\"aioseo-breadcrumb\">\n\t\t\t<a href=\"https:\/\/plumanegranoticias.com\" title=\"Home\">Home<\/a>\n\t\t<\/span><span class=\"aioseo-breadcrumb-separator\">&raquo;<\/span><span class=\"aioseo-breadcrumb\">\n\t\t\t<a href=\"https:\/\/plumanegranoticias.com\/?cat=1\" title=\"Blog\">Blog<\/a>\n\t\t<\/span><span class=\"aioseo-breadcrumb-separator\">&raquo;<\/span><span class=\"aioseo-breadcrumb\">\n\t\t\tEn San Juan Evangelista, imputan a presunto responsable de extorsi\u00f3n tras investigaciones ministeriales\n\t\t<\/span><\/div>","aioseo_breadcrumb_json":[{"label":"Home","link":"https:\/\/plumanegranoticias.com"},{"label":"Blog","link":"https:\/\/plumanegranoticias.com\/?cat=1"},{"label":"En San Juan Evangelista, imputan a presunto responsable de extorsi\u00f3n tras investigaciones ministeriales","link":"https:\/\/plumanegranoticias.com\/?p=15226"}],"_links":{"self":[{"href":"https:\/\/plumanegranoticias.com\/index.php?rest_route=\/wp\/v2\/posts\/15226","targetHints":{"allow":["GET"]}}],"collection":[{"href":"https:\/\/plumanegranoticias.com\/index.php?rest_route=\/wp\/v2\/posts"}],"about":[{"href":"https:\/\/plumanegranoticias.com\/index.php?rest_route=\/wp\/v2\/types\/post"}],"author":[{"embeddable":true,"href":"https:\/\/plumanegranoticias.com\/index.php?rest_route=\/wp\/v2\/users\/6"}],"replies":[{"embeddable":true,"href":"https:\/\/plumanegranoticias.com\/index.php?rest_route=%2Fwp%2Fv2%2Fcomments&post=15226"}],"version-history":[{"count":1,"href":"https:\/\/plumanegranoticias.com\/index.php?rest_route=\/wp\/v2\/posts\/15226\/revisions"}],"predecessor-version":[{"id":15227,"href":"https:\/\/plumanegranoticias.com\/index.php?rest_route=\/wp\/v2\/posts\/15226\/revisions\/15227"}],"wp:featuredmedia":[{"embeddable":true,"href":"https:\/\/plumanegranoticias.com\/index.php?rest_route=\/wp\/v2\/media\/15225"}],"wp:attachment":[{"href":"https:\/\/plumanegranoticias.com\/index.php?rest_route=%2Fwp%2Fv2%2Fmedia&parent=15226"}],"wp:term":[{"taxonomy":"category","embeddable":true,"href":"https:\/\/plumanegranoticias.com\/index.php?rest_route=%2Fwp%2Fv2%2Fcategories&post=15226"},{"taxonomy":"post_tag","embeddable":true,"href":"https:\/\/plumanegranoticias.com\/index.php?rest_route=%2Fwp%2Fv2%2Ftags&post=15226"}],"curies":[{"name":"wp","href":"https:\/\/api.w.org\/{rel}","templated":true}]}}