{"id":15240,"date":"2026-09-04T09:31:56","date_gmt":"2026-09-04T15:31:56","guid":{"rendered":"https:\/\/plumanegranoticias.com\/?p=15240"},"modified":"2026-09-04T09:31:56","modified_gmt":"2026-09-04T15:31:56","slug":"jetta-pierde-el-control-y-se-impacta-contra-postes-de-seguridad-en-el-bulevar-tratados-de-cordoba","status":"publish","type":"post","link":"https:\/\/plumanegranoticias.com\/?p=15240","title":{"rendered":"Jetta pierde el control y se impacta contra postes de seguridad en el bulevar Tratados de C\u00f3rdoba"},"content":{"rendered":"\n<p class=\"wp-block-paragraph\"><\/p>\n\n\n\n<p class=\"wp-block-paragraph\">Por GerardoLuna.mx<br \/>C\u00f3rdoba, Ver.\u2013 Un accidente vehicular registrado sobre el bulevar Tratados de C\u00f3rdoba dej\u00f3 \u00fanicamente da\u00f1os materiales, luego de que un autom\u00f3vil Volkswagen Jetta, de color gris, aparentemente perdiera el control y terminara impact\u00e1ndose contra unos postes de seguridad ubicados a un costado de la vialidad.<\/p>\n\n\n\n<p class=\"wp-block-paragraph\">De acuerdo con el reporte, el incidente ocurri\u00f3 cuando el veh\u00edculo circulaba por el carril de subida del bulevar Tratados de C\u00f3rdoba, en direcci\u00f3n hacia la zona del puente de Chedraui y Plaza Cristal.<\/p>\n\n\n\n<p class=\"wp-block-paragraph\">Presuntamente, el conductor habr\u00eda perdido el control de la unidad cuando se desplazaba desde la zona de los sem\u00e1foros, aparentemente con intenci\u00f3n de incorporarse hacia el \u00e1rea de Villa Verde. Por causas que deber\u00e1n ser determinadas mediante el peritaje correspondiente, el autom\u00f3vil sali\u00f3 de su trayectoria y termin\u00f3 contra los elementos de seguridad instalados en el sitio.<\/p>\n\n\n\n<p class=\"wp-block-paragraph\">Como consecuencia del impacto, uno de los postes fue derribado, mientras que el segundo qued\u00f3 parcialmente sobre el veh\u00edculo, registr\u00e1ndose da\u00f1os materiales tanto en la infraestructura como en la unidad involucrada.<\/p>\n\n\n\n<p class=\"wp-block-paragraph\">Tras el accidente, personal de Tr\u00e1nsito y Vialidad acudi\u00f3 al lugar para tomar conocimiento de lo ocurrido y realizar el resguardo de la zona, mientras se esperaba el arribo del perito correspondiente para llevar a cabo las diligencias necesarias y determinar las circunstancias en que ocurri\u00f3 el percance.<\/p>\n\n\n\n<p class=\"wp-block-paragraph\">Elementos de la Polic\u00eda Municipal tambi\u00e9n tomaron conocimiento del accidente y permanecieron en el sitio como parte de las labores de seguridad y apoyo.<\/p>\n\n\n\n<p class=\"wp-block-paragraph\">A pesar de lo aparatoso del impacto, no se reportaron personas lesionadas, por lo que el incidente qued\u00f3 \u00fanicamente en da\u00f1os materiales.<\/p>\n\n\n\n<p class=\"wp-block-paragraph\">La unidad involucrada ser\u00eda retirada posteriormente del lugar con apoyo del servicio de gr\u00faa, una vez que concluyeran las diligencias de las autoridades correspondientes.<\/p>\n\n\n\n<p class=\"wp-block-paragraph\">Las autoridades ser\u00e1n las encargadas de establecer de manera oficial las causas del accidente y determinar las responsabilidades correspondientes.<\/p>\n\n\n\n<figure class=\"wp-block-image size-large\"><img loading=\"lazy\" decoding=\"async\" width=\"1024\" height=\"576\" src=\"https:\/\/plumanegranoticias.com\/wp-content\/uploads\/2026\/09\/1d17e2cc-c529-4d49-861e-108b9636de69-1024x576.jpeg\" class=\"wp-image-15237\" srcset=\"https:\/\/plumanegranoticias.com\/wp-content\/uploads\/2026\/09\/1d17e2cc-c529-4d49-861e-108b9636de69-1024x576.jpeg 1024w, https:\/\/plumanegranoticias.com\/wp-content\/uploads\/2026\/09\/1d17e2cc-c529-4d49-861e-108b9636de69-300x169.jpeg 300w, https:\/\/plumanegranoticias.com\/wp-content\/uploads\/2026\/09\/1d17e2cc-c529-4d49-861e-108b9636de69-768x432.jpeg 768w, https:\/\/plumanegranoticias.com\/wp-content\/uploads\/2026\/09\/1d17e2cc-c529-4d49-861e-108b9636de69-1536x864.jpeg 1536w, https:\/\/plumanegranoticias.com\/wp-content\/uploads\/2026\/09\/1d17e2cc-c529-4d49-861e-108b9636de69.jpeg 1599w\" sizes=\"auto, (max-width: 1024px) 100vw, 1024px\" \/><\/figure>\n\n\n\n<p class=\"wp-block-paragraph\"><\/p>\n\n\n\n<figure class=\"wp-block-image size-large\"><img loading=\"lazy\" decoding=\"async\" width=\"1024\" height=\"576\" src=\"https:\/\/plumanegranoticias.com\/wp-content\/uploads\/2026\/09\/a929758d-6f61-4212-873e-4bc835a2466b-1024x576.jpeg\" class=\"wp-image-15238\" srcset=\"https:\/\/plumanegranoticias.com\/wp-content\/uploads\/2026\/09\/a929758d-6f61-4212-873e-4bc835a2466b-1024x576.jpeg 1024w, https:\/\/plumanegranoticias.com\/wp-content\/uploads\/2026\/09\/a929758d-6f61-4212-873e-4bc835a2466b-300x169.jpeg 300w, https:\/\/plumanegranoticias.com\/wp-content\/uploads\/2026\/09\/a929758d-6f61-4212-873e-4bc835a2466b-768x432.jpeg 768w, https:\/\/plumanegranoticias.com\/wp-content\/uploads\/2026\/09\/a929758d-6f61-4212-873e-4bc835a2466b-1536x864.jpeg 1536w, https:\/\/plumanegranoticias.com\/wp-content\/uploads\/2026\/09\/a929758d-6f61-4212-873e-4bc835a2466b.jpeg 1599w\" sizes=\"auto, (max-width: 1024px) 100vw, 1024px\" \/><\/figure>\n","protected":false},"excerpt":{"rendered":"<p>Por GerardoLuna.mxC\u00f3rdoba, Ver.\u2013 Un accidente vehicular registrado sobre el bulevar Tratados de C\u00f3rdoba dej\u00f3 \u00fanicamente da\u00f1os materiales, luego de que un autom\u00f3vil Volkswagen Jetta, de color gris, aparentemente perdiera el control y terminara impact\u00e1ndose contra unos postes de seguridad ubicados a un costado de la vialidad. De acuerdo con el reporte, el incidente ocurri\u00f3 cuando&#8230; <\/p>\n<div class=\"clear\"><\/div>\n<p><a href=\"https:\/\/plumanegranoticias.com\/?p=15240\" class=\"excerpt-read-more\">Read More<i class=\"fa fa-caret-right icon-caret-right\"><\/i><\/a><\/p>\n","protected":false},"author":6,"featured_media":15239,"comment_status":"closed","ping_status":"open","sticky":false,"template":"","format":"standard","meta":{"om_disable_all_campaigns":false,"_monsterinsights_skip_tracking":false,"_uf_show_specific_survey":0,"_uf_disable_surveys":false,"footnotes":""},"categories":[1,16,11],"tags":[18,30,19],"class_list":["post-15240","post","type-post","status-publish","format-standard","has-post-thumbnail","hentry","category-blog","category-plumazos","category-reporte-ciudadano","tag-noticia","tag-plumazos","tag-regional"],"aioseo_notices":[],"aioseo_head":"\n\t\t<!-- All in One SEO 5.0.0.1 - aioseo.com -->\n\t<meta name=\"description\" content=\"Por GerardoLuna.mxC\u00f3rdoba, Ver.\u2013 Un accidente vehicular registrado sobre el bulevar Tratados de C\u00f3rdoba dej\u00f3 \u00fanicamente da\u00f1os materiales, luego de que un autom\u00f3vil Volkswagen Jetta, de color gris, aparentemente perdiera el control y terminara impact\u00e1ndose contra unos postes de seguridad ubicados a un costado de la vialidad. De acuerdo con el reporte, el incidente ocurri\u00f3 cuando\" \/>\n\t<meta name=\"robots\" content=\"max-image-preview:large\" \/>\n\t<meta name=\"author\" content=\"Sergio Ricardo Alonso Carrizales\"\/>\n\t<link rel=\"canonical\" href=\"https:\/\/plumanegranoticias.com\/?p=15240\" \/>\n\t<meta name=\"generator\" content=\"All in One SEO (AIOSEO) 5.0.0.1\" \/>\n\t\t<meta property=\"og:locale\" content=\"es_MX\" \/>\n\t\t<meta property=\"og:site_name\" content=\"plumanegranoticias.com -\" \/>\n\t\t<meta property=\"og:type\" content=\"article\" \/>\n\t\t<meta property=\"og:title\" content=\"Jetta pierde el control y se impacta contra postes de seguridad en el bulevar Tratados de C\u00f3rdoba - plumanegranoticias.com\" \/>\n\t\t<meta property=\"og:description\" content=\"Por GerardoLuna.mxC\u00f3rdoba, Ver.\u2013 Un accidente vehicular registrado sobre el bulevar Tratados de C\u00f3rdoba dej\u00f3 \u00fanicamente da\u00f1os materiales, luego de que un autom\u00f3vil Volkswagen Jetta, de color gris, aparentemente perdiera el control y terminara impact\u00e1ndose contra unos postes de seguridad ubicados a un costado de la vialidad. De acuerdo con el reporte, el incidente ocurri\u00f3 cuando\" \/>\n\t\t<meta property=\"og:url\" content=\"https:\/\/plumanegranoticias.com\/?p=15240\" \/>\n\t\t<meta property=\"article:published_time\" content=\"2026-09-04T15:31:56+00:00\" \/>\n\t\t<meta property=\"article:modified_time\" content=\"2026-09-04T15:31:56+00:00\" \/>\n\t\t<meta name=\"twitter:card\" content=\"summary_large_image\" \/>\n\t\t<meta name=\"twitter:title\" content=\"Jetta pierde el control y se impacta contra postes de seguridad en el bulevar Tratados de C\u00f3rdoba - plumanegranoticias.com\" \/>\n\t\t<meta name=\"twitter:description\" content=\"Por GerardoLuna.mxC\u00f3rdoba, Ver.\u2013 Un accidente vehicular registrado sobre el bulevar Tratados de C\u00f3rdoba dej\u00f3 \u00fanicamente da\u00f1os materiales, luego de que un autom\u00f3vil Volkswagen Jetta, de color gris, aparentemente perdiera el control y terminara impact\u00e1ndose contra unos postes de seguridad ubicados a un costado de la vialidad. De acuerdo con el reporte, el incidente ocurri\u00f3 cuando\" \/>\n\t\t<script type=\"application\/ld+json\" class=\"aioseo-schema\">\n\t\t\t{\"@context\":\"https:\\\/\\\/schema.org\",\"@graph\":[{\"@type\":\"BlogPosting\",\"@id\":\"https:\\\/\\\/plumanegranoticias.com\\\/?p=15240#blogposting\",\"name\":\"Jetta pierde el control y se impacta contra postes de seguridad en el bulevar Tratados de C\\u00f3rdoba - plumanegranoticias.com\",\"headline\":\"Jetta pierde el control y se impacta contra postes de seguridad en el bulevar Tratados de C\\u00f3rdoba\",\"author\":{\"@id\":\"https:\\\/\\\/plumanegranoticias.com\\\/?author=6#author\"},\"publisher\":{\"@id\":\"https:\\\/\\\/plumanegranoticias.com\\\/#organization\"},\"image\":{\"@type\":\"ImageObject\",\"url\":\"https:\\\/\\\/plumanegranoticias.com\\\/wp-content\\\/uploads\\\/2026\\\/09\\\/ca8e14f0-2477-4894-a732-2345f8da0018.jpeg\",\"width\":1599,\"height\":899},\"datePublished\":\"2026-09-04T09:31:56-06:00\",\"dateModified\":\"2026-09-04T09:31:56-06:00\",\"inLanguage\":\"es-MX\",\"mainEntityOfPage\":{\"@id\":\"https:\\\/\\\/plumanegranoticias.com\\\/?p=15240#webpage\"},\"isPartOf\":{\"@id\":\"https:\\\/\\\/plumanegranoticias.com\\\/?p=15240#webpage\"},\"articleSection\":\"Blog, Plumazos, Reporte Ciudadano, Noticia, Plumazos, Regional\"},{\"@type\":\"BreadcrumbList\",\"@id\":\"https:\\\/\\\/plumanegranoticias.com\\\/?p=15240#breadcrumblist\",\"itemListElement\":[{\"@type\":\"ListItem\",\"@id\":\"https:\\\/\\\/plumanegranoticias.com#listItem\",\"position\":1,\"name\":\"Home\",\"item\":\"https:\\\/\\\/plumanegranoticias.com\",\"nextItem\":{\"@type\":\"ListItem\",\"@id\":\"https:\\\/\\\/plumanegranoticias.com\\\/?cat=1#listItem\",\"name\":\"Blog\"}},{\"@type\":\"ListItem\",\"@id\":\"https:\\\/\\\/plumanegranoticias.com\\\/?cat=1#listItem\",\"position\":2,\"name\":\"Blog\",\"item\":\"https:\\\/\\\/plumanegranoticias.com\\\/?cat=1\",\"nextItem\":{\"@type\":\"ListItem\",\"@id\":\"https:\\\/\\\/plumanegranoticias.com\\\/?p=15240#listItem\",\"name\":\"Jetta pierde el control y se impacta contra postes de seguridad en el bulevar Tratados de C\\u00f3rdoba\"},\"previousItem\":{\"@type\":\"ListItem\",\"@id\":\"https:\\\/\\\/plumanegranoticias.com#listItem\",\"name\":\"Home\"}},{\"@type\":\"ListItem\",\"@id\":\"https:\\\/\\\/plumanegranoticias.com\\\/?p=15240#listItem\",\"position\":3,\"name\":\"Jetta pierde el control y se impacta contra postes de seguridad en el bulevar Tratados de C\\u00f3rdoba\",\"previousItem\":{\"@type\":\"ListItem\",\"@id\":\"https:\\\/\\\/plumanegranoticias.com\\\/?cat=1#listItem\",\"name\":\"Blog\"}}]},{\"@type\":\"Organization\",\"@id\":\"https:\\\/\\\/plumanegranoticias.com\\\/#organization\",\"name\":\"plumanegranoticias.com\",\"url\":\"https:\\\/\\\/plumanegranoticias.com\\\/\"},{\"@type\":\"Person\",\"@id\":\"https:\\\/\\\/plumanegranoticias.com\\\/?author=6#author\",\"url\":\"https:\\\/\\\/plumanegranoticias.com\\\/?author=6\",\"name\":\"Sergio Ricardo Alonso Carrizales\",\"image\":{\"@type\":\"ImageObject\",\"@id\":\"https:\\\/\\\/plumanegranoticias.com\\\/?p=15240#authorImage\",\"url\":\"https:\\\/\\\/secure.gravatar.com\\\/avatar\\\/4a2109b4c1db10373767b38e9de5044c15288afe263d87faf7256dffb8a9285f?s=96&d=mm&r=g\",\"width\":96,\"height\":96,\"caption\":\"Sergio Ricardo Alonso Carrizales\"}},{\"@type\":\"WebPage\",\"@id\":\"https:\\\/\\\/plumanegranoticias.com\\\/?p=15240#webpage\",\"url\":\"https:\\\/\\\/plumanegranoticias.com\\\/?p=15240\",\"name\":\"Jetta pierde el control y se impacta contra postes de seguridad en el bulevar Tratados de C\\u00f3rdoba - plumanegranoticias.com\",\"description\":\"Por GerardoLuna.mxC\\u00f3rdoba, Ver.\\u2013 Un accidente vehicular registrado sobre el bulevar Tratados de C\\u00f3rdoba dej\\u00f3 \\u00fanicamente da\\u00f1os materiales, luego de que un autom\\u00f3vil Volkswagen Jetta, de color gris, aparentemente perdiera el control y terminara impact\\u00e1ndose contra unos postes de seguridad ubicados a un costado de la vialidad. De acuerdo con el reporte, el incidente ocurri\\u00f3 cuando\",\"inLanguage\":\"es-MX\",\"isPartOf\":{\"@id\":\"https:\\\/\\\/plumanegranoticias.com\\\/#website\"},\"breadcrumb\":{\"@id\":\"https:\\\/\\\/plumanegranoticias.com\\\/?p=15240#breadcrumblist\"},\"author\":{\"@id\":\"https:\\\/\\\/plumanegranoticias.com\\\/?author=6#author\"},\"creator\":{\"@id\":\"https:\\\/\\\/plumanegranoticias.com\\\/?author=6#author\"},\"image\":{\"@type\":\"ImageObject\",\"url\":\"https:\\\/\\\/plumanegranoticias.com\\\/wp-content\\\/uploads\\\/2026\\\/09\\\/ca8e14f0-2477-4894-a732-2345f8da0018.jpeg\",\"@id\":\"https:\\\/\\\/plumanegranoticias.com\\\/?p=15240\\\/#mainImage\",\"width\":1599,\"height\":899},\"primaryImageOfPage\":{\"@id\":\"https:\\\/\\\/plumanegranoticias.com\\\/?p=15240#mainImage\"},\"datePublished\":\"2026-09-04T09:31:56-06:00\",\"dateModified\":\"2026-09-04T09:31:56-06:00\"},{\"@type\":\"WebSite\",\"@id\":\"https:\\\/\\\/plumanegranoticias.com\\\/#website\",\"url\":\"https:\\\/\\\/plumanegranoticias.com\\\/\",\"name\":\"plumanegranoticias.com\",\"inLanguage\":\"es-MX\",\"publisher\":{\"@id\":\"https:\\\/\\\/plumanegranoticias.com\\\/#organization\"}}]}\n\t\t<\/script>\n\t\t<!-- All in One SEO -->\n\n","aioseo_head_json":{"title":"Jetta pierde el control y se impacta contra postes de seguridad en el bulevar Tratados de C\u00f3rdoba - plumanegranoticias.com","description":"Por GerardoLuna.mxC\u00f3rdoba, Ver.\u2013 Un accidente vehicular registrado sobre el bulevar Tratados de C\u00f3rdoba dej\u00f3 \u00fanicamente da\u00f1os materiales, luego de que un autom\u00f3vil Volkswagen Jetta, de color gris, aparentemente perdiera el control y terminara impact\u00e1ndose contra unos postes de seguridad ubicados a un costado de la vialidad. De acuerdo con el reporte, el incidente ocurri\u00f3 cuando","canonical_url":"https:\/\/plumanegranoticias.com\/?p=15240","robots":"max-image-preview:large","keywords":"","webmasterTools":{"miscellaneous":""},"schema":{"@context":"https:\/\/schema.org","@graph":[{"@type":"BlogPosting","@id":"https:\/\/plumanegranoticias.com\/?p=15240#blogposting","name":"Jetta pierde el control y se impacta contra postes de seguridad en el bulevar Tratados de C\u00f3rdoba - plumanegranoticias.com","headline":"Jetta pierde el control y se impacta contra postes de seguridad en el bulevar Tratados de C\u00f3rdoba","author":{"@id":"https:\/\/plumanegranoticias.com\/?author=6#author"},"publisher":{"@id":"https:\/\/plumanegranoticias.com\/#organization"},"image":{"@type":"ImageObject","url":"https:\/\/plumanegranoticias.com\/wp-content\/uploads\/2026\/09\/ca8e14f0-2477-4894-a732-2345f8da0018.jpeg","width":1599,"height":899},"datePublished":"2026-09-04T09:31:56-06:00","dateModified":"2026-09-04T09:31:56-06:00","inLanguage":"es-MX","mainEntityOfPage":{"@id":"https:\/\/plumanegranoticias.com\/?p=15240#webpage"},"isPartOf":{"@id":"https:\/\/plumanegranoticias.com\/?p=15240#webpage"},"articleSection":"Blog, Plumazos, Reporte Ciudadano, Noticia, Plumazos, Regional"},{"@type":"BreadcrumbList","@id":"https:\/\/plumanegranoticias.com\/?p=15240#breadcrumblist","itemListElement":[{"@type":"ListItem","@id":"https:\/\/plumanegranoticias.com#listItem","position":1,"name":"Home","item":"https:\/\/plumanegranoticias.com","nextItem":{"@type":"ListItem","@id":"https:\/\/plumanegranoticias.com\/?cat=1#listItem","name":"Blog"}},{"@type":"ListItem","@id":"https:\/\/plumanegranoticias.com\/?cat=1#listItem","position":2,"name":"Blog","item":"https:\/\/plumanegranoticias.com\/?cat=1","nextItem":{"@type":"ListItem","@id":"https:\/\/plumanegranoticias.com\/?p=15240#listItem","name":"Jetta pierde el control y se impacta contra postes de seguridad en el bulevar Tratados de C\u00f3rdoba"},"previousItem":{"@type":"ListItem","@id":"https:\/\/plumanegranoticias.com#listItem","name":"Home"}},{"@type":"ListItem","@id":"https:\/\/plumanegranoticias.com\/?p=15240#listItem","position":3,"name":"Jetta pierde el control y se impacta contra postes de seguridad en el bulevar Tratados de C\u00f3rdoba","previousItem":{"@type":"ListItem","@id":"https:\/\/plumanegranoticias.com\/?cat=1#listItem","name":"Blog"}}]},{"@type":"Organization","@id":"https:\/\/plumanegranoticias.com\/#organization","name":"plumanegranoticias.com","url":"https:\/\/plumanegranoticias.com\/"},{"@type":"Person","@id":"https:\/\/plumanegranoticias.com\/?author=6#author","url":"https:\/\/plumanegranoticias.com\/?author=6","name":"Sergio Ricardo Alonso Carrizales","image":{"@type":"ImageObject","@id":"https:\/\/plumanegranoticias.com\/?p=15240#authorImage","url":"https:\/\/secure.gravatar.com\/avatar\/4a2109b4c1db10373767b38e9de5044c15288afe263d87faf7256dffb8a9285f?s=96&d=mm&r=g","width":96,"height":96,"caption":"Sergio Ricardo Alonso Carrizales"}},{"@type":"WebPage","@id":"https:\/\/plumanegranoticias.com\/?p=15240#webpage","url":"https:\/\/plumanegranoticias.com\/?p=15240","name":"Jetta pierde el control y se impacta contra postes de seguridad en el bulevar Tratados de C\u00f3rdoba - plumanegranoticias.com","description":"Por GerardoLuna.mxC\u00f3rdoba, Ver.\u2013 Un accidente vehicular registrado sobre el bulevar Tratados de C\u00f3rdoba dej\u00f3 \u00fanicamente da\u00f1os materiales, luego de que un autom\u00f3vil Volkswagen Jetta, de color gris, aparentemente perdiera el control y terminara impact\u00e1ndose contra unos postes de seguridad ubicados a un costado de la vialidad. De acuerdo con el reporte, el incidente ocurri\u00f3 cuando","inLanguage":"es-MX","isPartOf":{"@id":"https:\/\/plumanegranoticias.com\/#website"},"breadcrumb":{"@id":"https:\/\/plumanegranoticias.com\/?p=15240#breadcrumblist"},"author":{"@id":"https:\/\/plumanegranoticias.com\/?author=6#author"},"creator":{"@id":"https:\/\/plumanegranoticias.com\/?author=6#author"},"image":{"@type":"ImageObject","url":"https:\/\/plumanegranoticias.com\/wp-content\/uploads\/2026\/09\/ca8e14f0-2477-4894-a732-2345f8da0018.jpeg","@id":"https:\/\/plumanegranoticias.com\/?p=15240\/#mainImage","width":1599,"height":899},"primaryImageOfPage":{"@id":"https:\/\/plumanegranoticias.com\/?p=15240#mainImage"},"datePublished":"2026-09-04T09:31:56-06:00","dateModified":"2026-09-04T09:31:56-06:00"},{"@type":"WebSite","@id":"https:\/\/plumanegranoticias.com\/#website","url":"https:\/\/plumanegranoticias.com\/","name":"plumanegranoticias.com","inLanguage":"es-MX","publisher":{"@id":"https:\/\/plumanegranoticias.com\/#organization"}}]},"og:locale":"es_MX","og:site_name":"plumanegranoticias.com -","og:type":"article","og:title":"Jetta pierde el control y se impacta contra postes de seguridad en el bulevar Tratados de C\u00f3rdoba - plumanegranoticias.com","og:description":"Por GerardoLuna.mxC\u00f3rdoba, Ver.\u2013 Un accidente vehicular registrado sobre el bulevar Tratados de C\u00f3rdoba dej\u00f3 \u00fanicamente da\u00f1os materiales, luego de que un autom\u00f3vil Volkswagen Jetta, de color gris, aparentemente perdiera el control y terminara impact\u00e1ndose contra unos postes de seguridad ubicados a un costado de la vialidad. De acuerdo con el reporte, el incidente ocurri\u00f3 cuando","og:url":"https:\/\/plumanegranoticias.com\/?p=15240","article:published_time":"2026-09-04T15:31:56+00:00","article:modified_time":"2026-09-04T15:31:56+00:00","twitter:card":"summary_large_image","twitter:title":"Jetta pierde el control y se impacta contra postes de seguridad en el bulevar Tratados de C\u00f3rdoba - plumanegranoticias.com","twitter:description":"Por GerardoLuna.mxC\u00f3rdoba, Ver.\u2013 Un accidente vehicular registrado sobre el bulevar Tratados de C\u00f3rdoba dej\u00f3 \u00fanicamente da\u00f1os materiales, luego de que un autom\u00f3vil Volkswagen Jetta, de color gris, aparentemente perdiera el control y terminara impact\u00e1ndose contra unos postes de seguridad ubicados a un costado de la vialidad. De acuerdo con el reporte, el incidente ocurri\u00f3 cuando"},"aioseo_meta_data":[],"aioseo_breadcrumb":"<div class=\"aioseo-breadcrumbs\"><span class=\"aioseo-breadcrumb\">\n\t\t\t<a href=\"https:\/\/plumanegranoticias.com\" title=\"Home\">Home<\/a>\n\t\t<\/span><span class=\"aioseo-breadcrumb-separator\">&raquo;<\/span><span class=\"aioseo-breadcrumb\">\n\t\t\t<a href=\"https:\/\/plumanegranoticias.com\/?cat=1\" title=\"Blog\">Blog<\/a>\n\t\t<\/span><span class=\"aioseo-breadcrumb-separator\">&raquo;<\/span><span class=\"aioseo-breadcrumb\">\n\t\t\tJetta pierde el control y se impacta contra postes de seguridad en el bulevar Tratados de C\u00f3rdoba\n\t\t<\/span><\/div>","aioseo_breadcrumb_json":[{"label":"Home","link":"https:\/\/plumanegranoticias.com"},{"label":"Blog","link":"https:\/\/plumanegranoticias.com\/?cat=1"},{"label":"Jetta pierde el control y se impacta contra postes de seguridad en el bulevar Tratados de C\u00f3rdoba","link":"https:\/\/plumanegranoticias.com\/?p=15240"}],"_links":{"self":[{"href":"https:\/\/plumanegranoticias.com\/index.php?rest_route=\/wp\/v2\/posts\/15240","targetHints":{"allow":["GET"]}}],"collection":[{"href":"https:\/\/plumanegranoticias.com\/index.php?rest_route=\/wp\/v2\/posts"}],"about":[{"href":"https:\/\/plumanegranoticias.com\/index.php?rest_route=\/wp\/v2\/types\/post"}],"author":[{"embeddable":true,"href":"https:\/\/plumanegranoticias.com\/index.php?rest_route=\/wp\/v2\/users\/6"}],"replies":[{"embeddable":true,"href":"https:\/\/plumanegranoticias.com\/index.php?rest_route=%2Fwp%2Fv2%2Fcomments&post=15240"}],"version-history":[{"count":1,"href":"https:\/\/plumanegranoticias.com\/index.php?rest_route=\/wp\/v2\/posts\/15240\/revisions"}],"predecessor-version":[{"id":15241,"href":"https:\/\/plumanegranoticias.com\/index.php?rest_route=\/wp\/v2\/posts\/15240\/revisions\/15241"}],"wp:featuredmedia":[{"embeddable":true,"href":"https:\/\/plumanegranoticias.com\/index.php?rest_route=\/wp\/v2\/media\/15239"}],"wp:attachment":[{"href":"https:\/\/plumanegranoticias.com\/index.php?rest_route=%2Fwp%2Fv2%2Fmedia&parent=15240"}],"wp:term":[{"taxonomy":"category","embeddable":true,"href":"https:\/\/plumanegranoticias.com\/index.php?rest_route=%2Fwp%2Fv2%2Fcategories&post=15240"},{"taxonomy":"post_tag","embeddable":true,"href":"https:\/\/plumanegranoticias.com\/index.php?rest_route=%2Fwp%2Fv2%2Ftags&post=15240"}],"curies":[{"name":"wp","href":"https:\/\/api.w.org\/{rel}","templated":true}]}}