{"id":15244,"date":"2026-09-04T10:30:19","date_gmt":"2026-09-04T16:30:19","guid":{"rendered":"https:\/\/plumanegranoticias.com\/?p=15244"},"modified":"2026-09-04T10:30:19","modified_gmt":"2026-09-04T16:30:19","slug":"dante-delgado-sera-quien-articule-el-gran-frente-opositor-alito-es-un-impresentable-hector-yunes","status":"publish","type":"post","link":"https:\/\/plumanegranoticias.com\/?p=15244","title":{"rendered":"Dante Delgado ser\u00e1 quien articule el gran frente opositor, Alito es un impresentable: H\u00e9ctor Yunes"},"content":{"rendered":"\n<p class=\"wp-block-paragraph\"><\/p>\n\n\n\n<p class=\"wp-block-paragraph\">\u00c1ngeles Gonz\u00e1lez Ceballos<br>Xalapa, Ver. El diputado local independiente, H\u00e9ctor Yunes Landa, defini\u00f3 que el &#8220;gran frente opositor&#8221; no ser\u00e1 articulado por ning\u00fan otro actor pol\u00edtico de oposici\u00f3n m\u00e1s que Dante Delgado Rannauro, l\u00edder moral de Movimiento Ciudadano.<\/p>\n\n\n\n<p class=\"wp-block-paragraph\">En ese sentido, descart\u00f3 de forma tajante que el articulador del frente opositor vaya a ser el presidente del Comit\u00e9 Directivo Nacional del PRI, Alejandro Moreno.<\/p>\n\n\n\n<p class=\"wp-block-paragraph\">En entrevista, luego de montar guardia de honor en el monumento al Padre de la Patria, Miguel Hidalgo, expres\u00f3 &#8220;no hay que hacernos bolas&#8221;, ya que el \u00fanico que puede convocar a los actores pol\u00edticos de oposici\u00f3n como \u00e9l o Pepe Yunes del PRI, entre otros, es el exgobernador de Veracruz.<\/p>\n\n\n\n<p class=\"wp-block-paragraph\">&#8220;Ojal\u00e1 no se difundan vaciladas como esas, que no s\u00f3lo no se dieron, es imposible que se dieran&#8221;, manifest\u00f3 al referir que se public\u00f3 que comieron varios l\u00edderes entre esos Manlio Fabio Beltrones.<\/p>\n\n\n\n<p class=\"wp-block-paragraph\">&#8220;Esa versi\u00f3n se le ocurri\u00f3 a alguien que m\u00e1s bien debe de escribir novelas, no ser periodista, porque es una mentira, una vacilada. No hubo tal comida, no he ido, Manlio tampoco fue, Dante tampoco.<\/p>\n\n\n\n<p class=\"wp-block-paragraph\">\u00bfT\u00fa te imaginas que podamos coincidir en una misma reuni\u00f3n Manlio, Dante y un servidor, donde est\u00e9 Alito (Alejandro Moreno),?, es imposible, es una mentira absoluta&#8221;, sostuvo.<\/p>\n\n\n\n<p class=\"wp-block-paragraph\">Fue as\u00ed donde extern\u00f3 que seguramente se podr\u00e1 construir un gran frente opositor, pero el \u00fanico que no ser\u00e1 invitado ser\u00e1 el dirigente nacional del PRI, &#8220;porque es un impresentable&#8221;.<\/p>\n\n\n\n<p class=\"wp-block-paragraph\">Ah\u00ed, recrimin\u00f3 que hace unos d\u00edas vino al Estado para pedir que se construya un gran frente opositor, cuando todo mundo le ha dicho al l\u00edder del Tricolor que con \u00e9l no van &#8220;ni a la esquina&#8221;.<\/p>\n\n\n\n<p class=\"wp-block-paragraph\">H\u00e9ctor Yunes Landa opin\u00f3 que Dante Delgado es la figura m\u00e1s respetable de los liderazgos de oposici\u00f3n, adem\u00e1s de que es el \u00fanico que tiene capacidad de convocar a los dem\u00e1s.<\/p>\n\n\n\n<p class=\"wp-block-paragraph\">&#8220;Se llama Dante Delgado y lo digo como presidente de un partido en donde seguir\u00e9, es en el que milito (Alianza Generacional por Veracruz), es en la calle Estanzuela, en la Pomona, donde antes era el PRD&#8221; detall\u00f3.<\/p>\n","protected":false},"excerpt":{"rendered":"<p>\u00c1ngeles Gonz\u00e1lez CeballosXalapa, Ver. El diputado local independiente, H\u00e9ctor Yunes Landa, defini\u00f3 que el &#8220;gran frente opositor&#8221; no ser\u00e1 articulado por ning\u00fan otro actor pol\u00edtico de oposici\u00f3n m\u00e1s que Dante Delgado Rannauro, l\u00edder moral de Movimiento Ciudadano. En ese sentido, descart\u00f3 de forma tajante que el articulador del frente opositor vaya a ser el presidente&#8230; <\/p>\n<div class=\"clear\"><\/div>\n<p><a href=\"https:\/\/plumanegranoticias.com\/?p=15244\" class=\"excerpt-read-more\">Read More<i class=\"fa fa-caret-right icon-caret-right\"><\/i><\/a><\/p>\n","protected":false},"author":6,"featured_media":15243,"comment_status":"closed","ping_status":"open","sticky":false,"template":"","format":"standard","meta":{"om_disable_all_campaigns":false,"_monsterinsights_skip_tracking":false,"_uf_show_specific_survey":0,"_uf_disable_surveys":false,"footnotes":""},"categories":[1,16,8],"tags":[18,30,61],"class_list":["post-15244","post","type-post","status-publish","format-standard","has-post-thumbnail","hentry","category-blog","category-plumazos","category-politica","tag-noticia","tag-plumazos","tag-politica"],"aioseo_notices":[],"aioseo_head":"\n\t\t<!-- All in One SEO 5.0.0.1 - aioseo.com -->\n\t<meta name=\"description\" content=\"\u00c1ngeles Gonz\u00e1lez CeballosXalapa, Ver. El diputado local independiente, H\u00e9ctor Yunes Landa, defini\u00f3 que el &quot;gran frente opositor&quot; no ser\u00e1 articulado por ning\u00fan otro actor pol\u00edtico de oposici\u00f3n m\u00e1s que Dante Delgado Rannauro, l\u00edder moral de Movimiento Ciudadano. En ese sentido, descart\u00f3 de forma tajante que el articulador del frente opositor vaya a ser el presidente\" \/>\n\t<meta name=\"robots\" content=\"max-image-preview:large\" \/>\n\t<meta name=\"author\" content=\"Sergio Ricardo Alonso Carrizales\"\/>\n\t<link rel=\"canonical\" href=\"https:\/\/plumanegranoticias.com\/?p=15244\" \/>\n\t<meta name=\"generator\" content=\"All in One SEO (AIOSEO) 5.0.0.1\" \/>\n\t\t<meta property=\"og:locale\" content=\"es_MX\" \/>\n\t\t<meta property=\"og:site_name\" content=\"plumanegranoticias.com -\" \/>\n\t\t<meta property=\"og:type\" content=\"article\" \/>\n\t\t<meta property=\"og:title\" content=\"Dante Delgado ser\u00e1 quien articule el gran frente opositor, Alito es un impresentable: H\u00e9ctor Yunes - plumanegranoticias.com\" \/>\n\t\t<meta property=\"og:description\" content=\"\u00c1ngeles Gonz\u00e1lez CeballosXalapa, Ver. El diputado local independiente, H\u00e9ctor Yunes Landa, defini\u00f3 que el &quot;gran frente opositor&quot; no ser\u00e1 articulado por ning\u00fan otro actor pol\u00edtico de oposici\u00f3n m\u00e1s que Dante Delgado Rannauro, l\u00edder moral de Movimiento Ciudadano. En ese sentido, descart\u00f3 de forma tajante que el articulador del frente opositor vaya a ser el presidente\" \/>\n\t\t<meta property=\"og:url\" content=\"https:\/\/plumanegranoticias.com\/?p=15244\" \/>\n\t\t<meta property=\"article:published_time\" content=\"2026-09-04T16:30:19+00:00\" \/>\n\t\t<meta property=\"article:modified_time\" content=\"2026-09-04T16:30:19+00:00\" \/>\n\t\t<meta name=\"twitter:card\" content=\"summary_large_image\" \/>\n\t\t<meta name=\"twitter:title\" content=\"Dante Delgado ser\u00e1 quien articule el gran frente opositor, Alito es un impresentable: H\u00e9ctor Yunes - plumanegranoticias.com\" \/>\n\t\t<meta name=\"twitter:description\" content=\"\u00c1ngeles Gonz\u00e1lez CeballosXalapa, Ver. El diputado local independiente, H\u00e9ctor Yunes Landa, defini\u00f3 que el &quot;gran frente opositor&quot; no ser\u00e1 articulado por ning\u00fan otro actor pol\u00edtico de oposici\u00f3n m\u00e1s que Dante Delgado Rannauro, l\u00edder moral de Movimiento Ciudadano. En ese sentido, descart\u00f3 de forma tajante que el articulador del frente opositor vaya a ser el presidente\" \/>\n\t\t<script type=\"application\/ld+json\" class=\"aioseo-schema\">\n\t\t\t{\"@context\":\"https:\\\/\\\/schema.org\",\"@graph\":[{\"@type\":\"BlogPosting\",\"@id\":\"https:\\\/\\\/plumanegranoticias.com\\\/?p=15244#blogposting\",\"name\":\"Dante Delgado ser\\u00e1 quien articule el gran frente opositor, Alito es un impresentable: H\\u00e9ctor Yunes - plumanegranoticias.com\",\"headline\":\"Dante Delgado ser\\u00e1 quien articule el gran frente opositor, Alito es un impresentable: H\\u00e9ctor Yunes\",\"author\":{\"@id\":\"https:\\\/\\\/plumanegranoticias.com\\\/?author=6#author\"},\"publisher\":{\"@id\":\"https:\\\/\\\/plumanegranoticias.com\\\/#organization\"},\"image\":{\"@type\":\"ImageObject\",\"url\":\"https:\\\/\\\/plumanegranoticias.com\\\/wp-content\\\/uploads\\\/2026\\\/09\\\/23e02e8d-a20c-4c24-aa9b-4363ed8bd886.jpeg\",\"width\":1600,\"height\":1204},\"datePublished\":\"2026-09-04T10:30:19-06:00\",\"dateModified\":\"2026-09-04T10:30:19-06:00\",\"inLanguage\":\"es-MX\",\"mainEntityOfPage\":{\"@id\":\"https:\\\/\\\/plumanegranoticias.com\\\/?p=15244#webpage\"},\"isPartOf\":{\"@id\":\"https:\\\/\\\/plumanegranoticias.com\\\/?p=15244#webpage\"},\"articleSection\":\"Blog, Plumazos, Pol\\u00edtica, Noticia, Plumazos, Pol\\u00edtica\"},{\"@type\":\"BreadcrumbList\",\"@id\":\"https:\\\/\\\/plumanegranoticias.com\\\/?p=15244#breadcrumblist\",\"itemListElement\":[{\"@type\":\"ListItem\",\"@id\":\"https:\\\/\\\/plumanegranoticias.com#listItem\",\"position\":1,\"name\":\"Home\",\"item\":\"https:\\\/\\\/plumanegranoticias.com\",\"nextItem\":{\"@type\":\"ListItem\",\"@id\":\"https:\\\/\\\/plumanegranoticias.com\\\/?cat=1#listItem\",\"name\":\"Blog\"}},{\"@type\":\"ListItem\",\"@id\":\"https:\\\/\\\/plumanegranoticias.com\\\/?cat=1#listItem\",\"position\":2,\"name\":\"Blog\",\"item\":\"https:\\\/\\\/plumanegranoticias.com\\\/?cat=1\",\"nextItem\":{\"@type\":\"ListItem\",\"@id\":\"https:\\\/\\\/plumanegranoticias.com\\\/?p=15244#listItem\",\"name\":\"Dante Delgado ser\\u00e1 quien articule el gran frente opositor, Alito es un impresentable: H\\u00e9ctor Yunes\"},\"previousItem\":{\"@type\":\"ListItem\",\"@id\":\"https:\\\/\\\/plumanegranoticias.com#listItem\",\"name\":\"Home\"}},{\"@type\":\"ListItem\",\"@id\":\"https:\\\/\\\/plumanegranoticias.com\\\/?p=15244#listItem\",\"position\":3,\"name\":\"Dante Delgado ser\\u00e1 quien articule el gran frente opositor, Alito es un impresentable: H\\u00e9ctor Yunes\",\"previousItem\":{\"@type\":\"ListItem\",\"@id\":\"https:\\\/\\\/plumanegranoticias.com\\\/?cat=1#listItem\",\"name\":\"Blog\"}}]},{\"@type\":\"Organization\",\"@id\":\"https:\\\/\\\/plumanegranoticias.com\\\/#organization\",\"name\":\"plumanegranoticias.com\",\"url\":\"https:\\\/\\\/plumanegranoticias.com\\\/\"},{\"@type\":\"Person\",\"@id\":\"https:\\\/\\\/plumanegranoticias.com\\\/?author=6#author\",\"url\":\"https:\\\/\\\/plumanegranoticias.com\\\/?author=6\",\"name\":\"Sergio Ricardo Alonso Carrizales\",\"image\":{\"@type\":\"ImageObject\",\"@id\":\"https:\\\/\\\/plumanegranoticias.com\\\/?p=15244#authorImage\",\"url\":\"https:\\\/\\\/secure.gravatar.com\\\/avatar\\\/4a2109b4c1db10373767b38e9de5044c15288afe263d87faf7256dffb8a9285f?s=96&d=mm&r=g\",\"width\":96,\"height\":96,\"caption\":\"Sergio Ricardo Alonso Carrizales\"}},{\"@type\":\"WebPage\",\"@id\":\"https:\\\/\\\/plumanegranoticias.com\\\/?p=15244#webpage\",\"url\":\"https:\\\/\\\/plumanegranoticias.com\\\/?p=15244\",\"name\":\"Dante Delgado ser\\u00e1 quien articule el gran frente opositor, Alito es un impresentable: H\\u00e9ctor Yunes - plumanegranoticias.com\",\"description\":\"\\u00c1ngeles Gonz\\u00e1lez CeballosXalapa, Ver. El diputado local independiente, H\\u00e9ctor Yunes Landa, defini\\u00f3 que el \\\"gran frente opositor\\\" no ser\\u00e1 articulado por ning\\u00fan otro actor pol\\u00edtico de oposici\\u00f3n m\\u00e1s que Dante Delgado Rannauro, l\\u00edder moral de Movimiento Ciudadano. En ese sentido, descart\\u00f3 de forma tajante que el articulador del frente opositor vaya a ser el presidente\",\"inLanguage\":\"es-MX\",\"isPartOf\":{\"@id\":\"https:\\\/\\\/plumanegranoticias.com\\\/#website\"},\"breadcrumb\":{\"@id\":\"https:\\\/\\\/plumanegranoticias.com\\\/?p=15244#breadcrumblist\"},\"author\":{\"@id\":\"https:\\\/\\\/plumanegranoticias.com\\\/?author=6#author\"},\"creator\":{\"@id\":\"https:\\\/\\\/plumanegranoticias.com\\\/?author=6#author\"},\"image\":{\"@type\":\"ImageObject\",\"url\":\"https:\\\/\\\/plumanegranoticias.com\\\/wp-content\\\/uploads\\\/2026\\\/09\\\/23e02e8d-a20c-4c24-aa9b-4363ed8bd886.jpeg\",\"@id\":\"https:\\\/\\\/plumanegranoticias.com\\\/?p=15244\\\/#mainImage\",\"width\":1600,\"height\":1204},\"primaryImageOfPage\":{\"@id\":\"https:\\\/\\\/plumanegranoticias.com\\\/?p=15244#mainImage\"},\"datePublished\":\"2026-09-04T10:30:19-06:00\",\"dateModified\":\"2026-09-04T10:30:19-06:00\"},{\"@type\":\"WebSite\",\"@id\":\"https:\\\/\\\/plumanegranoticias.com\\\/#website\",\"url\":\"https:\\\/\\\/plumanegranoticias.com\\\/\",\"name\":\"plumanegranoticias.com\",\"inLanguage\":\"es-MX\",\"publisher\":{\"@id\":\"https:\\\/\\\/plumanegranoticias.com\\\/#organization\"}}]}\n\t\t<\/script>\n\t\t<!-- All in One SEO -->\n\n","aioseo_head_json":{"title":"Dante Delgado ser\u00e1 quien articule el gran frente opositor, Alito es un impresentable: H\u00e9ctor Yunes - plumanegranoticias.com","description":"\u00c1ngeles Gonz\u00e1lez CeballosXalapa, Ver. El diputado local independiente, H\u00e9ctor Yunes Landa, defini\u00f3 que el \"gran frente opositor\" no ser\u00e1 articulado por ning\u00fan otro actor pol\u00edtico de oposici\u00f3n m\u00e1s que Dante Delgado Rannauro, l\u00edder moral de Movimiento Ciudadano. En ese sentido, descart\u00f3 de forma tajante que el articulador del frente opositor vaya a ser el presidente","canonical_url":"https:\/\/plumanegranoticias.com\/?p=15244","robots":"max-image-preview:large","keywords":"","webmasterTools":{"miscellaneous":""},"schema":{"@context":"https:\/\/schema.org","@graph":[{"@type":"BlogPosting","@id":"https:\/\/plumanegranoticias.com\/?p=15244#blogposting","name":"Dante Delgado ser\u00e1 quien articule el gran frente opositor, Alito es un impresentable: H\u00e9ctor Yunes - plumanegranoticias.com","headline":"Dante Delgado ser\u00e1 quien articule el gran frente opositor, Alito es un impresentable: H\u00e9ctor Yunes","author":{"@id":"https:\/\/plumanegranoticias.com\/?author=6#author"},"publisher":{"@id":"https:\/\/plumanegranoticias.com\/#organization"},"image":{"@type":"ImageObject","url":"https:\/\/plumanegranoticias.com\/wp-content\/uploads\/2026\/09\/23e02e8d-a20c-4c24-aa9b-4363ed8bd886.jpeg","width":1600,"height":1204},"datePublished":"2026-09-04T10:30:19-06:00","dateModified":"2026-09-04T10:30:19-06:00","inLanguage":"es-MX","mainEntityOfPage":{"@id":"https:\/\/plumanegranoticias.com\/?p=15244#webpage"},"isPartOf":{"@id":"https:\/\/plumanegranoticias.com\/?p=15244#webpage"},"articleSection":"Blog, Plumazos, Pol\u00edtica, Noticia, Plumazos, Pol\u00edtica"},{"@type":"BreadcrumbList","@id":"https:\/\/plumanegranoticias.com\/?p=15244#breadcrumblist","itemListElement":[{"@type":"ListItem","@id":"https:\/\/plumanegranoticias.com#listItem","position":1,"name":"Home","item":"https:\/\/plumanegranoticias.com","nextItem":{"@type":"ListItem","@id":"https:\/\/plumanegranoticias.com\/?cat=1#listItem","name":"Blog"}},{"@type":"ListItem","@id":"https:\/\/plumanegranoticias.com\/?cat=1#listItem","position":2,"name":"Blog","item":"https:\/\/plumanegranoticias.com\/?cat=1","nextItem":{"@type":"ListItem","@id":"https:\/\/plumanegranoticias.com\/?p=15244#listItem","name":"Dante Delgado ser\u00e1 quien articule el gran frente opositor, Alito es un impresentable: H\u00e9ctor Yunes"},"previousItem":{"@type":"ListItem","@id":"https:\/\/plumanegranoticias.com#listItem","name":"Home"}},{"@type":"ListItem","@id":"https:\/\/plumanegranoticias.com\/?p=15244#listItem","position":3,"name":"Dante Delgado ser\u00e1 quien articule el gran frente opositor, Alito es un impresentable: H\u00e9ctor Yunes","previousItem":{"@type":"ListItem","@id":"https:\/\/plumanegranoticias.com\/?cat=1#listItem","name":"Blog"}}]},{"@type":"Organization","@id":"https:\/\/plumanegranoticias.com\/#organization","name":"plumanegranoticias.com","url":"https:\/\/plumanegranoticias.com\/"},{"@type":"Person","@id":"https:\/\/plumanegranoticias.com\/?author=6#author","url":"https:\/\/plumanegranoticias.com\/?author=6","name":"Sergio Ricardo Alonso Carrizales","image":{"@type":"ImageObject","@id":"https:\/\/plumanegranoticias.com\/?p=15244#authorImage","url":"https:\/\/secure.gravatar.com\/avatar\/4a2109b4c1db10373767b38e9de5044c15288afe263d87faf7256dffb8a9285f?s=96&d=mm&r=g","width":96,"height":96,"caption":"Sergio Ricardo Alonso Carrizales"}},{"@type":"WebPage","@id":"https:\/\/plumanegranoticias.com\/?p=15244#webpage","url":"https:\/\/plumanegranoticias.com\/?p=15244","name":"Dante Delgado ser\u00e1 quien articule el gran frente opositor, Alito es un impresentable: H\u00e9ctor Yunes - plumanegranoticias.com","description":"\u00c1ngeles Gonz\u00e1lez CeballosXalapa, Ver. El diputado local independiente, H\u00e9ctor Yunes Landa, defini\u00f3 que el \"gran frente opositor\" no ser\u00e1 articulado por ning\u00fan otro actor pol\u00edtico de oposici\u00f3n m\u00e1s que Dante Delgado Rannauro, l\u00edder moral de Movimiento Ciudadano. En ese sentido, descart\u00f3 de forma tajante que el articulador del frente opositor vaya a ser el presidente","inLanguage":"es-MX","isPartOf":{"@id":"https:\/\/plumanegranoticias.com\/#website"},"breadcrumb":{"@id":"https:\/\/plumanegranoticias.com\/?p=15244#breadcrumblist"},"author":{"@id":"https:\/\/plumanegranoticias.com\/?author=6#author"},"creator":{"@id":"https:\/\/plumanegranoticias.com\/?author=6#author"},"image":{"@type":"ImageObject","url":"https:\/\/plumanegranoticias.com\/wp-content\/uploads\/2026\/09\/23e02e8d-a20c-4c24-aa9b-4363ed8bd886.jpeg","@id":"https:\/\/plumanegranoticias.com\/?p=15244\/#mainImage","width":1600,"height":1204},"primaryImageOfPage":{"@id":"https:\/\/plumanegranoticias.com\/?p=15244#mainImage"},"datePublished":"2026-09-04T10:30:19-06:00","dateModified":"2026-09-04T10:30:19-06:00"},{"@type":"WebSite","@id":"https:\/\/plumanegranoticias.com\/#website","url":"https:\/\/plumanegranoticias.com\/","name":"plumanegranoticias.com","inLanguage":"es-MX","publisher":{"@id":"https:\/\/plumanegranoticias.com\/#organization"}}]},"og:locale":"es_MX","og:site_name":"plumanegranoticias.com -","og:type":"article","og:title":"Dante Delgado ser\u00e1 quien articule el gran frente opositor, Alito es un impresentable: H\u00e9ctor Yunes - plumanegranoticias.com","og:description":"\u00c1ngeles Gonz\u00e1lez CeballosXalapa, Ver. El diputado local independiente, H\u00e9ctor Yunes Landa, defini\u00f3 que el &quot;gran frente opositor&quot; no ser\u00e1 articulado por ning\u00fan otro actor pol\u00edtico de oposici\u00f3n m\u00e1s que Dante Delgado Rannauro, l\u00edder moral de Movimiento Ciudadano. En ese sentido, descart\u00f3 de forma tajante que el articulador del frente opositor vaya a ser el presidente","og:url":"https:\/\/plumanegranoticias.com\/?p=15244","article:published_time":"2026-09-04T16:30:19+00:00","article:modified_time":"2026-09-04T16:30:19+00:00","twitter:card":"summary_large_image","twitter:title":"Dante Delgado ser\u00e1 quien articule el gran frente opositor, Alito es un impresentable: H\u00e9ctor Yunes - plumanegranoticias.com","twitter:description":"\u00c1ngeles Gonz\u00e1lez CeballosXalapa, Ver. El diputado local independiente, H\u00e9ctor Yunes Landa, defini\u00f3 que el &quot;gran frente opositor&quot; no ser\u00e1 articulado por ning\u00fan otro actor pol\u00edtico de oposici\u00f3n m\u00e1s que Dante Delgado Rannauro, l\u00edder moral de Movimiento Ciudadano. En ese sentido, descart\u00f3 de forma tajante que el articulador del frente opositor vaya a ser el presidente"},"aioseo_meta_data":[],"aioseo_breadcrumb":"<div class=\"aioseo-breadcrumbs\"><span class=\"aioseo-breadcrumb\">\n\t\t\t<a href=\"https:\/\/plumanegranoticias.com\" title=\"Home\">Home<\/a>\n\t\t<\/span><span class=\"aioseo-breadcrumb-separator\">&raquo;<\/span><span class=\"aioseo-breadcrumb\">\n\t\t\t<a href=\"https:\/\/plumanegranoticias.com\/?cat=1\" title=\"Blog\">Blog<\/a>\n\t\t<\/span><span class=\"aioseo-breadcrumb-separator\">&raquo;<\/span><span class=\"aioseo-breadcrumb\">\n\t\t\tDante Delgado ser\u00e1 quien articule el gran frente opositor, Alito es un impresentable: H\u00e9ctor Yunes\n\t\t<\/span><\/div>","aioseo_breadcrumb_json":[{"label":"Home","link":"https:\/\/plumanegranoticias.com"},{"label":"Blog","link":"https:\/\/plumanegranoticias.com\/?cat=1"},{"label":"Dante Delgado ser\u00e1 quien articule el gran frente opositor, Alito es un impresentable: H\u00e9ctor Yunes","link":"https:\/\/plumanegranoticias.com\/?p=15244"}],"_links":{"self":[{"href":"https:\/\/plumanegranoticias.com\/index.php?rest_route=\/wp\/v2\/posts\/15244","targetHints":{"allow":["GET"]}}],"collection":[{"href":"https:\/\/plumanegranoticias.com\/index.php?rest_route=\/wp\/v2\/posts"}],"about":[{"href":"https:\/\/plumanegranoticias.com\/index.php?rest_route=\/wp\/v2\/types\/post"}],"author":[{"embeddable":true,"href":"https:\/\/plumanegranoticias.com\/index.php?rest_route=\/wp\/v2\/users\/6"}],"replies":[{"embeddable":true,"href":"https:\/\/plumanegranoticias.com\/index.php?rest_route=%2Fwp%2Fv2%2Fcomments&post=15244"}],"version-history":[{"count":1,"href":"https:\/\/plumanegranoticias.com\/index.php?rest_route=\/wp\/v2\/posts\/15244\/revisions"}],"predecessor-version":[{"id":15245,"href":"https:\/\/plumanegranoticias.com\/index.php?rest_route=\/wp\/v2\/posts\/15244\/revisions\/15245"}],"wp:featuredmedia":[{"embeddable":true,"href":"https:\/\/plumanegranoticias.com\/index.php?rest_route=\/wp\/v2\/media\/15243"}],"wp:attachment":[{"href":"https:\/\/plumanegranoticias.com\/index.php?rest_route=%2Fwp%2Fv2%2Fmedia&parent=15244"}],"wp:term":[{"taxonomy":"category","embeddable":true,"href":"https:\/\/plumanegranoticias.com\/index.php?rest_route=%2Fwp%2Fv2%2Fcategories&post=15244"},{"taxonomy":"post_tag","embeddable":true,"href":"https:\/\/plumanegranoticias.com\/index.php?rest_route=%2Fwp%2Fv2%2Ftags&post=15244"}],"curies":[{"name":"wp","href":"https:\/\/api.w.org\/{rel}","templated":true}]}}