{"id":15250,"date":"2026-09-04T12:32:27","date_gmt":"2026-09-04T18:32:27","guid":{"rendered":"https:\/\/plumanegranoticias.com\/?p=15250"},"modified":"2026-09-04T12:32:27","modified_gmt":"2026-09-04T18:32:27","slug":"asesinan-al-diputado-federal-de-morena-zenyazen-escobar-en-cardel","status":"publish","type":"post","link":"https:\/\/plumanegranoticias.com\/?p=15250","title":{"rendered":"Asesinan al diputado federal de Morena Zenyazen Escobar en Cardel"},"content":{"rendered":"\n<p class=\"wp-block-paragraph\">Emiliano Zapata, Ver., El diputado federal de Morena por el Distrito de C\u00f3rdoba, Zenyazen Roberto Escobar Garc\u00eda fue asesinado en la autopista Xalapa-Veracruz a la altura de la comunidad de Chichicaxtle del municipio de Emiliano Zapata.<br>El diputado federal ha sido pol\u00e9mico en sus diferentes cargos p\u00fablicos, en la c\u00e1mara de diputados ret\u00f3 a golpes a un diputado del PRI en meses pasados.<br>Antes de ser diputado federal fue secretario de Educaci\u00f3n de Veracruz en el gobierno de Cuitl\u00e1huac Garc\u00eda Jim\u00e9nez y diputado local en el Congreso de Veracruz.<br>Tambi\u00e9n ha sido criticado por su pasado en el que fue striper en un centro nocturno y fue encarcelado por toma de la caseta de peaje de Fort\u00edn en los inicios del movimiento de Morena.<\/p>\n\n\n\n<p class=\"wp-block-paragraph\"><\/p>\n","protected":false},"excerpt":{"rendered":"<p>Emiliano Zapata, Ver., El diputado federal de Morena por el Distrito de C\u00f3rdoba, Zenyazen Roberto Escobar Garc\u00eda fue asesinado en la autopista Xalapa-Veracruz a la altura de la comunidad de Chichicaxtle del municipio de Emiliano Zapata.El diputado federal ha sido pol\u00e9mico en sus diferentes cargos p\u00fablicos, en la c\u00e1mara de diputados ret\u00f3 a golpes a&#8230; <\/p>\n<div class=\"clear\"><\/div>\n<p><a href=\"https:\/\/plumanegranoticias.com\/?p=15250\" class=\"excerpt-read-more\">Read More<i class=\"fa fa-caret-right icon-caret-right\"><\/i><\/a><\/p>\n","protected":false},"author":6,"featured_media":15249,"comment_status":"closed","ping_status":"open","sticky":false,"template":"","format":"standard","meta":{"om_disable_all_campaigns":false,"_monsterinsights_skip_tracking":false,"_uf_show_specific_survey":0,"_uf_disable_surveys":false,"footnotes":""},"categories":[1,13,16,67],"tags":[22,18,30,34,61],"class_list":["post-15250","post","type-post","status-publish","format-standard","has-post-thumbnail","hentry","category-blog","category-nota-roja","category-plumazos","category-policiaca","tag-nota-roja","tag-noticia","tag-plumazos","tag-policiaca","tag-politica"],"aioseo_notices":[],"aioseo_head":"\n\t\t<!-- All in One SEO 5.0.0.1 - aioseo.com -->\n\t<meta name=\"description\" content=\"Emiliano Zapata, Ver., El diputado federal de Morena por el Distrito de C\u00f3rdoba, Zenyazen Roberto Escobar Garc\u00eda fue asesinado en la autopista Xalapa-Veracruz a la altura de la comunidad de Chichicaxtle del municipio de Emiliano Zapata.El diputado federal ha sido pol\u00e9mico en sus diferentes cargos p\u00fablicos, en la c\u00e1mara de diputados ret\u00f3 a golpes a\" \/>\n\t<meta name=\"robots\" content=\"max-image-preview:large\" \/>\n\t<meta name=\"author\" content=\"Sergio Ricardo Alonso Carrizales\"\/>\n\t<link rel=\"canonical\" href=\"https:\/\/plumanegranoticias.com\/?p=15250\" \/>\n\t<meta name=\"generator\" content=\"All in One SEO (AIOSEO) 5.0.0.1\" \/>\n\t\t<meta property=\"og:locale\" content=\"es_MX\" \/>\n\t\t<meta property=\"og:site_name\" content=\"plumanegranoticias.com -\" \/>\n\t\t<meta property=\"og:type\" content=\"article\" \/>\n\t\t<meta property=\"og:title\" content=\"Asesinan al diputado federal de Morena Zenyazen Escobar en Cardel - plumanegranoticias.com\" \/>\n\t\t<meta property=\"og:description\" content=\"Emiliano Zapata, Ver., El diputado federal de Morena por el Distrito de C\u00f3rdoba, Zenyazen Roberto Escobar Garc\u00eda fue asesinado en la autopista Xalapa-Veracruz a la altura de la comunidad de Chichicaxtle del municipio de Emiliano Zapata.El diputado federal ha sido pol\u00e9mico en sus diferentes cargos p\u00fablicos, en la c\u00e1mara de diputados ret\u00f3 a golpes a\" \/>\n\t\t<meta property=\"og:url\" content=\"https:\/\/plumanegranoticias.com\/?p=15250\" \/>\n\t\t<meta property=\"article:published_time\" content=\"2026-09-04T18:32:27+00:00\" \/>\n\t\t<meta property=\"article:modified_time\" content=\"2026-09-04T18:32:27+00:00\" \/>\n\t\t<meta name=\"twitter:card\" content=\"summary_large_image\" \/>\n\t\t<meta name=\"twitter:title\" content=\"Asesinan al diputado federal de Morena Zenyazen Escobar en Cardel - plumanegranoticias.com\" \/>\n\t\t<meta name=\"twitter:description\" content=\"Emiliano Zapata, Ver., El diputado federal de Morena por el Distrito de C\u00f3rdoba, Zenyazen Roberto Escobar Garc\u00eda fue asesinado en la autopista Xalapa-Veracruz a la altura de la comunidad de Chichicaxtle del municipio de Emiliano Zapata.El diputado federal ha sido pol\u00e9mico en sus diferentes cargos p\u00fablicos, en la c\u00e1mara de diputados ret\u00f3 a golpes a\" \/>\n\t\t<script type=\"application\/ld+json\" class=\"aioseo-schema\">\n\t\t\t{\"@context\":\"https:\\\/\\\/schema.org\",\"@graph\":[{\"@type\":\"BlogPosting\",\"@id\":\"https:\\\/\\\/plumanegranoticias.com\\\/?p=15250#blogposting\",\"name\":\"Asesinan al diputado federal de Morena Zenyazen Escobar en Cardel - plumanegranoticias.com\",\"headline\":\"Asesinan al diputado federal de Morena Zenyazen Escobar en Cardel\",\"author\":{\"@id\":\"https:\\\/\\\/plumanegranoticias.com\\\/?author=6#author\"},\"publisher\":{\"@id\":\"https:\\\/\\\/plumanegranoticias.com\\\/#organization\"},\"image\":{\"@type\":\"ImageObject\",\"url\":\"https:\\\/\\\/plumanegranoticias.com\\\/wp-content\\\/uploads\\\/2026\\\/09\\\/d0039222-39a0-4636-87d7-f2ddee950414.jpeg\",\"width\":762,\"height\":821},\"datePublished\":\"2026-09-04T12:32:27-06:00\",\"dateModified\":\"2026-09-04T12:32:27-06:00\",\"inLanguage\":\"es-MX\",\"mainEntityOfPage\":{\"@id\":\"https:\\\/\\\/plumanegranoticias.com\\\/?p=15250#webpage\"},\"isPartOf\":{\"@id\":\"https:\\\/\\\/plumanegranoticias.com\\\/?p=15250#webpage\"},\"articleSection\":\"Blog, Nota Roja, Plumazos, policiaca, Nota Roja, Noticia, Plumazos, Policiaca, Pol\\u00edtica\"},{\"@type\":\"BreadcrumbList\",\"@id\":\"https:\\\/\\\/plumanegranoticias.com\\\/?p=15250#breadcrumblist\",\"itemListElement\":[{\"@type\":\"ListItem\",\"@id\":\"https:\\\/\\\/plumanegranoticias.com#listItem\",\"position\":1,\"name\":\"Home\",\"item\":\"https:\\\/\\\/plumanegranoticias.com\",\"nextItem\":{\"@type\":\"ListItem\",\"@id\":\"https:\\\/\\\/plumanegranoticias.com\\\/?cat=1#listItem\",\"name\":\"Blog\"}},{\"@type\":\"ListItem\",\"@id\":\"https:\\\/\\\/plumanegranoticias.com\\\/?cat=1#listItem\",\"position\":2,\"name\":\"Blog\",\"item\":\"https:\\\/\\\/plumanegranoticias.com\\\/?cat=1\",\"nextItem\":{\"@type\":\"ListItem\",\"@id\":\"https:\\\/\\\/plumanegranoticias.com\\\/?p=15250#listItem\",\"name\":\"Asesinan al diputado federal de Morena Zenyazen Escobar en Cardel\"},\"previousItem\":{\"@type\":\"ListItem\",\"@id\":\"https:\\\/\\\/plumanegranoticias.com#listItem\",\"name\":\"Home\"}},{\"@type\":\"ListItem\",\"@id\":\"https:\\\/\\\/plumanegranoticias.com\\\/?p=15250#listItem\",\"position\":3,\"name\":\"Asesinan al diputado federal de Morena Zenyazen Escobar en Cardel\",\"previousItem\":{\"@type\":\"ListItem\",\"@id\":\"https:\\\/\\\/plumanegranoticias.com\\\/?cat=1#listItem\",\"name\":\"Blog\"}}]},{\"@type\":\"Organization\",\"@id\":\"https:\\\/\\\/plumanegranoticias.com\\\/#organization\",\"name\":\"plumanegranoticias.com\",\"url\":\"https:\\\/\\\/plumanegranoticias.com\\\/\"},{\"@type\":\"Person\",\"@id\":\"https:\\\/\\\/plumanegranoticias.com\\\/?author=6#author\",\"url\":\"https:\\\/\\\/plumanegranoticias.com\\\/?author=6\",\"name\":\"Sergio Ricardo Alonso Carrizales\",\"image\":{\"@type\":\"ImageObject\",\"@id\":\"https:\\\/\\\/plumanegranoticias.com\\\/?p=15250#authorImage\",\"url\":\"https:\\\/\\\/secure.gravatar.com\\\/avatar\\\/4a2109b4c1db10373767b38e9de5044c15288afe263d87faf7256dffb8a9285f?s=96&d=mm&r=g\",\"width\":96,\"height\":96,\"caption\":\"Sergio Ricardo Alonso Carrizales\"}},{\"@type\":\"WebPage\",\"@id\":\"https:\\\/\\\/plumanegranoticias.com\\\/?p=15250#webpage\",\"url\":\"https:\\\/\\\/plumanegranoticias.com\\\/?p=15250\",\"name\":\"Asesinan al diputado federal de Morena Zenyazen Escobar en Cardel - plumanegranoticias.com\",\"description\":\"Emiliano Zapata, Ver., El diputado federal de Morena por el Distrito de C\\u00f3rdoba, Zenyazen Roberto Escobar Garc\\u00eda fue asesinado en la autopista Xalapa-Veracruz a la altura de la comunidad de Chichicaxtle del municipio de Emiliano Zapata.El diputado federal ha sido pol\\u00e9mico en sus diferentes cargos p\\u00fablicos, en la c\\u00e1mara de diputados ret\\u00f3 a golpes a\",\"inLanguage\":\"es-MX\",\"isPartOf\":{\"@id\":\"https:\\\/\\\/plumanegranoticias.com\\\/#website\"},\"breadcrumb\":{\"@id\":\"https:\\\/\\\/plumanegranoticias.com\\\/?p=15250#breadcrumblist\"},\"author\":{\"@id\":\"https:\\\/\\\/plumanegranoticias.com\\\/?author=6#author\"},\"creator\":{\"@id\":\"https:\\\/\\\/plumanegranoticias.com\\\/?author=6#author\"},\"image\":{\"@type\":\"ImageObject\",\"url\":\"https:\\\/\\\/plumanegranoticias.com\\\/wp-content\\\/uploads\\\/2026\\\/09\\\/d0039222-39a0-4636-87d7-f2ddee950414.jpeg\",\"@id\":\"https:\\\/\\\/plumanegranoticias.com\\\/?p=15250\\\/#mainImage\",\"width\":762,\"height\":821},\"primaryImageOfPage\":{\"@id\":\"https:\\\/\\\/plumanegranoticias.com\\\/?p=15250#mainImage\"},\"datePublished\":\"2026-09-04T12:32:27-06:00\",\"dateModified\":\"2026-09-04T12:32:27-06:00\"},{\"@type\":\"WebSite\",\"@id\":\"https:\\\/\\\/plumanegranoticias.com\\\/#website\",\"url\":\"https:\\\/\\\/plumanegranoticias.com\\\/\",\"name\":\"plumanegranoticias.com\",\"inLanguage\":\"es-MX\",\"publisher\":{\"@id\":\"https:\\\/\\\/plumanegranoticias.com\\\/#organization\"}}]}\n\t\t<\/script>\n\t\t<!-- All in One SEO -->\n\n","aioseo_head_json":{"title":"Asesinan al diputado federal de Morena Zenyazen Escobar en Cardel - plumanegranoticias.com","description":"Emiliano Zapata, Ver., El diputado federal de Morena por el Distrito de C\u00f3rdoba, Zenyazen Roberto Escobar Garc\u00eda fue asesinado en la autopista Xalapa-Veracruz a la altura de la comunidad de Chichicaxtle del municipio de Emiliano Zapata.El diputado federal ha sido pol\u00e9mico en sus diferentes cargos p\u00fablicos, en la c\u00e1mara de diputados ret\u00f3 a golpes a","canonical_url":"https:\/\/plumanegranoticias.com\/?p=15250","robots":"max-image-preview:large","keywords":"","webmasterTools":{"miscellaneous":""},"schema":{"@context":"https:\/\/schema.org","@graph":[{"@type":"BlogPosting","@id":"https:\/\/plumanegranoticias.com\/?p=15250#blogposting","name":"Asesinan al diputado federal de Morena Zenyazen Escobar en Cardel - plumanegranoticias.com","headline":"Asesinan al diputado federal de Morena Zenyazen Escobar en Cardel","author":{"@id":"https:\/\/plumanegranoticias.com\/?author=6#author"},"publisher":{"@id":"https:\/\/plumanegranoticias.com\/#organization"},"image":{"@type":"ImageObject","url":"https:\/\/plumanegranoticias.com\/wp-content\/uploads\/2026\/09\/d0039222-39a0-4636-87d7-f2ddee950414.jpeg","width":762,"height":821},"datePublished":"2026-09-04T12:32:27-06:00","dateModified":"2026-09-04T12:32:27-06:00","inLanguage":"es-MX","mainEntityOfPage":{"@id":"https:\/\/plumanegranoticias.com\/?p=15250#webpage"},"isPartOf":{"@id":"https:\/\/plumanegranoticias.com\/?p=15250#webpage"},"articleSection":"Blog, Nota Roja, Plumazos, policiaca, Nota Roja, Noticia, Plumazos, Policiaca, Pol\u00edtica"},{"@type":"BreadcrumbList","@id":"https:\/\/plumanegranoticias.com\/?p=15250#breadcrumblist","itemListElement":[{"@type":"ListItem","@id":"https:\/\/plumanegranoticias.com#listItem","position":1,"name":"Home","item":"https:\/\/plumanegranoticias.com","nextItem":{"@type":"ListItem","@id":"https:\/\/plumanegranoticias.com\/?cat=1#listItem","name":"Blog"}},{"@type":"ListItem","@id":"https:\/\/plumanegranoticias.com\/?cat=1#listItem","position":2,"name":"Blog","item":"https:\/\/plumanegranoticias.com\/?cat=1","nextItem":{"@type":"ListItem","@id":"https:\/\/plumanegranoticias.com\/?p=15250#listItem","name":"Asesinan al diputado federal de Morena Zenyazen Escobar en Cardel"},"previousItem":{"@type":"ListItem","@id":"https:\/\/plumanegranoticias.com#listItem","name":"Home"}},{"@type":"ListItem","@id":"https:\/\/plumanegranoticias.com\/?p=15250#listItem","position":3,"name":"Asesinan al diputado federal de Morena Zenyazen Escobar en Cardel","previousItem":{"@type":"ListItem","@id":"https:\/\/plumanegranoticias.com\/?cat=1#listItem","name":"Blog"}}]},{"@type":"Organization","@id":"https:\/\/plumanegranoticias.com\/#organization","name":"plumanegranoticias.com","url":"https:\/\/plumanegranoticias.com\/"},{"@type":"Person","@id":"https:\/\/plumanegranoticias.com\/?author=6#author","url":"https:\/\/plumanegranoticias.com\/?author=6","name":"Sergio Ricardo Alonso Carrizales","image":{"@type":"ImageObject","@id":"https:\/\/plumanegranoticias.com\/?p=15250#authorImage","url":"https:\/\/secure.gravatar.com\/avatar\/4a2109b4c1db10373767b38e9de5044c15288afe263d87faf7256dffb8a9285f?s=96&d=mm&r=g","width":96,"height":96,"caption":"Sergio Ricardo Alonso Carrizales"}},{"@type":"WebPage","@id":"https:\/\/plumanegranoticias.com\/?p=15250#webpage","url":"https:\/\/plumanegranoticias.com\/?p=15250","name":"Asesinan al diputado federal de Morena Zenyazen Escobar en Cardel - plumanegranoticias.com","description":"Emiliano Zapata, Ver., El diputado federal de Morena por el Distrito de C\u00f3rdoba, Zenyazen Roberto Escobar Garc\u00eda fue asesinado en la autopista Xalapa-Veracruz a la altura de la comunidad de Chichicaxtle del municipio de Emiliano Zapata.El diputado federal ha sido pol\u00e9mico en sus diferentes cargos p\u00fablicos, en la c\u00e1mara de diputados ret\u00f3 a golpes a","inLanguage":"es-MX","isPartOf":{"@id":"https:\/\/plumanegranoticias.com\/#website"},"breadcrumb":{"@id":"https:\/\/plumanegranoticias.com\/?p=15250#breadcrumblist"},"author":{"@id":"https:\/\/plumanegranoticias.com\/?author=6#author"},"creator":{"@id":"https:\/\/plumanegranoticias.com\/?author=6#author"},"image":{"@type":"ImageObject","url":"https:\/\/plumanegranoticias.com\/wp-content\/uploads\/2026\/09\/d0039222-39a0-4636-87d7-f2ddee950414.jpeg","@id":"https:\/\/plumanegranoticias.com\/?p=15250\/#mainImage","width":762,"height":821},"primaryImageOfPage":{"@id":"https:\/\/plumanegranoticias.com\/?p=15250#mainImage"},"datePublished":"2026-09-04T12:32:27-06:00","dateModified":"2026-09-04T12:32:27-06:00"},{"@type":"WebSite","@id":"https:\/\/plumanegranoticias.com\/#website","url":"https:\/\/plumanegranoticias.com\/","name":"plumanegranoticias.com","inLanguage":"es-MX","publisher":{"@id":"https:\/\/plumanegranoticias.com\/#organization"}}]},"og:locale":"es_MX","og:site_name":"plumanegranoticias.com -","og:type":"article","og:title":"Asesinan al diputado federal de Morena Zenyazen Escobar en Cardel - plumanegranoticias.com","og:description":"Emiliano Zapata, Ver., El diputado federal de Morena por el Distrito de C\u00f3rdoba, Zenyazen Roberto Escobar Garc\u00eda fue asesinado en la autopista Xalapa-Veracruz a la altura de la comunidad de Chichicaxtle del municipio de Emiliano Zapata.El diputado federal ha sido pol\u00e9mico en sus diferentes cargos p\u00fablicos, en la c\u00e1mara de diputados ret\u00f3 a golpes a","og:url":"https:\/\/plumanegranoticias.com\/?p=15250","article:published_time":"2026-09-04T18:32:27+00:00","article:modified_time":"2026-09-04T18:32:27+00:00","twitter:card":"summary_large_image","twitter:title":"Asesinan al diputado federal de Morena Zenyazen Escobar en Cardel - plumanegranoticias.com","twitter:description":"Emiliano Zapata, Ver., El diputado federal de Morena por el Distrito de C\u00f3rdoba, Zenyazen Roberto Escobar Garc\u00eda fue asesinado en la autopista Xalapa-Veracruz a la altura de la comunidad de Chichicaxtle del municipio de Emiliano Zapata.El diputado federal ha sido pol\u00e9mico en sus diferentes cargos p\u00fablicos, en la c\u00e1mara de diputados ret\u00f3 a golpes a"},"aioseo_meta_data":[],"aioseo_breadcrumb":"<div class=\"aioseo-breadcrumbs\"><span class=\"aioseo-breadcrumb\">\n\t\t\t<a href=\"https:\/\/plumanegranoticias.com\" title=\"Home\">Home<\/a>\n\t\t<\/span><span class=\"aioseo-breadcrumb-separator\">&raquo;<\/span><span class=\"aioseo-breadcrumb\">\n\t\t\t<a href=\"https:\/\/plumanegranoticias.com\/?cat=1\" title=\"Blog\">Blog<\/a>\n\t\t<\/span><span class=\"aioseo-breadcrumb-separator\">&raquo;<\/span><span class=\"aioseo-breadcrumb\">\n\t\t\tAsesinan al diputado federal de Morena Zenyazen Escobar en Cardel\n\t\t<\/span><\/div>","aioseo_breadcrumb_json":[{"label":"Home","link":"https:\/\/plumanegranoticias.com"},{"label":"Blog","link":"https:\/\/plumanegranoticias.com\/?cat=1"},{"label":"Asesinan al diputado federal de Morena Zenyazen Escobar en Cardel","link":"https:\/\/plumanegranoticias.com\/?p=15250"}],"_links":{"self":[{"href":"https:\/\/plumanegranoticias.com\/index.php?rest_route=\/wp\/v2\/posts\/15250","targetHints":{"allow":["GET"]}}],"collection":[{"href":"https:\/\/plumanegranoticias.com\/index.php?rest_route=\/wp\/v2\/posts"}],"about":[{"href":"https:\/\/plumanegranoticias.com\/index.php?rest_route=\/wp\/v2\/types\/post"}],"author":[{"embeddable":true,"href":"https:\/\/plumanegranoticias.com\/index.php?rest_route=\/wp\/v2\/users\/6"}],"replies":[{"embeddable":true,"href":"https:\/\/plumanegranoticias.com\/index.php?rest_route=%2Fwp%2Fv2%2Fcomments&post=15250"}],"version-history":[{"count":1,"href":"https:\/\/plumanegranoticias.com\/index.php?rest_route=\/wp\/v2\/posts\/15250\/revisions"}],"predecessor-version":[{"id":15251,"href":"https:\/\/plumanegranoticias.com\/index.php?rest_route=\/wp\/v2\/posts\/15250\/revisions\/15251"}],"wp:featuredmedia":[{"embeddable":true,"href":"https:\/\/plumanegranoticias.com\/index.php?rest_route=\/wp\/v2\/media\/15249"}],"wp:attachment":[{"href":"https:\/\/plumanegranoticias.com\/index.php?rest_route=%2Fwp%2Fv2%2Fmedia&parent=15250"}],"wp:term":[{"taxonomy":"category","embeddable":true,"href":"https:\/\/plumanegranoticias.com\/index.php?rest_route=%2Fwp%2Fv2%2Fcategories&post=15250"},{"taxonomy":"post_tag","embeddable":true,"href":"https:\/\/plumanegranoticias.com\/index.php?rest_route=%2Fwp%2Fv2%2Ftags&post=15250"}],"curies":[{"name":"wp","href":"https:\/\/api.w.org\/{rel}","templated":true}]}}