{"id":3820,"date":"2024-04-03T19:41:00","date_gmt":"2024-04-03T19:41:00","guid":{"rendered":"http:\/\/themes.goodlayers.com\/urbanmag\/urbanmag-style-1\/?p=3820"},"modified":"2024-04-09T01:42:38","modified_gmt":"2024-04-09T01:42:38","slug":"euismod-porta-cras-tellus-inceptos","status":"publish","type":"post","link":"https:\/\/plumanegranoticias.com\/?p=3820","title":{"rendered":"Ante problemas en recolecci\u00f3n de basura ciudadanos tiran desecho en Palacio Municipal de Manlio Fabio Altamirano"},"content":{"rendered":"<div class=\"xdj266r x11i5rnm xat24cr x1mh8g0r x1vvkbs x126k92a\">\n<h4 dir=\"auto\">Alejandro \u00c1vila<\/h4>\n<p dir=\"auto\">Manlio Fabio Altamirano, Veracruz.<\/p>\n<p dir=\"auto\">Molestos por los problemas de recolecci\u00f3n de basura, ciudadanos de Manlio Fabio Altamirano decidieron ir a tirar sus desechos cerca del Palacio Municipal.<\/p>\n<\/div>\n<div class=\"x11i5rnm xat24cr x1mh8g0r x1vvkbs xtlvy1s x126k92a\">\n<p dir=\"auto\">Los afectados se\u00f1alan que desde hace m\u00e1s de 15 d\u00edas se ha dejado de recolectar la basura de manera peri\u00f3dica, situaci\u00f3n que ha creado focos de infecci\u00f3n en diversos puntos de la ciudad; aunado a ello, las altas temperaturas han provocado olores f\u00e9tidos por las calles.<\/p>\n<\/div>\n<div class=\"clear\"><\/div><div class=\"gdlr-space\" style=\"margin-top: 35px;\"><\/div>\n<div class=\"gdlr-shortcode-wrapper\"><div class=\"gdlr-gallery-item gdlr-item\" ><div class=\"gallery-column one-fifth column\"><div class=\"gallery-item\"><a href=\"https:\/\/plumanegranoticias.com\/wp-content\/uploads\/2015\/01\/432940948_444060901517391_2940148641508237308_n.jpg\" data-fancybox-group=\"gdlr-gal-1\" data-rel=\"fancybox\" ><img loading=\"lazy\" decoding=\"async\" src=\"https:\/\/plumanegranoticias.com\/wp-content\/uploads\/2015\/01\/432940948_444060901517391_2940148641508237308_n-150x150.jpg\" alt=\"\" width=\"150\" height=\"150\" \/><\/a><span class=\"gallery-caption\"><\/span><\/div><\/div><div class=\"gallery-column one-fifth column\"><div class=\"gallery-item\"><a href=\"https:\/\/plumanegranoticias.com\/wp-content\/uploads\/2015\/01\/434861658_444060921517389_3405414742219335243_n.jpg\" data-fancybox-group=\"gdlr-gal-1\" data-rel=\"fancybox\" ><img loading=\"lazy\" decoding=\"async\" src=\"https:\/\/plumanegranoticias.com\/wp-content\/uploads\/2015\/01\/434861658_444060921517389_3405414742219335243_n-150x150.jpg\" alt=\"\" width=\"150\" height=\"150\" \/><\/a><span class=\"gallery-caption\"><\/span><\/div><\/div><div class=\"clear\"><\/div><\/div><\/div>\n<div class=\"clear\"><\/div><div class=\"gdlr-space\" style=\"margin-top: 20px;\"><\/div>\n<p><span style=\"font-size: revert;\">Los habitantes denuncian que la alcaldesa Ana Arrieta, al parecer, ha optado por ignorar las demandas de la comunidad, y acusan su ausencia constante en el Ayuntamiento. Esta negligencia por parte de las autoridades locales ha generado un profundo malestar entre los residentes, quienes se sienten abandonados y desprotegidos.<\/span><\/p>\n<div class=\"x11i5rnm xat24cr x1mh8g0r x1vvkbs xtlvy1s x126k92a\">\n<p dir=\"auto\">El abandono y desidia por parte de las autoridades locales no es nueva en el municipio de Manlio Fabio Altamirano, conocido popularmente como &#8220;Purga&#8221;. La administraci\u00f3n representada por la alcaldesa Ana Arrieta, parece incapaz de atender las necesidades b\u00e1sicas de la poblaci\u00f3n, ya que denuncian que solo tienen un carro recolector que se encuentra en p\u00e9simo estado para brindar el servicio para un municipio con m\u00e1s de 70 comunidades.<\/p>\n<\/div>\n","protected":false},"excerpt":{"rendered":"<p>Alejandro \u00c1vila Manlio Fabio Altamirano, Veracruz. Molestos por los problemas de recolecci\u00f3n de basura, ciudadanos de Manlio Fabio Altamirano decidieron ir a tirar sus desechos cerca del Palacio Municipal. Los afectados se\u00f1alan que desde hace m\u00e1s de 15 d\u00edas se ha dejado de recolectar la basura de manera peri\u00f3dica, situaci\u00f3n que ha creado focos de&#8230; <\/p>\n<div class=\"clear\"><\/div>\n<p><a href=\"https:\/\/plumanegranoticias.com\/?p=3820\" class=\"excerpt-read-more\">Read More<i class=\"fa fa-caret-right icon-caret-right\"><\/i><\/a><\/p>\n","protected":false},"author":1,"featured_media":4641,"comment_status":"open","ping_status":"open","sticky":false,"template":"","format":"standard","meta":{"om_disable_all_campaigns":false,"_monsterinsights_skip_tracking":false,"_monsterinsights_sitenote_active":false,"_monsterinsights_sitenote_note":"","_monsterinsights_sitenote_category":0,"_uf_show_specific_survey":0,"_uf_disable_surveys":false,"footnotes":""},"categories":[12,11,10],"tags":[19,31,25],"class_list":["post-3820","post","type-post","status-publish","format-standard","has-post-thumbnail","hentry","category-regional","category-reporte-ciudadano","category-sociales","tag-regional","tag-reporte-ciudadano","tag-sociales"],"aioseo_notices":[],"_links":{"self":[{"href":"https:\/\/plumanegranoticias.com\/index.php?rest_route=\/wp\/v2\/posts\/3820","targetHints":{"allow":["GET"]}}],"collection":[{"href":"https:\/\/plumanegranoticias.com\/index.php?rest_route=\/wp\/v2\/posts"}],"about":[{"href":"https:\/\/plumanegranoticias.com\/index.php?rest_route=\/wp\/v2\/types\/post"}],"author":[{"embeddable":true,"href":"https:\/\/plumanegranoticias.com\/index.php?rest_route=\/wp\/v2\/users\/1"}],"replies":[{"embeddable":true,"href":"https:\/\/plumanegranoticias.com\/index.php?rest_route=%2Fwp%2Fv2%2Fcomments&post=3820"}],"version-history":[{"count":2,"href":"https:\/\/plumanegranoticias.com\/index.php?rest_route=\/wp\/v2\/posts\/3820\/revisions"}],"predecessor-version":[{"id":4643,"href":"https:\/\/plumanegranoticias.com\/index.php?rest_route=\/wp\/v2\/posts\/3820\/revisions\/4643"}],"wp:featuredmedia":[{"embeddable":true,"href":"https:\/\/plumanegranoticias.com\/index.php?rest_route=\/wp\/v2\/media\/4641"}],"wp:attachment":[{"href":"https:\/\/plumanegranoticias.com\/index.php?rest_route=%2Fwp%2Fv2%2Fmedia&parent=3820"}],"wp:term":[{"taxonomy":"category","embeddable":true,"href":"https:\/\/plumanegranoticias.com\/index.php?rest_route=%2Fwp%2Fv2%2Fcategories&post=3820"},{"taxonomy":"post_tag","embeddable":true,"href":"https:\/\/plumanegranoticias.com\/index.php?rest_route=%2Fwp%2Fv2%2Ftags&post=3820"}],"curies":[{"name":"wp","href":"https:\/\/api.w.org\/{rel}","templated":true}]}}