{"id":3826,"date":"2024-04-06T10:45:00","date_gmt":"2024-04-06T10:45:00","guid":{"rendered":"http:\/\/themes.goodlayers.com\/urbanmag\/urbanmag-style-1\/?p=3826"},"modified":"2024-04-29T22:06:08","modified_gmt":"2024-04-30T04:06:08","slug":"aenean-justo-fringilla-parturient","status":"publish","type":"post","link":"https:\/\/plumanegranoticias.com\/?p=3826","title":{"rendered":"Polic\u00edas de Ecuador \u2018asaltan\u2019 embajada de M\u00e9xico y se llevan al exvicepresidente Jorge Glas"},"content":{"rendered":"<div class=\"row\">\n<div class=\"col-sm-xl-12 layout-section wrap-bottom\">\n<p>Extra\u00eddo de &#8220;El Financiero&#8221; web.<\/p>\n<p class=\"primary-font__PrimaryFontStyles-o56yd5-0 heuGTu h4-primary sub-headline\">Este viernes, el presidente de M\u00e9xico, Andr\u00e9s Manuel L\u00f3pez Obrador, concedi\u00f3 el asilo pol\u00edtico al exvicepresidente ecuatoriano Jorge Glas<span style=\"font-size: revert;\">.<\/span><\/p>\n<p>Tras lo hechos, el presidente L\u00f3pez Obrador orden\u00f3 romper relaciones diplom\u00e1ticas con Ecuador. (Foto: EFE)<\/p>\n<\/div>\n<\/div>\n<p>Un grupo de<b>\u00a0polic\u00edas de Ecuador<\/b>\u00a0irrumpi\u00f3 la noche de este viernes 5 de abril en la\u00a0<a href=\"https:\/\/www.elfinanciero.com.mx\/mundo\/2024\/03\/01\/alto-ahi-jorge-glas-ecuador-solicita-permiso-a-mexico-para-detenerlo-en-su-embajada-en-quito\/\" target=\"_blank\" rel=\"noopener\">Embajada de M\u00e9xico en Quito<\/a>\u00a0y se llev\u00f3 detenido al\u00a0<a href=\"https:\/\/www.elfinanciero.com.mx\/mundo\/2023\/12\/20\/mexico-aceptara-jorge-glas-exvicepresidente-de-ecuador-pide-asilo-diplomatico-a-amlo\/\" target=\"_blank\" rel=\"noopener\">exvicepresidente Jorge Glas,<\/a>\u00a0quien se encontraba en la sede diplom\u00e1tica desde diciembre pasado, a la espera de que se tramitara un<b>\u00a0pedido de asilo<\/b>, concedido este d\u00eda por el gobierno mexicano.<\/p>\n<p>La agencia\u00a0<i>EFE<\/i>\u00a0pudo constatar que\u00a0<b>varios polic\u00edas treparon paredes y vallas<\/b>\u00a0de la sede diplom\u00e1tica y luego salieron de esa residencia, que estuvo desde temprano fuertemente custodiada por militares, en un momento de tensi\u00f3n entre ambos gobiernos.<\/p>\n<h2 class=\"heading__StyledHeading-sc-1yxtfv0-0 dQdSuo\">\u00bfQu\u00e9 pas\u00f3 en la embajada de M\u00e9xico en Ecuador?<\/h2>\n<p class=\"default__StyledText-kkhi2r-0 cGAawy body-paragraph\"><a href=\"https:\/\/www.elfinanciero.com.mx\/nacional\/2024\/04\/05\/tension-mexico-ecuador-roberto-canseco-queda-al-frente-de-embajada-y-lamenta-expulsion-de-diplomatica\/\" target=\"_blank\" rel=\"noopener\">Roberto Canseco<\/a>,<b>\u00a0jefe de la misi\u00f3n de M\u00e9xico en Ecuador<\/b>, dijo a los medios que el exvicepresidente Glas fue subido a un veh\u00edculo por elementos de la Polic\u00eda Nacional de Ecuador y posteriormente retirado de la embajada.<\/p>\n<p>\u201c<b>Es un atropello al derecho internacional y la inviolabilidad de la embajada de M\u00e9xico en Ecuador<\/b>. Totalmente inaceptable. Esto no puede ser. Es la barbarie. No es posible que violen el recinto diplom\u00e1tico como lo han hecho. Es la ignominia para un estado\u201d, acus\u00f3 el funcionario.<\/p>\n<p class=\"default__StyledText-kkhi2r-0 cGAawy body-paragraph\">\u201cA riesgo de mi vida, defend\u00ed el honor y la soberan\u00eda de mi pa\u00eds. Esto no puede ser.<b>\u00a0Es incre\u00edble que haya sucedido algo as\u00ed<\/b>\u201d, agreg\u00f3 Canseco.<\/p>\n<p class=\"default__StyledText-kkhi2r-0 cGAawy body-paragraph\">El diplom\u00e1tico qued\u00f3 a cargo de la\u00a0<b>Embajada de M\u00e9xico en Ecuador<\/b>, luego de que las autoridades de este pa\u00eds declaran persona non grata a la embajadora mexicana,\u00a0<a href=\"https:\/\/www.elfinanciero.com.mx\/nacional\/2024\/04\/04\/ecuador-nombra-persona-non-grata-a-embajadora-de-mexico-por-declaraciones-de-amlo\/\">Raquel Serur Smeke<\/a>.<\/p>\n<p class=\"default__StyledText-kkhi2r-0 cGAawy body-paragraph fi-aic_280\">Esta tarde, la<b>\u00a0Secretar\u00eda de Relaciones Exteriores (SRE)\u00a0<\/b>detall\u00f3 en un comunicado que el Gobierno de M\u00e9xico instruy\u00f3 a la embajadora Raquel Serur a regresar al pa\u00eds, con el fin de resguardar su seguridad e integridad.<\/p>\n<h2 class=\"heading__StyledHeading-sc-1yxtfv0-0 dQdSuo\">AMLO ordena cese de relaciones diplom\u00e1ticas con Ecuador<\/h2>\n<p>Poco despu\u00e9s de la irrupci\u00f3n de la polic\u00eda ecuatoriana en la embajada mexicana, el presidente\u00a0<b>Andr\u00e9s Manuel L\u00f3pez Obrador\u00a0<\/b>comparti\u00f3 un mensaje en sus redes en el que inform\u00f3 que instruy\u00f3 a la canciller<a href=\"https:\/\/www.elfinanciero.com.mx\/nacional\/2024\/03\/21\/alicia-barcena-habla-sobre-la-ley-migratoria-de-texas-es-profundamente-inconstitucional\/\" target=\"_blank\" rel=\"noopener\">\u00a0Alicia B\u00e1rcena<\/a><b>\u00a0<\/b>a declarar la\u00a0<a href=\"https:\/\/www.elfinanciero.com.mx\/nacional\/2024\/04\/05\/amlo-explota-y-suspende-relaciones-con-ecuador-tras-asalto-a-embajada-de-mexico\/\" target=\"_blank\" rel=\"noopener\">suspensi\u00f3n inmediata de las relaciones diplom\u00e1ticas con Ecuador<\/a>.<\/p>\n<div id=\"arcad-feature-9832\" class=\"default__StyledAdUnit-ijbiyl-0 bWigPu arcad-feature margin-md-bottom \">\n<div id=\"\" class=\"arcad-container\">\n<div id=\"lazy_5\">\n<div id=\"box_banner11\" class=\"arcad ad-300x250\"><span style=\"font-size: revert;\">\u201cMe acaba de informar Alicia B\u00e1rcena, nuestra secretaria de Relaciones Exteriores que polic\u00edas de Ecuador <\/span><b style=\"font-size: revert;\">entraron por la fuerza a nuestra embajada\u00a0<\/b><span style=\"font-size: revert;\">y se llevaron detenido al exvicepresidente de ese pa\u00eds quien se encontraba refugiado y tramitando asilo por la persecuci\u00f3n y el acoso que enfrenta.\u201d, escribi\u00f3 en su cuenta de\u00a0<\/span><i style=\"font-size: revert;\">X<\/i><span style=\"font-size: revert;\">.<\/span><\/div>\n<\/div>\n<\/div>\n<\/div>\n<p>El mandatario conden\u00f3 lo ocurrido en la sede diplom\u00e1tica y lo calific\u00f3 como una \u201cuna<b>\u00a0violaci\u00f3n flagrante al derecho internacional y a la soberan\u00eda de M\u00e9xico<\/b>\u201d.<\/p>\n\n\n<figure class=\"wp-block-gallery has-nested-images columns-default is-cropped wp-block-gallery-1 is-layout-flex wp-block-gallery-is-layout-flex\">\n<figure class=\"wp-block-image size-large\"><img loading=\"lazy\" decoding=\"async\" width=\"1024\" height=\"717\" data-id=\"4704\" src=\"https:\/\/plumanegranoticias.com\/wp-content\/uploads\/2024\/04\/EFE-R1waxFBp5yrTBr0IomD6QKO-1200x840@diario_abc-1024x717.webp\" alt=\"\" class=\"wp-image-4704\" srcset=\"https:\/\/plumanegranoticias.com\/wp-content\/uploads\/2024\/04\/EFE-R1waxFBp5yrTBr0IomD6QKO-1200x840@diario_abc-1024x717.webp 1024w, https:\/\/plumanegranoticias.com\/wp-content\/uploads\/2024\/04\/EFE-R1waxFBp5yrTBr0IomD6QKO-1200x840@diario_abc-300x210.webp 300w, https:\/\/plumanegranoticias.com\/wp-content\/uploads\/2024\/04\/EFE-R1waxFBp5yrTBr0IomD6QKO-1200x840@diario_abc-768x538.webp 768w, https:\/\/plumanegranoticias.com\/wp-content\/uploads\/2024\/04\/EFE-R1waxFBp5yrTBr0IomD6QKO-1200x840@diario_abc.webp 1200w\" sizes=\"auto, (max-width: 1024px) 100vw, 1024px\" \/><\/figure>\n\n\n\n<figure class=\"wp-block-image size-large\"><img loading=\"lazy\" decoding=\"async\" width=\"702\" height=\"391\" data-id=\"4706\" src=\"https:\/\/plumanegranoticias.com\/wp-content\/uploads\/2024\/04\/Captura-de-pantalla-2024-04-08-191743.png\" alt=\"\" class=\"wp-image-4706\" srcset=\"https:\/\/plumanegranoticias.com\/wp-content\/uploads\/2024\/04\/Captura-de-pantalla-2024-04-08-191743.png 702w, https:\/\/plumanegranoticias.com\/wp-content\/uploads\/2024\/04\/Captura-de-pantalla-2024-04-08-191743-300x167.png 300w, https:\/\/plumanegranoticias.com\/wp-content\/uploads\/2024\/04\/Captura-de-pantalla-2024-04-08-191743-700x391.png 700w\" sizes=\"auto, (max-width: 702px) 100vw, 702px\" \/><\/figure>\n\n\n\n<figure class=\"wp-block-image size-large\"><img loading=\"lazy\" decoding=\"async\" width=\"1024\" height=\"576\" data-id=\"4707\" src=\"https:\/\/plumanegranoticias.com\/wp-content\/uploads\/2024\/04\/snapshot-1024x576.jpg\" alt=\"\" class=\"wp-image-4707\" srcset=\"https:\/\/plumanegranoticias.com\/wp-content\/uploads\/2024\/04\/snapshot-1024x576.jpg 1024w, https:\/\/plumanegranoticias.com\/wp-content\/uploads\/2024\/04\/snapshot-300x169.jpg 300w, https:\/\/plumanegranoticias.com\/wp-content\/uploads\/2024\/04\/snapshot-768x432.jpg 768w, https:\/\/plumanegranoticias.com\/wp-content\/uploads\/2024\/04\/snapshot-1536x864.jpg 1536w, https:\/\/plumanegranoticias.com\/wp-content\/uploads\/2024\/04\/snapshot.jpg 1920w\" sizes=\"auto, (max-width: 1024px) 100vw, 1024px\" \/><\/figure>\n<\/figure>\n","protected":false},"excerpt":{"rendered":"<p>Extra\u00eddo de &#8220;El Financiero&#8221; web. Este viernes, el presidente de M\u00e9xico, Andr\u00e9s Manuel L\u00f3pez Obrador, concedi\u00f3 el asilo pol\u00edtico al exvicepresidente ecuatoriano Jorge Glas. Tras lo hechos, el presidente L\u00f3pez Obrador orden\u00f3 romper relaciones diplom\u00e1ticas con Ecuador. (Foto: EFE) Un grupo de\u00a0polic\u00edas de Ecuador\u00a0irrumpi\u00f3 la noche de este viernes 5 de abril en la\u00a0Embajada de&#8230; <\/p>\n<div class=\"clear\"><\/div>\n<p><a href=\"https:\/\/plumanegranoticias.com\/?p=3826\" class=\"excerpt-read-more\">Read More<i class=\"fa fa-caret-right icon-caret-right\"><\/i><\/a><\/p>\n","protected":false},"author":1,"featured_media":4752,"comment_status":"open","ping_status":"open","sticky":false,"template":"","format":"standard","meta":{"om_disable_all_campaigns":false,"_monsterinsights_skip_tracking":false,"_monsterinsights_sitenote_active":false,"_monsterinsights_sitenote_note":"","_monsterinsights_sitenote_category":0,"_uf_show_specific_survey":0,"_uf_disable_surveys":false,"footnotes":""},"categories":[15,13,8,10,9],"tags":[28,61,33],"class_list":["post-3826","post","type-post","status-publish","format-standard","has-post-thumbnail","hentry","category-nacionales","category-nota-roja","category-politica","category-sociales","category-tendencias","tag-nacionales","tag-politica","tag-tendencias"],"aioseo_notices":[],"_links":{"self":[{"href":"https:\/\/plumanegranoticias.com\/index.php?rest_route=\/wp\/v2\/posts\/3826","targetHints":{"allow":["GET"]}}],"collection":[{"href":"https:\/\/plumanegranoticias.com\/index.php?rest_route=\/wp\/v2\/posts"}],"about":[{"href":"https:\/\/plumanegranoticias.com\/index.php?rest_route=\/wp\/v2\/types\/post"}],"author":[{"embeddable":true,"href":"https:\/\/plumanegranoticias.com\/index.php?rest_route=\/wp\/v2\/users\/1"}],"replies":[{"embeddable":true,"href":"https:\/\/plumanegranoticias.com\/index.php?rest_route=%2Fwp%2Fv2%2Fcomments&post=3826"}],"version-history":[{"count":3,"href":"https:\/\/plumanegranoticias.com\/index.php?rest_route=\/wp\/v2\/posts\/3826\/revisions"}],"predecessor-version":[{"id":4709,"href":"https:\/\/plumanegranoticias.com\/index.php?rest_route=\/wp\/v2\/posts\/3826\/revisions\/4709"}],"wp:featuredmedia":[{"embeddable":true,"href":"https:\/\/plumanegranoticias.com\/index.php?rest_route=\/wp\/v2\/media\/4752"}],"wp:attachment":[{"href":"https:\/\/plumanegranoticias.com\/index.php?rest_route=%2Fwp%2Fv2%2Fmedia&parent=3826"}],"wp:term":[{"taxonomy":"category","embeddable":true,"href":"https:\/\/plumanegranoticias.com\/index.php?rest_route=%2Fwp%2Fv2%2Fcategories&post=3826"},{"taxonomy":"post_tag","embeddable":true,"href":"https:\/\/plumanegranoticias.com\/index.php?rest_route=%2Fwp%2Fv2%2Ftags&post=3826"}],"curies":[{"name":"wp","href":"https:\/\/api.w.org\/{rel}","templated":true}]}}