{"id":3827,"date":"2024-04-06T12:46:00","date_gmt":"2024-04-06T12:46:00","guid":{"rendered":"http:\/\/themes.goodlayers.com\/urbanmag\/urbanmag-style-1\/?p=3827"},"modified":"2024-04-29T21:50:22","modified_gmt":"2024-04-30T03:50:22","slug":"nullam-amet-fermentum-aenean","status":"publish","type":"post","link":"https:\/\/plumanegranoticias.com\/?p=3827","title":{"rendered":"\u201cDefendamos a Veracruz, no nos equivoquemos otra vez\u201d: Pepe Yunes"},"content":{"rendered":"\n<figure class=\"wp-block-gallery has-nested-images columns-default is-cropped wp-block-gallery-1 is-layout-flex wp-block-gallery-is-layout-flex\">\n<figure class=\"wp-block-image size-large\"><img loading=\"lazy\" decoding=\"async\" width=\"591\" height=\"395\" data-id=\"4625\" src=\"https:\/\/plumanegranoticias.com\/wp-content\/uploads\/2015\/01\/432935148_445764994680315_4367801184892349084_n.jpg\" alt=\"\" class=\"wp-image-4625\" srcset=\"https:\/\/plumanegranoticias.com\/wp-content\/uploads\/2015\/01\/432935148_445764994680315_4367801184892349084_n.jpg 591w, https:\/\/plumanegranoticias.com\/wp-content\/uploads\/2015\/01\/432935148_445764994680315_4367801184892349084_n-300x201.jpg 300w\" sizes=\"auto, (max-width: 591px) 100vw, 591px\" \/><\/figure>\n\n\n\n<figure class=\"wp-block-image size-large\"><img loading=\"lazy\" decoding=\"async\" width=\"591\" height=\"395\" data-id=\"4626\" src=\"https:\/\/plumanegranoticias.com\/wp-content\/uploads\/2015\/01\/435688003_445765014680313_7460627338837842581_n.jpg\" alt=\"\" class=\"wp-image-4626\" srcset=\"https:\/\/plumanegranoticias.com\/wp-content\/uploads\/2015\/01\/435688003_445765014680313_7460627338837842581_n.jpg 591w, https:\/\/plumanegranoticias.com\/wp-content\/uploads\/2015\/01\/435688003_445765014680313_7460627338837842581_n-300x201.jpg 300w\" sizes=\"auto, (max-width: 591px) 100vw, 591px\" \/><\/figure>\n\n\n\n<figure class=\"wp-block-image size-large\"><img loading=\"lazy\" decoding=\"async\" width=\"591\" height=\"395\" data-id=\"4627\" src=\"https:\/\/plumanegranoticias.com\/wp-content\/uploads\/2015\/01\/434847562_445765031346978_8222045569627618089_n.jpg\" alt=\"\" class=\"wp-image-4627\" srcset=\"https:\/\/plumanegranoticias.com\/wp-content\/uploads\/2015\/01\/434847562_445765031346978_8222045569627618089_n.jpg 591w, https:\/\/plumanegranoticias.com\/wp-content\/uploads\/2015\/01\/434847562_445765031346978_8222045569627618089_n-300x201.jpg 300w\" sizes=\"auto, (max-width: 591px) 100vw, 591px\" \/><\/figure>\n<\/figure>\n\n\n<div class=\"xdj266r x11i5rnm xat24cr x1mh8g0r x1vvkbs x126k92a\">\n<p dir=\"auto\">\u2022 Esta semana, el candidato a gobernador ha recorrido el norte de la entidad, donde ha sido recibido por la gente con entusiasmo y \u00e1nimos de victoria.\u00a0<\/p>\n<p dir=\"auto\">\u2022 Hoy Veracruz tiene dos opciones: seguir con las mentiras de Morena o un gobierno de verdad comprometido con la gente.<\/p>\n<\/div>\n<p class=\"x11i5rnm xat24cr x1mh8g0r x1vvkbs xtlvy1s x126k92a\">\n<div dir=\"auto\">Tuxpan, Ver., 06 de abril de 2024.- Un intenso llamado hizo Pepe Yunes a la poblaci\u00f3n del norte del estado para defender a Veracruz este 2 de junio:\u00a0<\/div>\n<div dir=\"auto\">\u00a0<\/div>\n<blockquote>\n<div dir=\"auto\">\u201cSalgamos con energ\u00eda y con \u00e1nimo, a luchar por nuestro futuro, con nuestro voto en la mano, haci\u00e9ndolo valer. Un gobierno fallido lo pagamos todos. No nos equivoquemos otra vez\u201d.<\/div>\n<\/blockquote>\n<p class=\"x11i5rnm xat24cr x1mh8g0r x1vvkbs xtlvy1s x126k92a\">\n<div dir=\"auto\">En gira de trabajo por el norte de la entidad, con \u00e1nimos de victoria, ciudadanas y ciudadanos de los municipios de Tuxpan, Tamiahua y Cerro Azul recibieron al candidato a gobernador por la coalici\u00f3n Fuerza y Coraz\u00f3n por Veracruz, quien los reconoci\u00f3 como veracruzanos que \u201cnos sentimos parte de este estado y de su historia\u201d.<\/div>\n<p class=\"x11i5rnm xat24cr x1mh8g0r x1vvkbs xtlvy1s x126k92a\">\n<div dir=\"auto\">Jos\u00e9 Francisco Yunes Zorrilla plante\u00f3 que hoy Veracruz tiene dos opciones: seguir con las mentiras de Morena o un gobierno de verdad, comprometido con la gente, alejado de las excusas y los pretextos ante la incapacidad y resuelto a cumplir con eficiencia su mandato y a dar resultados a la gente.<\/div>\n<div dir=\"auto\">\n\n\n<figure class=\"wp-block-gallery has-nested-images columns-default is-cropped wp-block-gallery-2 is-layout-flex wp-block-gallery-is-layout-flex\"><\/figure>\n\n\n<\/div>\n<p class=\"x11i5rnm xat24cr x1mh8g0r x1vvkbs xtlvy1s x126k92a\">\n<div dir=\"auto\">Expuso que Morena le ha mentido a Veracruz y M\u00e9xico cuando dice que est\u00e1 del lado de las mujeres, pero les quita las estancias infantiles, el Seguro Popular y el Progresa; cuando dice que est\u00e1 del lado de las libertades, de la democracia y del derecho, pero erosiona las instituciones sobre las que se basan.<\/div>\n<p class=\"x11i5rnm xat24cr x1mh8g0r x1vvkbs xtlvy1s x126k92a\">\n<div dir=\"auto\">Morena -se\u00f1al\u00f3- miente una y otra vez cuando dice que est\u00e1 con los campesinos y ganaderos y les quita los programas; cuando dice que no se endeuda; cuando dice que est\u00e1 de parte de la gente, pero no les genera una oportunidad de trabajo; cuando dice que est\u00e1 del lado del turismo, pero desaparece los fondos de promoci\u00f3n.<\/div>\n<p class=\"x11i5rnm xat24cr x1mh8g0r x1vvkbs xtlvy1s x126k92a\">\n<div dir=\"auto\">Tras lo visto en estos cinco a\u00f1os, lament\u00f3 que la ineptitud de un gobierno hace que la gente con sus medios pague el precio y record\u00f3 a los miles de enfermos que hoy no tienen las medicinas que antes gratuitamente pod\u00edan recibir. \u201c\u00bfQui\u00e9n paga el miedo, la angustia, la extorsi\u00f3n o el abandono?\u201d, pregunt\u00f3 Pepe Yunes.<\/div>\n<p class=\"x11i5rnm xat24cr x1mh8g0r x1vvkbs xtlvy1s x126k92a\">\n<blockquote>\n<div dir=\"auto\">Al dirigirse a padres y madres de familia, dijo que \u201cpensar en Veracruz es pensar en nuestros hijos. Hagamos de esta oportunidad la posibilidad de tener un gobierno de verdad que permita que las mujeres vivan sin miedo, de acompa\u00f1ar a nuestra ni\u00f1ez en un sistema educativo de la calidad y a la altura del gran esfuerzo de cada maestra y maestro\u201d.<\/div>\n<\/blockquote>\n<p class=\"x11i5rnm xat24cr x1mh8g0r x1vvkbs xtlvy1s x126k92a\">\n<div dir=\"auto\">El candidato a gobernador asegur\u00f3 que en la pr\u00f3xima administraci\u00f3n de Veracruz regir\u00e1 una agenda ciudadana centrada en los temas de las mujeres, del magisterio, de los productores, los profesionistas y los defensores de causas sociales.<\/div>\n<p class=\"x11i5rnm xat24cr x1mh8g0r x1vvkbs xtlvy1s x126k92a\">\n<blockquote>\n<div dir=\"auto\">Por \u00faltimo, lanz\u00f3 un fuerte exhorto a las y los veracruzanos a salir a votar \u201csin duda, sin temor, no solo por nosotros, por nuestra comunidad o regi\u00f3n, sino por las generaciones que vienen detr\u00e1s de nosotros. Quien lo haga posible no tendr\u00e1 queja alguna. Habr\u00e1 resultados, habr\u00e1 acciones, habr\u00e1 determinaci\u00f3n y viviremos mejor. \u00a1Vamos a ganar! \u00a1Vamos a ganar!\u201d.<\/div>\n<\/blockquote>","protected":false},"excerpt":{"rendered":"<p>\u2022 Esta semana, el candidato a gobernador ha recorrido el norte de la entidad, donde ha sido recibido por la gente con entusiasmo y \u00e1nimos de victoria.\u00a0 \u2022 Hoy Veracruz tiene dos opciones: seguir con las mentiras de Morena o un gobierno de verdad comprometido con la gente. Tuxpan, Ver., 06 de abril de 2024.-&#8230; <\/p>\n<div class=\"clear\"><\/div>\n<p><a href=\"https:\/\/plumanegranoticias.com\/?p=3827\" class=\"excerpt-read-more\">Read More<i class=\"fa fa-caret-right icon-caret-right\"><\/i><\/a><\/p>\n","protected":false},"author":1,"featured_media":4735,"comment_status":"open","ping_status":"open","sticky":false,"template":"","format":"standard","meta":{"om_disable_all_campaigns":false,"_monsterinsights_skip_tracking":false,"_monsterinsights_sitenote_active":false,"_monsterinsights_sitenote_note":"","_monsterinsights_sitenote_category":0,"_uf_show_specific_survey":0,"_uf_disable_surveys":false,"footnotes":""},"categories":[8,12,10],"tags":[61,19],"class_list":["post-3827","post","type-post","status-publish","format-standard","has-post-thumbnail","hentry","category-politica","category-regional","category-sociales","tag-politica","tag-regional"],"aioseo_notices":[],"_links":{"self":[{"href":"https:\/\/plumanegranoticias.com\/index.php?rest_route=\/wp\/v2\/posts\/3827","targetHints":{"allow":["GET"]}}],"collection":[{"href":"https:\/\/plumanegranoticias.com\/index.php?rest_route=\/wp\/v2\/posts"}],"about":[{"href":"https:\/\/plumanegranoticias.com\/index.php?rest_route=\/wp\/v2\/types\/post"}],"author":[{"embeddable":true,"href":"https:\/\/plumanegranoticias.com\/index.php?rest_route=\/wp\/v2\/users\/1"}],"replies":[{"embeddable":true,"href":"https:\/\/plumanegranoticias.com\/index.php?rest_route=%2Fwp%2Fv2%2Fcomments&post=3827"}],"version-history":[{"count":2,"href":"https:\/\/plumanegranoticias.com\/index.php?rest_route=\/wp\/v2\/posts\/3827\/revisions"}],"predecessor-version":[{"id":4736,"href":"https:\/\/plumanegranoticias.com\/index.php?rest_route=\/wp\/v2\/posts\/3827\/revisions\/4736"}],"wp:featuredmedia":[{"embeddable":true,"href":"https:\/\/plumanegranoticias.com\/index.php?rest_route=\/wp\/v2\/media\/4735"}],"wp:attachment":[{"href":"https:\/\/plumanegranoticias.com\/index.php?rest_route=%2Fwp%2Fv2%2Fmedia&parent=3827"}],"wp:term":[{"taxonomy":"category","embeddable":true,"href":"https:\/\/plumanegranoticias.com\/index.php?rest_route=%2Fwp%2Fv2%2Fcategories&post=3827"},{"taxonomy":"post_tag","embeddable":true,"href":"https:\/\/plumanegranoticias.com\/index.php?rest_route=%2Fwp%2Fv2%2Ftags&post=3827"}],"curies":[{"name":"wp","href":"https:\/\/api.w.org\/{rel}","templated":true}]}}