{"id":4883,"date":"2024-08-24T08:15:53","date_gmt":"2024-08-24T14:15:53","guid":{"rendered":"https:\/\/plumanegranoticias.com\/?p=4883"},"modified":"2024-08-24T14:37:17","modified_gmt":"2024-08-24T20:37:17","slug":"deja-3-muertos-accidente-en-veracruz","status":"publish","type":"post","link":"https:\/\/plumanegranoticias.com\/?p=4883","title":{"rendered":"DEJA 3 MUERTOS ACCIDENTE EN VERACRUZ"},"content":{"rendered":"\n<p>Dos varones y una mujer fallecieron alrededor de las 2:00 horas de este s\u00e1bado en la Avenida Ignacio Allende con el cruce de Hern\u00e1n Cort\u00e9s cuando viajaba en motocicleta y chocaron contra un veh\u00edculo particular.<br \/>Trascendi\u00f3 que, al menos los dos varones pertenec\u00edan a la Polic\u00eda Municipal de Veracruz.<br \/>El tr\u00e1gico accidente se registr\u00f3 alrededor de las 2:00 horas y cuando arribaron los servicios de Emergencia, solo confirmaron que no hab\u00eda signos vitales en ninguna de las tres personas.<\/p>\n\n\n\n\n\n<figure class=\"wp-block-video\"><video height=\"850\" style=\"aspect-ratio: 478 \/ 850;\" width=\"478\" controls src=\"https:\/\/plumanegranoticias.com\/wp-content\/uploads\/2024\/08\/VID-20240824-WA0019.mp4\"><\/video><figcaption class=\"wp-element-caption\">Accidente en Centro de Veracruz, Ver.<\/figcaption><\/figure>\n","protected":false},"excerpt":{"rendered":"<p>Dos varones y una mujer fallecieron alrededor de las 2:00 horas de este s\u00e1bado en la Avenida Ignacio Allende con el cruce de Hern\u00e1n Cort\u00e9s cuando viajaba en motocicleta y chocaron contra un veh\u00edculo particular.Trascendi\u00f3 que, al menos los dos varones pertenec\u00edan a la Polic\u00eda Municipal de Veracruz.El tr\u00e1gico accidente se registr\u00f3 alrededor de las&#8230; <\/p>\n<div class=\"clear\"><\/div>\n<p><a href=\"https:\/\/plumanegranoticias.com\/?p=4883\" class=\"excerpt-read-more\">Read More<i class=\"fa fa-caret-right icon-caret-right\"><\/i><\/a><\/p>\n","protected":false},"author":2,"featured_media":0,"comment_status":"open","ping_status":"open","sticky":false,"template":"","format":"video","meta":{"om_disable_all_campaigns":false,"_monsterinsights_skip_tracking":false,"_monsterinsights_sitenote_active":false,"_monsterinsights_sitenote_note":"","_monsterinsights_sitenote_category":0,"_uf_show_specific_survey":0,"_uf_disable_surveys":false,"footnotes":""},"categories":[1,13,12,11,9],"tags":[22,34,31,33],"class_list":["post-4883","post","type-post","status-publish","format-video","hentry","category-blog","category-nota-roja","category-regional","category-reporte-ciudadano","category-tendencias","tag-nota-roja","tag-policiaca","tag-reporte-ciudadano","tag-tendencias","post_format-post-format-video"],"aioseo_notices":[],"_links":{"self":[{"href":"https:\/\/plumanegranoticias.com\/index.php?rest_route=\/wp\/v2\/posts\/4883","targetHints":{"allow":["GET"]}}],"collection":[{"href":"https:\/\/plumanegranoticias.com\/index.php?rest_route=\/wp\/v2\/posts"}],"about":[{"href":"https:\/\/plumanegranoticias.com\/index.php?rest_route=\/wp\/v2\/types\/post"}],"author":[{"embeddable":true,"href":"https:\/\/plumanegranoticias.com\/index.php?rest_route=\/wp\/v2\/users\/2"}],"replies":[{"embeddable":true,"href":"https:\/\/plumanegranoticias.com\/index.php?rest_route=%2Fwp%2Fv2%2Fcomments&post=4883"}],"version-history":[{"count":2,"href":"https:\/\/plumanegranoticias.com\/index.php?rest_route=\/wp\/v2\/posts\/4883\/revisions"}],"predecessor-version":[{"id":4890,"href":"https:\/\/plumanegranoticias.com\/index.php?rest_route=\/wp\/v2\/posts\/4883\/revisions\/4890"}],"wp:attachment":[{"href":"https:\/\/plumanegranoticias.com\/index.php?rest_route=%2Fwp%2Fv2%2Fmedia&parent=4883"}],"wp:term":[{"taxonomy":"category","embeddable":true,"href":"https:\/\/plumanegranoticias.com\/index.php?rest_route=%2Fwp%2Fv2%2Fcategories&post=4883"},{"taxonomy":"post_tag","embeddable":true,"href":"https:\/\/plumanegranoticias.com\/index.php?rest_route=%2Fwp%2Fv2%2Ftags&post=4883"}],"curies":[{"name":"wp","href":"https:\/\/api.w.org\/{rel}","templated":true}]}}