{"id":4886,"date":"2024-08-24T10:03:51","date_gmt":"2024-08-24T16:03:51","guid":{"rendered":"https:\/\/plumanegranoticias.com\/?p=4886"},"modified":"2024-08-24T10:04:32","modified_gmt":"2024-08-24T16:04:32","slug":"dia-de-los-parques-nacionales-en-mexico","status":"publish","type":"post","link":"https:\/\/plumanegranoticias.com\/?p=4886","title":{"rendered":"D\u00cdA DE LOS PARQUES NACIONALES EN M\u00c9XICO"},"content":{"rendered":"\n<p>Tal\u00eda Moreno Zulueta\/Articulista\/Acad\u00e9mica<br>Desde los a\u00f1os 30, hasta nuestros d\u00edas, en M\u00e9xico se han declarado un total de 67 Parques Nacionales que abarcan una superficie total de 67 millones 220 mil hect\u00e1reas, y han sido declarados a trav\u00e9s del tiempo y por distintos efectos. Uno de los postulados principales para obtener esta categor\u00eda hace \u00e9nfasis en su belleza esc\u00e9nica, su valor paisaj\u00edstico y por supuesto, por sus caracter\u00edsticas en geodiversidad y biodiversidad. La idea de tener un estatus de esta \u00edndole no solamente se centra en el conservacionismo, sino m\u00e1s bien, en el aporte que desde diversos \u00e1mbitos nos pueden ayudar como sociedad, tales como la recreaci\u00f3n, educaci\u00f3n, la investigaci\u00f3n, el turismo y el aprovechamiento de ciertos recursos visuales, coadyuvando con la restauraci\u00f3n y recuperaci\u00f3n de sistemas ecol\u00f3gicos, y a su vez, rescatando su identidad cultural e hist\u00f3rica.<\/p>\n\n\n\n<p>La primera \u00e1rea natural protegida en M\u00e9xico, que si bien, no entraba como categor\u00eda formal establecida, se decret\u00f3 en el a\u00f1o de 1899 por el entonces presidente Porfirio D\u00edaz y fue el Bosque Nacional Monte Vedado del Mineral del Chico; sin embargo, el primer Parque propiamente dicho fue el Desierto de los Leones en 1917 por Venustiano Carranza.<\/p>\n\n\n\n<p>El impulso que se le dio a las corrientes de protecci\u00f3n al ecosistema de los sexenios siguientes fue tan fuerte que en el a\u00f1o de 1937, bajo el mandato de L\u00e1zaro C\u00e1rdenas se decreta en Veracruz el primer Parque Nacional \u201cCofre de Perote\u201d, adhiri\u00e9ndose a esta postura de mantener y preservar el valor ambiental de las zonas naturales. Pero, dado lo anterior ser\u00eda bueno entrar en una reflexi\u00f3n final sobre si el objetivo de estas declaratorias ha sido suficiente para contrarrestar los impactos del ser humano en los recursos naturales, pero mucho m\u00e1s importante y fundamental, \u00bfha funcionado para establecer una conciencia colectiva sobre la importancia de los procesos ecol\u00f3gicos y ambientales?. La respuesta la dejar\u00e9 a criterio de ustedes, amigos lectores, porque pese a la celebraci\u00f3n que se llevar\u00e1 a cabo este pr\u00f3ximo 24 de Agosto sobre los Parque naturales, creo, personalmente que el camino hacia la sustentabilidad debe ser construido no solamente desde el papel, sino desde las acciones, lo tangible y aquello que es trascendental para las generaciones futuras.<\/p>\n\n\n\n<figure class=\"wp-block-image size-large\"><img loading=\"lazy\" decoding=\"async\" width=\"201\" height=\"300\" src=\"https:\/\/plumanegranoticias.com\/wp-content\/uploads\/2024\/08\/fb_img_17245153584375884217992749193607-201x300.jpg\" alt=\"\" class=\"wp-image-4885\" srcset=\"https:\/\/plumanegranoticias.com\/wp-content\/uploads\/2024\/08\/fb_img_17245153584375884217992749193607-201x300.jpg 201w, https:\/\/plumanegranoticias.com\/wp-content\/uploads\/2024\/08\/fb_img_17245153584375884217992749193607.jpg 563w\" sizes=\"auto, (max-width: 201px) 100vw, 201px\" \/><figcaption class=\"wp-element-caption\">Tal\u00eda Moreno Zulueta\/Articulista\/Pluma Negra <\/figcaption><\/figure>\n","protected":false},"excerpt":{"rendered":"<p>Tal\u00eda Moreno Zulueta\/Articulista\/Acad\u00e9micaDesde los a\u00f1os 30, hasta nuestros d\u00edas, en M\u00e9xico se han declarado un total de 67 Parques Nacionales que abarcan una superficie total de 67 millones 220 mil hect\u00e1reas, y han sido declarados a trav\u00e9s del tiempo y por distintos efectos. Uno de los postulados principales para obtener esta categor\u00eda hace \u00e9nfasis en&#8230; <\/p>\n<div class=\"clear\"><\/div>\n<p><a href=\"https:\/\/plumanegranoticias.com\/?p=4886\" class=\"excerpt-read-more\">Read More<i class=\"fa fa-caret-right icon-caret-right\"><\/i><\/a><\/p>\n","protected":false},"author":2,"featured_media":0,"comment_status":"open","ping_status":"open","sticky":false,"template":"","format":"standard","meta":{"om_disable_all_campaigns":false,"_monsterinsights_skip_tracking":false,"_monsterinsights_sitenote_active":false,"_monsterinsights_sitenote_note":"","_monsterinsights_sitenote_category":0,"_uf_show_specific_survey":0,"_uf_disable_surveys":false,"footnotes":""},"categories":[1,16],"tags":[37,24,28,20,30,61],"class_list":["post-4886","post","type-post","status-publish","format-standard","hentry","category-blog","category-plumazos","tag-editorial","tag-moda","tag-nacionales","tag-negocios","tag-plumazos","tag-politica"],"aioseo_notices":[],"_links":{"self":[{"href":"https:\/\/plumanegranoticias.com\/index.php?rest_route=\/wp\/v2\/posts\/4886","targetHints":{"allow":["GET"]}}],"collection":[{"href":"https:\/\/plumanegranoticias.com\/index.php?rest_route=\/wp\/v2\/posts"}],"about":[{"href":"https:\/\/plumanegranoticias.com\/index.php?rest_route=\/wp\/v2\/types\/post"}],"author":[{"embeddable":true,"href":"https:\/\/plumanegranoticias.com\/index.php?rest_route=\/wp\/v2\/users\/2"}],"replies":[{"embeddable":true,"href":"https:\/\/plumanegranoticias.com\/index.php?rest_route=%2Fwp%2Fv2%2Fcomments&post=4886"}],"version-history":[{"count":1,"href":"https:\/\/plumanegranoticias.com\/index.php?rest_route=\/wp\/v2\/posts\/4886\/revisions"}],"predecessor-version":[{"id":4887,"href":"https:\/\/plumanegranoticias.com\/index.php?rest_route=\/wp\/v2\/posts\/4886\/revisions\/4887"}],"wp:attachment":[{"href":"https:\/\/plumanegranoticias.com\/index.php?rest_route=%2Fwp%2Fv2%2Fmedia&parent=4886"}],"wp:term":[{"taxonomy":"category","embeddable":true,"href":"https:\/\/plumanegranoticias.com\/index.php?rest_route=%2Fwp%2Fv2%2Fcategories&post=4886"},{"taxonomy":"post_tag","embeddable":true,"href":"https:\/\/plumanegranoticias.com\/index.php?rest_route=%2Fwp%2Fv2%2Ftags&post=4886"}],"curies":[{"name":"wp","href":"https:\/\/api.w.org\/{rel}","templated":true}]}}