{"id":4914,"date":"2024-09-17T19:53:49","date_gmt":"2024-09-18T01:53:49","guid":{"rendered":"https:\/\/plumanegranoticias.com\/?p=4914"},"modified":"2024-09-17T20:21:18","modified_gmt":"2024-09-18T02:21:18","slug":"asi-se-quemo-la-moto-en-cotaxtla","status":"publish","type":"post","link":"https:\/\/plumanegranoticias.com\/?p=4914","title":{"rendered":"ASI SE QUEM\u00d3 LA MOTO EN COTAXTLA"},"content":{"rendered":"\n<p>Esta tarde se quem\u00f3 una motocicleta en el centro comercial de Cotaxtla. <\/p>\n\n\n\n<p>As\u00ed sucedi\u00f3 el incidente que por fortuna no dej\u00f3 lesionados, s\u00f3lo da\u00f1os materiales.<\/p>\n\n\n\n<figure class=\"wp-block-video\"><video height=\"608\" style=\"aspect-ratio: 368 \/ 608;\" width=\"368\" controls src=\"https:\/\/plumanegranoticias.com\/wp-content\/uploads\/2024\/09\/received_885680509814641.mp4\"><\/video><figcaption class=\"wp-element-caption\">Calcinada moto en Cotaxtla, Ver.<\/figcaption><\/figure>\n","protected":false},"excerpt":{"rendered":"<p>Esta tarde se quem\u00f3 una motocicleta en el centro comercial de Cotaxtla. As\u00ed sucedi\u00f3 el incidente que por fortuna no dej\u00f3 lesionados, s\u00f3lo da\u00f1os materiales.<\/p>\n","protected":false},"author":2,"featured_media":0,"comment_status":"open","ping_status":"open","sticky":false,"template":"","format":"standard","meta":{"om_disable_all_campaigns":false,"_monsterinsights_skip_tracking":false,"_monsterinsights_sitenote_active":false,"_monsterinsights_sitenote_note":"","_monsterinsights_sitenote_category":0,"_uf_show_specific_survey":0,"_uf_disable_surveys":false,"footnotes":""},"categories":[13,12,9,62],"tags":[22,40],"class_list":["post-4914","post","type-post","status-publish","format-standard","hentry","category-nota-roja","category-regional","category-tendencias","category-videos","tag-nota-roja","tag-videos"],"aioseo_notices":[],"_links":{"self":[{"href":"https:\/\/plumanegranoticias.com\/index.php?rest_route=\/wp\/v2\/posts\/4914","targetHints":{"allow":["GET"]}}],"collection":[{"href":"https:\/\/plumanegranoticias.com\/index.php?rest_route=\/wp\/v2\/posts"}],"about":[{"href":"https:\/\/plumanegranoticias.com\/index.php?rest_route=\/wp\/v2\/types\/post"}],"author":[{"embeddable":true,"href":"https:\/\/plumanegranoticias.com\/index.php?rest_route=\/wp\/v2\/users\/2"}],"replies":[{"embeddable":true,"href":"https:\/\/plumanegranoticias.com\/index.php?rest_route=%2Fwp%2Fv2%2Fcomments&post=4914"}],"version-history":[{"count":1,"href":"https:\/\/plumanegranoticias.com\/index.php?rest_route=\/wp\/v2\/posts\/4914\/revisions"}],"predecessor-version":[{"id":4915,"href":"https:\/\/plumanegranoticias.com\/index.php?rest_route=\/wp\/v2\/posts\/4914\/revisions\/4915"}],"wp:attachment":[{"href":"https:\/\/plumanegranoticias.com\/index.php?rest_route=%2Fwp%2Fv2%2Fmedia&parent=4914"}],"wp:term":[{"taxonomy":"category","embeddable":true,"href":"https:\/\/plumanegranoticias.com\/index.php?rest_route=%2Fwp%2Fv2%2Fcategories&post=4914"},{"taxonomy":"post_tag","embeddable":true,"href":"https:\/\/plumanegranoticias.com\/index.php?rest_route=%2Fwp%2Fv2%2Ftags&post=4914"}],"curies":[{"name":"wp","href":"https:\/\/api.w.org\/{rel}","templated":true}]}}