{"id":4917,"date":"2024-09-18T06:39:18","date_gmt":"2024-09-18T12:39:18","guid":{"rendered":"https:\/\/plumanegranoticias.com\/?p=4917"},"modified":"2024-09-18T06:40:52","modified_gmt":"2024-09-18T12:40:52","slug":"deja-un-lesionado-accidente-en-cordoba-veracruz","status":"publish","type":"post","link":"https:\/\/plumanegranoticias.com\/?p=4917","title":{"rendered":"DEJA UN LESIONADO ACCIDENTE EN CORDOBA-VERACRUZ"},"content":{"rendered":"\n<p>Gerardo Luna<br \/>C\u00f3rdoba, Ver.- El operador de un tractocami\u00f3n con doble tanque con raz\u00f3n social a nombre de Divisi\u00f3n Transporte SIMSA, result\u00f3 seriamente lesionado teniendo que ser atendido por param\u00e9dicos de Capufe y enviado a un hospital, luego de que se impact\u00f3 contra otra unidad de carga y derrib\u00f3 parte de las barras de concreto que dividen ambos carriles de circulaci\u00f3n quedando uno de los tanques atravesado en el kil\u00f3metro 295 de la autopista C\u00f3rdoba-Veracruz antes del tr\u00e9bol de Amatl\u00e1n.<br \/>La circulaci\u00f3n vehicular se encuentra afectada en estos momentos debido a que oficiales de la Guardia Nacional est\u00e1n tomando conocimiento, adem\u00e1s de que se espera el arribo del personal de gr\u00faas para realizar las maniobras correspondientes y retirar la unidad accidentada.<\/p>\n\n\n\n<figure class=\"wp-block-video\"><video height=\"368\" style=\"aspect-ratio: 848 \/ 368;\" width=\"848\" controls src=\"https:\/\/plumanegranoticias.com\/wp-content\/uploads\/2024\/09\/VID-20240918-WA0000.mp4\"><\/video><figcaption class=\"wp-element-caption\">Accidente en Amatl\u00e1n a la media noche <\/figcaption><\/figure>\n","protected":false},"excerpt":{"rendered":"<p>Gerardo LunaC\u00f3rdoba, Ver.- El operador de un tractocami\u00f3n con doble tanque con raz\u00f3n social a nombre de Divisi\u00f3n Transporte SIMSA, result\u00f3 seriamente lesionado teniendo que ser atendido por param\u00e9dicos de Capufe y enviado a un hospital, luego de que se impact\u00f3 contra otra unidad de carga y derrib\u00f3 parte de las barras de concreto que&#8230; <\/p>\n<div class=\"clear\"><\/div>\n<p><a href=\"https:\/\/plumanegranoticias.com\/?p=4917\" class=\"excerpt-read-more\">Read More<i class=\"fa fa-caret-right icon-caret-right\"><\/i><\/a><\/p>\n","protected":false},"author":2,"featured_media":4919,"comment_status":"open","ping_status":"open","sticky":false,"template":"","format":"standard","meta":{"om_disable_all_campaigns":false,"_monsterinsights_skip_tracking":false,"_monsterinsights_sitenote_active":false,"_monsterinsights_sitenote_note":"","_monsterinsights_sitenote_category":0,"_uf_show_specific_survey":0,"_uf_disable_surveys":false,"footnotes":""},"categories":[13,9,62],"tags":[22,40],"class_list":["post-4917","post","type-post","status-publish","format-standard","has-post-thumbnail","hentry","category-nota-roja","category-tendencias","category-videos","tag-nota-roja","tag-videos"],"aioseo_notices":[],"_links":{"self":[{"href":"https:\/\/plumanegranoticias.com\/index.php?rest_route=\/wp\/v2\/posts\/4917","targetHints":{"allow":["GET"]}}],"collection":[{"href":"https:\/\/plumanegranoticias.com\/index.php?rest_route=\/wp\/v2\/posts"}],"about":[{"href":"https:\/\/plumanegranoticias.com\/index.php?rest_route=\/wp\/v2\/types\/post"}],"author":[{"embeddable":true,"href":"https:\/\/plumanegranoticias.com\/index.php?rest_route=\/wp\/v2\/users\/2"}],"replies":[{"embeddable":true,"href":"https:\/\/plumanegranoticias.com\/index.php?rest_route=%2Fwp%2Fv2%2Fcomments&post=4917"}],"version-history":[{"count":1,"href":"https:\/\/plumanegranoticias.com\/index.php?rest_route=\/wp\/v2\/posts\/4917\/revisions"}],"predecessor-version":[{"id":4918,"href":"https:\/\/plumanegranoticias.com\/index.php?rest_route=\/wp\/v2\/posts\/4917\/revisions\/4918"}],"wp:featuredmedia":[{"embeddable":true,"href":"https:\/\/plumanegranoticias.com\/index.php?rest_route=\/wp\/v2\/media\/4919"}],"wp:attachment":[{"href":"https:\/\/plumanegranoticias.com\/index.php?rest_route=%2Fwp%2Fv2%2Fmedia&parent=4917"}],"wp:term":[{"taxonomy":"category","embeddable":true,"href":"https:\/\/plumanegranoticias.com\/index.php?rest_route=%2Fwp%2Fv2%2Fcategories&post=4917"},{"taxonomy":"post_tag","embeddable":true,"href":"https:\/\/plumanegranoticias.com\/index.php?rest_route=%2Fwp%2Fv2%2Ftags&post=4917"}],"curies":[{"name":"wp","href":"https:\/\/api.w.org\/{rel}","templated":true}]}}