{"id":4935,"date":"2024-09-18T21:28:13","date_gmt":"2024-09-19T03:28:13","guid":{"rendered":"https:\/\/plumanegranoticias.com\/?p=4935"},"modified":"2024-09-18T21:30:06","modified_gmt":"2024-09-19T03:30:06","slug":"carpe-diem-manolo-victorio","status":"publish","type":"post","link":"https:\/\/plumanegranoticias.com\/?p=4935","title":{"rendered":"Carpe Diem\/Manolo Victorio"},"content":{"rendered":"\n<p>Carpe Diem<\/p>\n\n\n\n<p>Manolo Victorio<\/p>\n\n\n\n<p>Genio y figura.<\/p>\n\n\n\n<p>Andr\u00e9s Manuel L\u00f3pez Obrador fue siempre \u00e9l y su circunstancia.<\/p>\n\n\n\n<p>Y en esa circunstancia donde el fin justifica los medios, se ir\u00e1 con sus reformas constitucionales empujadas a sangre, sudor, l\u00e1grimas y oratoria fijada en las ma\u00f1aneras, donde desbarranc\u00f3 con sus cotidianas criticas cargadas de insidia, verdades a medias o mentiras totales, la narrativa de los dos poderes restantes, el legislativo y judicial, que terminaron en la buchaca del tabasque\u00f1o y que le permitir\u00e1n a Claudia Sheinbaum Pardo ser una presidenta poderos\u00edsima\u2026 si se pliega a su f\u00e9rula transexenal.<\/p>\n\n\n\n<p>El presidente Andr\u00e9s Manuel L\u00f3pez Obrador inici\u00f3 su sexenio el 1 de diciembre del 2018, a contracorriente de muchas voces que dec\u00edan que estaba tocado del cuchar\u00f3n despu\u00e9s de infartarse en el invierno de 2013, producto del estr\u00e9s de conformar un movimiento social que ahora domina todos los espacios pol\u00edticos, legislativos y gubernamentales de este pa\u00eds.<\/p>\n\n\n\n<p>El domingo 23 de abril de 2023, AMLO inform\u00f3 que hab\u00eda contra\u00eddo COVID-19 por tercera vez desde el inicio de la pandemia, un hecho que r\u00e1pidamente suscit\u00f3 rumores sobre su estado de salud. Informes de un diario local en Yucat\u00e1n indicaron que el presidente hab\u00eda sufrido un desmayo asociado a un paro cardiorrespiratorio durante su estancia en el estado, se especul\u00f3 entonces que era un segundo infarto.<\/p>\n\n\n\n<p>Sin embargo, pese a su indisciplina alimentaria porque no renunci\u00f3 nunca a la comida de su tierra, a base de tamales y atoles, el presidente terminar\u00e1 su sexenio como el presidente m\u00e1s popular en la era moderna, con un 61.2 por ciento de aprobaci\u00f3n seg\u00fan el TrackingPoll de El Economista o con un 72.6% de popularidad seg\u00fan sondeo del peri\u00f3dico Milenio del lunes 2 de septiembre.<\/p>\n\n\n\n<p>\u201cTras 24 a\u00f1os de alternancias presidenciales, los&nbsp;ciudadanos decidieron refrendar su apoyo al movimiento obradorista, d\u00e1ndole no s\u00f3lo un&nbsp;s\u00f3lido respaldo a Claudia Sheinbaum, sino otorg\u00e1ndole a Morena y sus aliados la mayor\u00eda de&nbsp;los votos para el Congreso, con lo que podr\u00e1n impulsar las reformas legislativas propuestas&nbsp;durante la campa\u00f1a electoral\u201d, escribi\u00f3 Salvador Frausto en el referido peri\u00f3dico.<\/p>\n\n\n\n<p>Despu\u00e9s del voto a favor de su reforma al Poder Judicial, otorgado por el senador 86 de la causa morenista, Miguel \u00c1ngel Yunes M\u00e1rquez, Andr\u00e9s Manuel L\u00f3pez Obrador remach\u00f3 su pragmatismo pol\u00edtico y deshizo el entramado pol\u00edtico judicial que arm\u00f3 en las ma\u00f1aneras y a trav\u00e9s de Cuitl\u00e1huac Garc\u00eda en torno a una persecuci\u00f3n judicial en contra del patriarca del yunismo azul, bajo la premisa que el fin justifica los medios.<\/p>\n\n\n\n<p>Muchos opin\u00f3logos de la cosa p\u00fablica se desgarraron las vestiduras en la interpretaci\u00f3n hermen\u00e9utica y semiol\u00f3gica respecto a que Miguel \u00c1ngel Yunes Linares fue doblado por el poder totalitario del presidente Andr\u00e9s Manuel L\u00f3pez Obrador, bajo el argumento que la ausencia en el pleno del senador emecista Daniel Barreda, quien se ausent\u00f3 de la votaci\u00f3n de la reforma judicial, asegur\u00f3 que su sufragio hubiera sido en contra y ratific\u00f3 que seguir\u00e1 en el partido naranja.<\/p>\n\n\n\n<p>En el plan B, el senador del MC blandi\u00f3 el argumento infinitivo del \u201chubiera\u201d, por tanto, su ausencia daba una salida alterna en el pase de la reforma.<\/p>\n\n\n\n<p>La especulaci\u00f3n, deporte favorito de los pol\u00edticos, polit\u00f3logos y aprendices de Mandrake, indica que jam\u00e1s hubo pleito, que la persecuci\u00f3n policiaca contra los Yunes s\u00f3lo se circunscribi\u00f3 en que la Fiscal\u00eda General del Estado de Veracruz a cargo de Ver\u00f3nica Hern\u00e1ndez Giad\u00e1ns le asignara un par de m\u00e9dicos que le checaran las v\u00e9rtebras cervicales a Miguel \u00c1ngel Yunes M\u00e1rquez, quien no fue molestado ni siquiera con una citaci\u00f3n judicial efectiva a los juzgados de Pacho Viejo.<\/p>\n\n\n\n<p>La oratoria presidencial de AMLO que se refiri\u00f3 a la Torre Centro como un adefesio de 24 pisos que afea el entorno hist\u00f3rico del edificio del faro Venustiano Carranza, fue tan solo recurso discursivo para llenar las ma\u00f1eras que ofreci\u00f3 en el Puerto de Veracruz, en maniobra por sostener el rating de estos marat\u00f3nicos soliloquios.<\/p>\n\n\n\n<p>Otra vez la visi\u00f3n retorcida de que el fin justifica los medios.<\/p>\n\n\n\n<p>El encarte de los Yunes en la c\u00fapula del Movimiento de Regeneraci\u00f3n Nacional, restregado este mi\u00e9rcoles con el posteo de una fotograf\u00eda donde se observa a la presidenta electa Claudia Sheinbaum Pardo, flanqueada por Ad\u00e1n Augusto L\u00f3pez Hern\u00e1ndez y Miguel \u00c1ngel Yunes M\u00e1rquez, con pie de foto incluida en la difusi\u00f3n profusa por los jilgueros yunistas, que encerraba en dos lac\u00f3nicos p\u00e1rrafos el verdadero mensaje pol\u00edtico, volvi\u00f3 a cimbrar al morenismo veracruzano.<\/p>\n\n\n\n<p>\u201cMe reun\u00ed con la Doctora Claudia Sheinbaum para desearle mucho \u00e9xito en su gesti\u00f3n como primera Presidenta de M\u00e9xico\u201d.&nbsp;<\/p>\n\n\n\n<p>\u201cAprecio mucho la participaci\u00f3n del Senador Ad\u00e1n Augusto L\u00f3pez Hern\u00e1ndez, Presidente de la Junta de Coordinaci\u00f3n Pol\u00edtica del Senado de la Rep\u00fablica\u201d, escribi\u00f3 el senador 86 de la causa reformista en Morena.<\/p>\n\n\n\n<p>Aqu\u00ed en la aldea, estos movimientos pol\u00edticos, han cambiado el mapa geopol\u00edtico, sobre todo en la elecci\u00f3n municipal donde quienes aspiran ser candidatos a las alcald\u00edas de Veracruz y Boca del R\u00edo \u2013\u00faltimos reductos yunistas- se pelean entre s\u00ed en una guerra sorda, en las ca\u00f1er\u00edas de las colonias populares, la aceptaci\u00f3n de los simpatizantes de Morena.<\/p>\n\n\n\n<p>Ya nadie est\u00e1 seguro de nada, en vigencia brutal del aforismo acu\u00f1ado por Juan Maldonado Pereda, quien dec\u00eda que en pol\u00edtica los m\u00e1s seguro es lo inseguro.<\/p>\n\n\n\n<p>Todo puede pasar.<\/p>\n\n\n\n<p>En pol\u00edtica no hay sorpresas; solo sorprendidos.<\/p>\n\n\n\n<p>Ante los mensajes telegrafiados desde el altiplano, aqu\u00ed en Veracruz, Norma Roc\u00edo Nahle Garc\u00eda ha dicho hasta el cansancio, a los cuatro vientos que en Morena Veracruz hay un NRDA en la puerta de Esteban Ram\u00edrez Zepeta, dirigente estatal, quien ha salido a decir que los Yunes no son bienvenidos al movimiento, a contrapelo de lo declarado por Gerardo Fern\u00e1ndez Noro\u00f1a, presidente del Senado, quien desliz\u00f3 la posibilidad de \u201cdarle cobijo\u201d a los Yunes en el equipo magenta.<\/p>\n\n\n\n<p>En estos vaivenes, Cuitl\u00e1huac Garc\u00eda Jim\u00e9nez no descart\u00f3 reunirse con el senador Miguel \u00c1ngel Yunes M\u00e1rquez, en aras de la cordialidad pol\u00edtica.<\/p>\n\n\n\n<p>Ser\u00e1 un cambio de sistema como preconiza la cuatrote; sin embargo, la vieja f\u00f3rmula de tragar sapos sin hacer el menor gesto, sigue vigente.<\/p>\n\n\n\n<p>A\u00fan quedan muchos trucos en el sombrero de palma tropical del presidente.<\/p>\n\n\n\n<p>\u2026de otro costal.<\/p>\n\n\n\n<p>Arantxa Zamitiz Sosa, alcaldesa de Soledad de Doblado, es se\u00f1alada de proteger y dar protecci\u00f3n a sujetos de pasados tormentosos que operan una estaci\u00f3n de radio ilegal en su municipio.<\/p>\n\n\n\n<p>Un grupo musical llamado \u201cLos Makacos de la cumbia\u201d, originarios de la comunidad de Mata Cazuela de ese municipio, dicen contar con todo el apoyo de la alcaldesa Morenista para instalar una frecuencia de radio ap\u00f3crifa.<\/p>\n\n\n\n<p>&nbsp;Zamitiz Sosa no solo ha permitido ser golpeada y humillada por su esposo el presidente del DIF Municipal, Alan Aguirre Lagunes, si no que hoy ha dado alojamiento, y dispuso de un local en el mercado Miguel Hidalgo de la cabecera para la operaci\u00f3n de una estaci\u00f3n de radio con contenido vulgar, operada por m\u00fasicos sin preparaci\u00f3n en comunicaci\u00f3n, comandados por r Javier Salgado Cessa.<\/p>\n\n\n\n<p>El Instituto Federal de Telecomunicaciones ya tiene conocimiento de este hecho y tomar\u00e1 cartas en el asunto de la frecuencia aparentemente ilegal.<\/p>\n\n\n\n<p>columnacarpediem@gmail.com<\/p>\n\n\n","protected":false},"excerpt":{"rendered":"<p>Carpe Diem Manolo Victorio Genio y figura. Andr\u00e9s Manuel L\u00f3pez Obrador fue siempre \u00e9l y su circunstancia. Y en esa circunstancia donde el fin justifica los medios, se ir\u00e1 con sus reformas constitucionales empujadas a sangre, sudor, l\u00e1grimas y oratoria fijada en las ma\u00f1aneras, donde desbarranc\u00f3 con sus cotidianas criticas cargadas de insidia, verdades a&#8230; <\/p>\n<div class=\"clear\"><\/div>\n<p><a href=\"https:\/\/plumanegranoticias.com\/?p=4935\" class=\"excerpt-read-more\">Read More<i class=\"fa fa-caret-right icon-caret-right\"><\/i><\/a><\/p>\n","protected":false},"author":2,"featured_media":4937,"comment_status":"open","ping_status":"open","sticky":false,"template":"","format":"standard","meta":{"om_disable_all_campaigns":false,"_monsterinsights_skip_tracking":false,"_monsterinsights_sitenote_active":false,"_monsterinsights_sitenote_note":"","_monsterinsights_sitenote_category":0,"_uf_show_specific_survey":0,"_uf_disable_surveys":false,"footnotes":""},"categories":[1,8],"tags":[37],"class_list":["post-4935","post","type-post","status-publish","format-standard","has-post-thumbnail","hentry","category-blog","category-politica","tag-editorial"],"aioseo_notices":[],"_links":{"self":[{"href":"https:\/\/plumanegranoticias.com\/index.php?rest_route=\/wp\/v2\/posts\/4935","targetHints":{"allow":["GET"]}}],"collection":[{"href":"https:\/\/plumanegranoticias.com\/index.php?rest_route=\/wp\/v2\/posts"}],"about":[{"href":"https:\/\/plumanegranoticias.com\/index.php?rest_route=\/wp\/v2\/types\/post"}],"author":[{"embeddable":true,"href":"https:\/\/plumanegranoticias.com\/index.php?rest_route=\/wp\/v2\/users\/2"}],"replies":[{"embeddable":true,"href":"https:\/\/plumanegranoticias.com\/index.php?rest_route=%2Fwp%2Fv2%2Fcomments&post=4935"}],"version-history":[{"count":1,"href":"https:\/\/plumanegranoticias.com\/index.php?rest_route=\/wp\/v2\/posts\/4935\/revisions"}],"predecessor-version":[{"id":4936,"href":"https:\/\/plumanegranoticias.com\/index.php?rest_route=\/wp\/v2\/posts\/4935\/revisions\/4936"}],"wp:featuredmedia":[{"embeddable":true,"href":"https:\/\/plumanegranoticias.com\/index.php?rest_route=\/wp\/v2\/media\/4937"}],"wp:attachment":[{"href":"https:\/\/plumanegranoticias.com\/index.php?rest_route=%2Fwp%2Fv2%2Fmedia&parent=4935"}],"wp:term":[{"taxonomy":"category","embeddable":true,"href":"https:\/\/plumanegranoticias.com\/index.php?rest_route=%2Fwp%2Fv2%2Fcategories&post=4935"},{"taxonomy":"post_tag","embeddable":true,"href":"https:\/\/plumanegranoticias.com\/index.php?rest_route=%2Fwp%2Fv2%2Ftags&post=4935"}],"curies":[{"name":"wp","href":"https:\/\/api.w.org\/{rel}","templated":true}]}}