{"id":4955,"date":"2024-09-20T10:11:32","date_gmt":"2024-09-20T16:11:32","guid":{"rendered":"https:\/\/plumanegranoticias.com\/?p=4955"},"modified":"2024-09-20T10:12:29","modified_gmt":"2024-09-20T16:12:29","slug":"accidente-en-mata-espino-2","status":"publish","type":"post","link":"https:\/\/plumanegranoticias.com\/?p=4955","title":{"rendered":"ACCIDENTE EN MATA ESPINO"},"content":{"rendered":"\n<p>Un veh\u00edculo pesado y una camioneta particular sub, colisionaron est\u00e1 ma\u00f1ana en la carretera federal 150 Paso del Toro-La Tinaja a la altura de Paso Le\u00f3n cerca de Mata Espino, municipio de Cotaxtla.<\/p>\n\n\n\n<p>En el accidente solo se registraron da\u00f1os materiales y el susto de los conductores de los dos veh\u00edculos.<\/p>\n\n\n\n<figure class=\"wp-block-image size-large\"><img loading=\"lazy\" decoding=\"async\" width=\"1024\" height=\"770\" src=\"https:\/\/plumanegranoticias.com\/wp-content\/uploads\/2024\/09\/img-20240920-wa00321428912065497989769-1024x770.jpg\" alt=\"\" class=\"wp-image-4954\" srcset=\"https:\/\/plumanegranoticias.com\/wp-content\/uploads\/2024\/09\/img-20240920-wa00321428912065497989769-1024x770.jpg 1024w, https:\/\/plumanegranoticias.com\/wp-content\/uploads\/2024\/09\/img-20240920-wa00321428912065497989769-300x226.jpg 300w, https:\/\/plumanegranoticias.com\/wp-content\/uploads\/2024\/09\/img-20240920-wa00321428912065497989769-768x578.jpg 768w, https:\/\/plumanegranoticias.com\/wp-content\/uploads\/2024\/09\/img-20240920-wa00321428912065497989769-400x300.jpg 400w, https:\/\/plumanegranoticias.com\/wp-content\/uploads\/2024\/09\/img-20240920-wa00321428912065497989769.jpg 1280w\" sizes=\"auto, (max-width: 1024px) 100vw, 1024px\" \/><\/figure>\n\n\n\n<figure class=\"wp-block-image\"><img loading=\"lazy\" decoding=\"async\" width=\"1024\" height=\"576\" src=\"https:\/\/plumanegranoticias.com\/wp-content\/uploads\/2024\/09\/img-20240920-wa00335611213988822812024-1024x576.jpg\" alt=\"\" class=\"wp-image-4953\" srcset=\"https:\/\/plumanegranoticias.com\/wp-content\/uploads\/2024\/09\/img-20240920-wa00335611213988822812024-1024x576.jpg 1024w, https:\/\/plumanegranoticias.com\/wp-content\/uploads\/2024\/09\/img-20240920-wa00335611213988822812024-300x169.jpg 300w, https:\/\/plumanegranoticias.com\/wp-content\/uploads\/2024\/09\/img-20240920-wa00335611213988822812024-768x432.jpg 768w, https:\/\/plumanegranoticias.com\/wp-content\/uploads\/2024\/09\/img-20240920-wa00335611213988822812024.jpg 1280w\" sizes=\"auto, (max-width: 1024px) 100vw, 1024px\" \/><figcaption class=\"wp-element-caption\">Accidente en Mata Espino <\/figcaption><\/figure>\n","protected":false},"excerpt":{"rendered":"<p>Un veh\u00edculo pesado y una camioneta particular sub, colisionaron est\u00e1 ma\u00f1ana en la carretera federal 150 Paso del Toro-La Tinaja a la altura de Paso Le\u00f3n cerca de Mata Espino, municipio de Cotaxtla. En el accidente solo se registraron da\u00f1os materiales y el susto de los conductores de los dos veh\u00edculos.<\/p>\n","protected":false},"author":2,"featured_media":4957,"comment_status":"open","ping_status":"open","sticky":false,"template":"","format":"standard","meta":{"om_disable_all_campaigns":false,"_monsterinsights_skip_tracking":false,"_monsterinsights_sitenote_active":false,"_monsterinsights_sitenote_note":"","_monsterinsights_sitenote_category":0,"_uf_show_specific_survey":0,"_uf_disable_surveys":false,"footnotes":""},"categories":[1,13,12],"tags":[],"class_list":["post-4955","post","type-post","status-publish","format-standard","has-post-thumbnail","hentry","category-blog","category-nota-roja","category-regional"],"aioseo_notices":[],"_links":{"self":[{"href":"https:\/\/plumanegranoticias.com\/index.php?rest_route=\/wp\/v2\/posts\/4955","targetHints":{"allow":["GET"]}}],"collection":[{"href":"https:\/\/plumanegranoticias.com\/index.php?rest_route=\/wp\/v2\/posts"}],"about":[{"href":"https:\/\/plumanegranoticias.com\/index.php?rest_route=\/wp\/v2\/types\/post"}],"author":[{"embeddable":true,"href":"https:\/\/plumanegranoticias.com\/index.php?rest_route=\/wp\/v2\/users\/2"}],"replies":[{"embeddable":true,"href":"https:\/\/plumanegranoticias.com\/index.php?rest_route=%2Fwp%2Fv2%2Fcomments&post=4955"}],"version-history":[{"count":1,"href":"https:\/\/plumanegranoticias.com\/index.php?rest_route=\/wp\/v2\/posts\/4955\/revisions"}],"predecessor-version":[{"id":4956,"href":"https:\/\/plumanegranoticias.com\/index.php?rest_route=\/wp\/v2\/posts\/4955\/revisions\/4956"}],"wp:featuredmedia":[{"embeddable":true,"href":"https:\/\/plumanegranoticias.com\/index.php?rest_route=\/wp\/v2\/media\/4957"}],"wp:attachment":[{"href":"https:\/\/plumanegranoticias.com\/index.php?rest_route=%2Fwp%2Fv2%2Fmedia&parent=4955"}],"wp:term":[{"taxonomy":"category","embeddable":true,"href":"https:\/\/plumanegranoticias.com\/index.php?rest_route=%2Fwp%2Fv2%2Fcategories&post=4955"},{"taxonomy":"post_tag","embeddable":true,"href":"https:\/\/plumanegranoticias.com\/index.php?rest_route=%2Fwp%2Fv2%2Ftags&post=4955"}],"curies":[{"name":"wp","href":"https:\/\/api.w.org\/{rel}","templated":true}]}}