{"id":4975,"date":"2024-09-23T15:59:36","date_gmt":"2024-09-23T21:59:36","guid":{"rendered":"https:\/\/plumanegranoticias.com\/?p=4975"},"modified":"2024-09-23T16:00:21","modified_gmt":"2024-09-23T22:00:21","slug":"piden-despegar-eleccion-de-jueces-de-alcaldes-en-veracruz","status":"publish","type":"post","link":"https:\/\/plumanegranoticias.com\/?p=4975","title":{"rendered":"PIDEN DESPEGAR ELECCI\u00d3N DE JUECES DE ALCALDES EN VERACRUZ"},"content":{"rendered":"\n<p><em>Pide consejero Nacional del PRI que elecciones del Poder Judicial y municipales no sean el mismo d\u00eda<\/em><\/p>\n\n\n\n<p>\u00c1ngeles Gonz\u00e1lez Ceballos<br>Xalapa, Ver., El consejero nacional del PRI, Ram\u00f3n Alberto Reyes Viveros opin\u00f3 que las elecciones de jueces y magistrados no se deben llevar a cabo el mismo d\u00eda de las votaciones para presidentes municipales.<\/p>\n\n\n\n<p>En entrevista, coment\u00f3 que se trata de una elecci\u00f3n &#8220;inoperativa&#8221; y con muchas fallas y sin la representaci\u00f3n de los partidos pol\u00edticos.<\/p>\n\n\n\n<p>Por lo que consider\u00f3 un desprop\u00f3sito lo anunciado este d\u00eda por Guadalupe Tadey, consejera presidenta del Instituto Nacional Electoral.<\/p>\n\n\n\n<p>Asimismo, inst\u00f3 a la Suprema Corte de Justicia de la Naci\u00f3n a declarar inconstitucional la reforma judicial, pues hay mucha complejidad en esta elecci\u00f3n extraordinaria.<\/p>\n\n\n\n<p>Coment\u00f3 que no hay certeza para los partidos pol\u00edticos ni para los veracruzanos de que la eleccion municipal del proximo 1 de junio de 2025, vaya a tener una implicaci\u00f3n legal.<\/p>\n\n\n\n<p>Ante ello, invit\u00f3 a que los ciudadanos se informen, pues se tratar\u00eda de un proceso con inconsistencias.<\/p>\n\n\n\n<figure class=\"wp-block-image size-large\"><img loading=\"lazy\" decoding=\"async\" width=\"1024\" height=\"768\" src=\"https:\/\/plumanegranoticias.com\/wp-content\/uploads\/2024\/09\/img-20240923-wa01492866959801705010680-1024x768.jpg\" alt=\"\" class=\"wp-image-4974\" srcset=\"https:\/\/plumanegranoticias.com\/wp-content\/uploads\/2024\/09\/img-20240923-wa01492866959801705010680-1024x768.jpg 1024w, https:\/\/plumanegranoticias.com\/wp-content\/uploads\/2024\/09\/img-20240923-wa01492866959801705010680-300x225.jpg 300w, https:\/\/plumanegranoticias.com\/wp-content\/uploads\/2024\/09\/img-20240923-wa01492866959801705010680-768x576.jpg 768w, https:\/\/plumanegranoticias.com\/wp-content\/uploads\/2024\/09\/img-20240923-wa01492866959801705010680-1536x1152.jpg 1536w, https:\/\/plumanegranoticias.com\/wp-content\/uploads\/2024\/09\/img-20240923-wa01492866959801705010680-400x300.jpg 400w, https:\/\/plumanegranoticias.com\/wp-content\/uploads\/2024\/09\/img-20240923-wa01492866959801705010680.jpg 1600w\" sizes=\"auto, (max-width: 1024px) 100vw, 1024px\" \/><\/figure>\n","protected":false},"excerpt":{"rendered":"<p>Pide consejero Nacional del PRI que elecciones del Poder Judicial y municipales no sean el mismo d\u00eda \u00c1ngeles Gonz\u00e1lez CeballosXalapa, Ver., El consejero nacional del PRI, Ram\u00f3n Alberto Reyes Viveros opin\u00f3 que las elecciones de jueces y magistrados no se deben llevar a cabo el mismo d\u00eda de las votaciones para presidentes municipales. En entrevista,&#8230; <\/p>\n<div class=\"clear\"><\/div>\n<p><a href=\"https:\/\/plumanegranoticias.com\/?p=4975\" class=\"excerpt-read-more\">Read More<i class=\"fa fa-caret-right icon-caret-right\"><\/i><\/a><\/p>\n","protected":false},"author":2,"featured_media":4977,"comment_status":"open","ping_status":"open","sticky":false,"template":"","format":"standard","meta":{"om_disable_all_campaigns":false,"_monsterinsights_skip_tracking":false,"_monsterinsights_sitenote_active":false,"_monsterinsights_sitenote_note":"","_monsterinsights_sitenote_category":0,"_uf_show_specific_survey":0,"_uf_disable_surveys":false,"footnotes":""},"categories":[1],"tags":[18,61,19],"class_list":["post-4975","post","type-post","status-publish","format-standard","has-post-thumbnail","hentry","category-blog","tag-noticia","tag-politica","tag-regional"],"aioseo_notices":[],"_links":{"self":[{"href":"https:\/\/plumanegranoticias.com\/index.php?rest_route=\/wp\/v2\/posts\/4975","targetHints":{"allow":["GET"]}}],"collection":[{"href":"https:\/\/plumanegranoticias.com\/index.php?rest_route=\/wp\/v2\/posts"}],"about":[{"href":"https:\/\/plumanegranoticias.com\/index.php?rest_route=\/wp\/v2\/types\/post"}],"author":[{"embeddable":true,"href":"https:\/\/plumanegranoticias.com\/index.php?rest_route=\/wp\/v2\/users\/2"}],"replies":[{"embeddable":true,"href":"https:\/\/plumanegranoticias.com\/index.php?rest_route=%2Fwp%2Fv2%2Fcomments&post=4975"}],"version-history":[{"count":1,"href":"https:\/\/plumanegranoticias.com\/index.php?rest_route=\/wp\/v2\/posts\/4975\/revisions"}],"predecessor-version":[{"id":4976,"href":"https:\/\/plumanegranoticias.com\/index.php?rest_route=\/wp\/v2\/posts\/4975\/revisions\/4976"}],"wp:featuredmedia":[{"embeddable":true,"href":"https:\/\/plumanegranoticias.com\/index.php?rest_route=\/wp\/v2\/media\/4977"}],"wp:attachment":[{"href":"https:\/\/plumanegranoticias.com\/index.php?rest_route=%2Fwp%2Fv2%2Fmedia&parent=4975"}],"wp:term":[{"taxonomy":"category","embeddable":true,"href":"https:\/\/plumanegranoticias.com\/index.php?rest_route=%2Fwp%2Fv2%2Fcategories&post=4975"},{"taxonomy":"post_tag","embeddable":true,"href":"https:\/\/plumanegranoticias.com\/index.php?rest_route=%2Fwp%2Fv2%2Ftags&post=4975"}],"curies":[{"name":"wp","href":"https:\/\/api.w.org\/{rel}","templated":true}]}}