{"id":4986,"date":"2024-09-23T16:20:44","date_gmt":"2024-09-23T22:20:44","guid":{"rendered":"https:\/\/plumanegranoticias.com\/?p=4986"},"modified":"2024-09-23T16:21:36","modified_gmt":"2024-09-23T22:21:36","slug":"aprende-personal-de-ople-lenguaje-de-senas","status":"publish","type":"post","link":"https:\/\/plumanegranoticias.com\/?p=4986","title":{"rendered":"APRENDE PERSONAL DE OPLE LENGUAJE DE SE\u00d1AS"},"content":{"rendered":"\n<figure class=\"wp-block-image size-large\"><img loading=\"lazy\" decoding=\"async\" width=\"1024\" height=\"682\" src=\"https:\/\/plumanegranoticias.com\/wp-content\/uploads\/2024\/09\/img-20240923-wa01433735733890577383913-1024x682.jpg\" alt=\"\" class=\"wp-image-4985\" srcset=\"https:\/\/plumanegranoticias.com\/wp-content\/uploads\/2024\/09\/img-20240923-wa01433735733890577383913-1024x682.jpg 1024w, https:\/\/plumanegranoticias.com\/wp-content\/uploads\/2024\/09\/img-20240923-wa01433735733890577383913-300x200.jpg 300w, https:\/\/plumanegranoticias.com\/wp-content\/uploads\/2024\/09\/img-20240923-wa01433735733890577383913-768x512.jpg 768w, https:\/\/plumanegranoticias.com\/wp-content\/uploads\/2024\/09\/img-20240923-wa01433735733890577383913-1536x1023.jpg 1536w, https:\/\/plumanegranoticias.com\/wp-content\/uploads\/2024\/09\/img-20240923-wa01433735733890577383913.jpg 1600w\" sizes=\"auto, (max-width: 1024px) 100vw, 1024px\" \/><\/figure>\n\n\n\n<p><em>OPLE Veracruz consolida la Lengua de Se\u00f1as Mexicana en su personal<\/em><br>\u25cf Se mantiene la capacitaci\u00f3n al funcionariado sobre la Lengua de Se\u00f1as Mexicana (LSM) para brindar una atenci\u00f3n inclusiva a la ciudadan\u00eda<\/p>\n\n\n\n<p>Xalapa, Veracruz, 23 de septiembre de 2024. En el marco del D\u00eda Internacional de las Lenguas de Se\u00f1as, el Organismo P\u00fablico Local Electoral del Estado de Veracruz (OPLE Veracruz), a trav\u00e9s la Comisi\u00f3n Permanente de Igualdad de G\u00e9nero y No Discriminaci\u00f3n, mantiene la capacitaci\u00f3n a su funcionariado sobre la Lengua de Se\u00f1as Mexicana (LSM), con el objetivo de consolidar una atenci\u00f3n ciudadana inclusiva.<br \/>La Presidenta de la Comisi\u00f3n, Mar\u00eda de Lourdes Fern\u00e1ndez Mart\u00ednez expres\u00f3 la importancia de mantener la capacitaci\u00f3n al funcionariado para incidir en una sociedad que incluya a las personas en situaci\u00f3n de vulnerabilidad.<br \/>\u201cAgradezco la participaci\u00f3n, el buen \u00e1nimo tambi\u00e9n, pero, sobre todo la firme convicci\u00f3n de seguir pugnando por una sociedad m\u00e1s incluyente\u201d, resalt\u00f3 y agradeci\u00f3 el inter\u00e9s del funcionariado p\u00fablico.<br \/>El taller de introducci\u00f3n a la LSM que se brind\u00f3 fue para reforzar el conocimiento adquirido durante el mes de agosto, el cual, fue impartido por los int\u00e9rpretes, Miguel \u00c1ngel Preciado L\u00f3pez, y de la asociaci\u00f3n civil \u201cEnse\u00f1as para la Inclusi\u00f3n\u201d, Juan Jos\u00e9 Hoyos Utrera e Iv\u00e1n D\u00edaz Ortiz.<br \/>Por \u00faltimo, en este espacio se dio un repaso a palabras, abecedario, expresiones, as\u00ed como comprensi\u00f3n de di\u00e1logos en LSM; y se cont\u00f3 con la asistencia de representaciones partidistas.<\/p>\n","protected":false},"excerpt":{"rendered":"<p>OPLE Veracruz consolida la Lengua de Se\u00f1as Mexicana en su personal\u25cf Se mantiene la capacitaci\u00f3n al funcionariado sobre la Lengua de Se\u00f1as Mexicana (LSM) para brindar una atenci\u00f3n inclusiva a la ciudadan\u00eda Xalapa, Veracruz, 23 de septiembre de 2024. En el marco del D\u00eda Internacional de las Lenguas de Se\u00f1as, el Organismo P\u00fablico Local Electoral&#8230; <\/p>\n<div class=\"clear\"><\/div>\n<p><a href=\"https:\/\/plumanegranoticias.com\/?p=4986\" class=\"excerpt-read-more\">Read More<i class=\"fa fa-caret-right icon-caret-right\"><\/i><\/a><\/p>\n","protected":false},"author":2,"featured_media":4988,"comment_status":"open","ping_status":"open","sticky":false,"template":"","format":"standard","meta":{"om_disable_all_campaigns":false,"_monsterinsights_skip_tracking":false,"_monsterinsights_sitenote_active":false,"_monsterinsights_sitenote_note":"","_monsterinsights_sitenote_category":0,"_uf_show_specific_survey":0,"_uf_disable_surveys":false,"footnotes":""},"categories":[1],"tags":[18,61],"class_list":["post-4986","post","type-post","status-publish","format-standard","has-post-thumbnail","hentry","category-blog","tag-noticia","tag-politica"],"aioseo_notices":[],"_links":{"self":[{"href":"https:\/\/plumanegranoticias.com\/index.php?rest_route=\/wp\/v2\/posts\/4986","targetHints":{"allow":["GET"]}}],"collection":[{"href":"https:\/\/plumanegranoticias.com\/index.php?rest_route=\/wp\/v2\/posts"}],"about":[{"href":"https:\/\/plumanegranoticias.com\/index.php?rest_route=\/wp\/v2\/types\/post"}],"author":[{"embeddable":true,"href":"https:\/\/plumanegranoticias.com\/index.php?rest_route=\/wp\/v2\/users\/2"}],"replies":[{"embeddable":true,"href":"https:\/\/plumanegranoticias.com\/index.php?rest_route=%2Fwp%2Fv2%2Fcomments&post=4986"}],"version-history":[{"count":1,"href":"https:\/\/plumanegranoticias.com\/index.php?rest_route=\/wp\/v2\/posts\/4986\/revisions"}],"predecessor-version":[{"id":4987,"href":"https:\/\/plumanegranoticias.com\/index.php?rest_route=\/wp\/v2\/posts\/4986\/revisions\/4987"}],"wp:featuredmedia":[{"embeddable":true,"href":"https:\/\/plumanegranoticias.com\/index.php?rest_route=\/wp\/v2\/media\/4988"}],"wp:attachment":[{"href":"https:\/\/plumanegranoticias.com\/index.php?rest_route=%2Fwp%2Fv2%2Fmedia&parent=4986"}],"wp:term":[{"taxonomy":"category","embeddable":true,"href":"https:\/\/plumanegranoticias.com\/index.php?rest_route=%2Fwp%2Fv2%2Fcategories&post=4986"},{"taxonomy":"post_tag","embeddable":true,"href":"https:\/\/plumanegranoticias.com\/index.php?rest_route=%2Fwp%2Fv2%2Ftags&post=4986"}],"curies":[{"name":"wp","href":"https:\/\/api.w.org\/{rel}","templated":true}]}}