{"id":5001,"date":"2024-09-24T14:10:22","date_gmt":"2024-09-24T20:10:22","guid":{"rendered":"https:\/\/plumanegranoticias.com\/?p=5001"},"modified":"2024-09-24T14:10:42","modified_gmt":"2024-09-24T20:10:42","slug":"caen-presuntas-asesinas-de-menor-en-xalapa","status":"publish","type":"post","link":"https:\/\/plumanegranoticias.com\/?p=5001","title":{"rendered":"CAEN PRESUNTAS ASESINAS DE MENOR EN XALAPA"},"content":{"rendered":"\n<p>PRISI\u00d3N PREVENTIVA OFICIOSA A PRESUNTAS RESPONSABLES DE HOMICIDIO DE MENOR DE EDAD EN XALAPA<\/p>\n\n\n\n<p>Xalapa, Ver., a\u00a024 de\u00a0septiembre\u00a0de 2024.- La Fiscal\u00eda Regional Xalapa realiz\u00f3 imputaci\u00f3n en contra de Diana Patricia \u201cN\u201d y Mar\u00eda Paola \u201cN\u201d como probables responsables del delito de homicidio calificado, en agravio de un menor de edad de identidad resguardada.\u00a0<\/p>\n\n\n\n<p>Los hechos sucedieron el 13 de septiembre en el municipio de Alto Lucero cuando la v\u00edctima fue reportada por sus familiares como no localizado, siendo encontrado su cuerpo sin vida el pasado 14 de septiembre del a\u00f1o en curso en la calle \u00d3palo esquina Loma del Zapote, colonia la Haciendita, en esta ciudad.&nbsp;<\/p>\n\n\n\n<p>El juez dict\u00f3 como medida cautelar prisi\u00f3n preventiva oficiosa por la temporalidad de un a\u00f1o, dentro del proceso penal 1079\/2024.&nbsp;<\/p>\n\n\n\n<figure class=\"wp-block-image size-large\"><img loading=\"lazy\" decoding=\"async\" width=\"1024\" height=\"1024\" src=\"https:\/\/plumanegranoticias.com\/wp-content\/uploads\/2024\/09\/img-20240924-wa00944111716798251270415-1024x1024.jpg\" alt=\"\" class=\"wp-image-5000\" srcset=\"https:\/\/plumanegranoticias.com\/wp-content\/uploads\/2024\/09\/img-20240924-wa00944111716798251270415-1024x1024.jpg 1024w, https:\/\/plumanegranoticias.com\/wp-content\/uploads\/2024\/09\/img-20240924-wa00944111716798251270415-300x300.jpg 300w, https:\/\/plumanegranoticias.com\/wp-content\/uploads\/2024\/09\/img-20240924-wa00944111716798251270415-150x150.jpg 150w, https:\/\/plumanegranoticias.com\/wp-content\/uploads\/2024\/09\/img-20240924-wa00944111716798251270415-768x768.jpg 768w, https:\/\/plumanegranoticias.com\/wp-content\/uploads\/2024\/09\/img-20240924-wa00944111716798251270415-400x400.jpg 400w, https:\/\/plumanegranoticias.com\/wp-content\/uploads\/2024\/09\/img-20240924-wa00944111716798251270415.jpg 1200w\" sizes=\"auto, (max-width: 1024px) 100vw, 1024px\" \/><\/figure>\n","protected":false},"excerpt":{"rendered":"<p>PRISI\u00d3N PREVENTIVA OFICIOSA A PRESUNTAS RESPONSABLES DE HOMICIDIO DE MENOR DE EDAD EN XALAPA Xalapa, Ver., a\u00a024 de\u00a0septiembre\u00a0de 2024.- La Fiscal\u00eda Regional Xalapa realiz\u00f3 imputaci\u00f3n en contra de Diana Patricia \u201cN\u201d y Mar\u00eda Paola \u201cN\u201d como probables responsables del delito de homicidio calificado, en agravio de un menor de edad de identidad resguardada.\u00a0 Los hechos&#8230; <\/p>\n<div class=\"clear\"><\/div>\n<p><a href=\"https:\/\/plumanegranoticias.com\/?p=5001\" class=\"excerpt-read-more\">Read More<i class=\"fa fa-caret-right icon-caret-right\"><\/i><\/a><\/p>\n","protected":false},"author":2,"featured_media":5003,"comment_status":"open","ping_status":"open","sticky":false,"template":"","format":"standard","meta":{"om_disable_all_campaigns":false,"_monsterinsights_skip_tracking":false,"_monsterinsights_sitenote_active":false,"_monsterinsights_sitenote_note":"","_monsterinsights_sitenote_category":0,"_uf_show_specific_survey":0,"_uf_disable_surveys":false,"footnotes":""},"categories":[1],"tags":[22,18],"class_list":["post-5001","post","type-post","status-publish","format-standard","has-post-thumbnail","hentry","category-blog","tag-nota-roja","tag-noticia"],"aioseo_notices":[],"_links":{"self":[{"href":"https:\/\/plumanegranoticias.com\/index.php?rest_route=\/wp\/v2\/posts\/5001","targetHints":{"allow":["GET"]}}],"collection":[{"href":"https:\/\/plumanegranoticias.com\/index.php?rest_route=\/wp\/v2\/posts"}],"about":[{"href":"https:\/\/plumanegranoticias.com\/index.php?rest_route=\/wp\/v2\/types\/post"}],"author":[{"embeddable":true,"href":"https:\/\/plumanegranoticias.com\/index.php?rest_route=\/wp\/v2\/users\/2"}],"replies":[{"embeddable":true,"href":"https:\/\/plumanegranoticias.com\/index.php?rest_route=%2Fwp%2Fv2%2Fcomments&post=5001"}],"version-history":[{"count":1,"href":"https:\/\/plumanegranoticias.com\/index.php?rest_route=\/wp\/v2\/posts\/5001\/revisions"}],"predecessor-version":[{"id":5002,"href":"https:\/\/plumanegranoticias.com\/index.php?rest_route=\/wp\/v2\/posts\/5001\/revisions\/5002"}],"wp:featuredmedia":[{"embeddable":true,"href":"https:\/\/plumanegranoticias.com\/index.php?rest_route=\/wp\/v2\/media\/5003"}],"wp:attachment":[{"href":"https:\/\/plumanegranoticias.com\/index.php?rest_route=%2Fwp%2Fv2%2Fmedia&parent=5001"}],"wp:term":[{"taxonomy":"category","embeddable":true,"href":"https:\/\/plumanegranoticias.com\/index.php?rest_route=%2Fwp%2Fv2%2Fcategories&post=5001"},{"taxonomy":"post_tag","embeddable":true,"href":"https:\/\/plumanegranoticias.com\/index.php?rest_route=%2Fwp%2Fv2%2Ftags&post=5001"}],"curies":[{"name":"wp","href":"https:\/\/api.w.org\/{rel}","templated":true}]}}