{"id":5021,"date":"2024-09-25T11:44:04","date_gmt":"2024-09-25T17:44:04","guid":{"rendered":"https:\/\/plumanegranoticias.com\/?p=5021"},"modified":"2024-09-25T11:44:36","modified_gmt":"2024-09-25T17:44:36","slug":"lucha-por-su-vida-menor-que-frusto-asalto","status":"publish","type":"post","link":"https:\/\/plumanegranoticias.com\/?p=5021","title":{"rendered":"LUCHA POR SU VIDA MENOR QUE FRUSTO ASALTO"},"content":{"rendered":"\n<p>H\u00e9roe de 16 a\u00f1os se debate entre la vida y la muerte tras frustrar un asalto en Mecayapan<\/p>\n\n\n\n<p>Alejandro \u00c1vila<\/p>\n\n\n\n<p>Mecayapan, Ver.- Un joven de 16 a\u00f1os que se visti\u00f3 de h\u00e9roe la noche de este martes en el municipio de Mecayapan, se debate entre la vida y la muerte tras frustrar el asalto a una gasolinera.<\/p>\n\n\n\n<p>Los hechos ocurrieron en la localidad de Tonalapa, donde el joven que labora como mototaxista vio como se realizaba un violento asalto a una gasolinera y decidi\u00f3 intervenir para frustrar el atraco.<\/p>\n\n\n\n<p>Seg\u00fan testigos, dos j\u00f3venes armados llegaron al establecimiento y amenazaron a las despachadoras, exigiendo dinero y pertenencias; en un acto de valent\u00eda, un joven de 16 a\u00f1os intent\u00f3 desarmar a uno de los delincuentes, recibiendo al menos dos impactos de bala, uno en el brazo y otro en el t\u00f3rax.<\/p>\n\n\n\n<p>Los pobladores, al percatarse de la situaci\u00f3n, acudieron r\u00e1pidamente al lugar y lograron someter a uno de los asaltantes, quien fue entregado a las autoridades. El segundo delincuente fue capturado cerca del hospital de Tonalapa tras un operativo conjunto entre la polic\u00eda municipal y los ciudadanos.<\/p>\n\n\n\n<p>Extraoficialmente se sabe que los asaltantes son hermanos y originarios de la congregaci\u00f3n de Coacotla, en el municipio de Cosoleacaque. Ambos fueron trasladados a la comandancia de Mecayapan y se espera que sean puestos a disposici\u00f3n de la Fiscal\u00eda General del Estado (FGE) en las pr\u00f3ximas horas.<\/p>\n\n\n\n<p>El joven mototaxista herido fue llevado al hospital, donde su estado de salud se reporta como delicado.<\/p>\n\n\n\n<figure class=\"wp-block-image size-large\"><img loading=\"lazy\" decoding=\"async\" width=\"1024\" height=\"644\" src=\"https:\/\/plumanegranoticias.com\/wp-content\/uploads\/2024\/09\/img-20240925-wa01044061034136490609548-1024x644.jpg\" alt=\"\" class=\"wp-image-5020\" srcset=\"https:\/\/plumanegranoticias.com\/wp-content\/uploads\/2024\/09\/img-20240925-wa01044061034136490609548-1024x644.jpg 1024w, https:\/\/plumanegranoticias.com\/wp-content\/uploads\/2024\/09\/img-20240925-wa01044061034136490609548-300x189.jpg 300w, https:\/\/plumanegranoticias.com\/wp-content\/uploads\/2024\/09\/img-20240925-wa01044061034136490609548-768x483.jpg 768w, https:\/\/plumanegranoticias.com\/wp-content\/uploads\/2024\/09\/img-20240925-wa01044061034136490609548.jpg 1280w\" sizes=\"auto, (max-width: 1024px) 100vw, 1024px\" \/><\/figure>\n","protected":false},"excerpt":{"rendered":"<p>H\u00e9roe de 16 a\u00f1os se debate entre la vida y la muerte tras frustrar un asalto en Mecayapan Alejandro \u00c1vila Mecayapan, Ver.- Un joven de 16 a\u00f1os que se visti\u00f3 de h\u00e9roe la noche de este martes en el municipio de Mecayapan, se debate entre la vida y la muerte tras frustrar el asalto a&#8230; <\/p>\n<div class=\"clear\"><\/div>\n<p><a href=\"https:\/\/plumanegranoticias.com\/?p=5021\" class=\"excerpt-read-more\">Read More<i class=\"fa fa-caret-right icon-caret-right\"><\/i><\/a><\/p>\n","protected":false},"author":2,"featured_media":5023,"comment_status":"open","ping_status":"open","sticky":false,"template":"","format":"standard","meta":{"om_disable_all_campaigns":false,"_monsterinsights_skip_tracking":false,"_monsterinsights_sitenote_active":false,"_monsterinsights_sitenote_note":"","_monsterinsights_sitenote_category":0,"_uf_show_specific_survey":0,"_uf_disable_surveys":false,"footnotes":""},"categories":[1],"tags":[22,34,19],"class_list":["post-5021","post","type-post","status-publish","format-standard","has-post-thumbnail","hentry","category-blog","tag-nota-roja","tag-policiaca","tag-regional"],"aioseo_notices":[],"_links":{"self":[{"href":"https:\/\/plumanegranoticias.com\/index.php?rest_route=\/wp\/v2\/posts\/5021","targetHints":{"allow":["GET"]}}],"collection":[{"href":"https:\/\/plumanegranoticias.com\/index.php?rest_route=\/wp\/v2\/posts"}],"about":[{"href":"https:\/\/plumanegranoticias.com\/index.php?rest_route=\/wp\/v2\/types\/post"}],"author":[{"embeddable":true,"href":"https:\/\/plumanegranoticias.com\/index.php?rest_route=\/wp\/v2\/users\/2"}],"replies":[{"embeddable":true,"href":"https:\/\/plumanegranoticias.com\/index.php?rest_route=%2Fwp%2Fv2%2Fcomments&post=5021"}],"version-history":[{"count":1,"href":"https:\/\/plumanegranoticias.com\/index.php?rest_route=\/wp\/v2\/posts\/5021\/revisions"}],"predecessor-version":[{"id":5022,"href":"https:\/\/plumanegranoticias.com\/index.php?rest_route=\/wp\/v2\/posts\/5021\/revisions\/5022"}],"wp:featuredmedia":[{"embeddable":true,"href":"https:\/\/plumanegranoticias.com\/index.php?rest_route=\/wp\/v2\/media\/5023"}],"wp:attachment":[{"href":"https:\/\/plumanegranoticias.com\/index.php?rest_route=%2Fwp%2Fv2%2Fmedia&parent=5021"}],"wp:term":[{"taxonomy":"category","embeddable":true,"href":"https:\/\/plumanegranoticias.com\/index.php?rest_route=%2Fwp%2Fv2%2Fcategories&post=5021"},{"taxonomy":"post_tag","embeddable":true,"href":"https:\/\/plumanegranoticias.com\/index.php?rest_route=%2Fwp%2Fv2%2Ftags&post=5021"}],"curies":[{"name":"wp","href":"https:\/\/api.w.org\/{rel}","templated":true}]}}