{"id":5073,"date":"2024-09-30T09:19:38","date_gmt":"2024-09-30T15:19:38","guid":{"rendered":"https:\/\/plumanegranoticias.com\/?p=5073"},"modified":"2024-09-30T09:20:18","modified_gmt":"2024-09-30T15:20:18","slug":"por-encuestas-candidatos-a-alcaldias","status":"publish","type":"post","link":"https:\/\/plumanegranoticias.com\/?p=5073","title":{"rendered":"POR ENCUESTAS CANDIDATOS A ALCALD\u00cdAS"},"content":{"rendered":"\n<p class=\"wp-block-paragraph\">En Alvarado, Roc\u00edo Nahle aclara que candidaturas para alcald\u00edas en el 2025 se definir\u00e1n por encuesta<\/p>\n\n\n\n<p class=\"wp-block-paragraph\">Alejandro \u00c1vila<\/p>\n\n\n\n<p class=\"wp-block-paragraph\">Alvarado, Veracruz.- La gobernadora electa de Veracruz, Roc\u00edo Nahle Garc\u00eda, reafirm\u00f3 su compromiso con la participaci\u00f3n ciudadana en los procesos electorales al anunciar que, las candidaturas a las alcald\u00edas para las elecciones de 2025 se definir\u00e1n mediante encuestas, en l\u00ednea con los principios de Morena y sus aliados.<\/p>\n\n\n\n<figure class=\"wp-block-image size-large\"><img loading=\"lazy\" decoding=\"async\" width=\"1024\" height=\"613\" src=\"https:\/\/plumanegranoticias.com\/wp-content\/uploads\/2024\/09\/img-20240930-wa0017676852599252455185-1024x613.jpg\" alt=\"\" class=\"wp-image-5072\" srcset=\"https:\/\/plumanegranoticias.com\/wp-content\/uploads\/2024\/09\/img-20240930-wa0017676852599252455185-1024x613.jpg 1024w, https:\/\/plumanegranoticias.com\/wp-content\/uploads\/2024\/09\/img-20240930-wa0017676852599252455185-300x180.jpg 300w, https:\/\/plumanegranoticias.com\/wp-content\/uploads\/2024\/09\/img-20240930-wa0017676852599252455185-768x460.jpg 768w, https:\/\/plumanegranoticias.com\/wp-content\/uploads\/2024\/09\/img-20240930-wa0017676852599252455185-1536x920.jpg 1536w, https:\/\/plumanegranoticias.com\/wp-content\/uploads\/2024\/09\/img-20240930-wa0017676852599252455185.jpg 1600w\" sizes=\"auto, (max-width: 1024px) 100vw, 1024px\" \/><\/figure>\n\n\n\n<p class=\"wp-block-paragraph\">En su gira de agradecimiento por Alvarado, Nahle enfatiz\u00f3 que los asuntos electorales se resolver\u00e1n como siempre lo ha hecho su movimiento: &#8220;En las urnas&#8221;. Subray\u00f3 que el mecanismo de las encuestas ha demostrado ser eficaz para escuchar a la ciudadan\u00eda y medir el apoyo a los aspirantes dentro de los municipios.<\/p>\n\n\n\n<p class=\"wp-block-paragraph\">&#8220;Nuestro movimiento tan maravilloso se va a resolver como lo hace Morena con nuestros aliados: la encuesta, la medici\u00f3n&#8221;, asegur\u00f3 la mandataria electa.<\/p>\n\n\n\n<p class=\"wp-block-paragraph\">Durante su discurso, Nahle destac\u00f3 la presencia de Esteban Ram\u00edrez Zepeta, dirigente estatal de Morena, y de Marcelo Ruiz S\u00e1nchez, l\u00edder del Partido Verde en la entidad, resaltando la s\u00f3lida alianza que han mantenido ambos partidos. &#8220;Qu\u00e9 bueno que est\u00e1 aqu\u00ed Esteban Ram\u00edrez Zepeta y Marcelo Ru\u00edz S\u00e1nchez, que han sido nuestros aliados. As\u00ed es como vamos a resolver&#8221;, agreg\u00f3.<\/p>\n\n\n\n<p class=\"wp-block-paragraph\">La futura gobernadora tambi\u00e9n subray\u00f3 que el m\u00e9todo de las encuestas no solo es una herramienta democr\u00e1tica, sino una v\u00eda efectiva para sintonizarse con las demandas populares. &#8220;Funciona escuchar a la gente. Vamos a los municipios y ya hemos tenido la experiencia: si no escuchamos, el pueblo dice &#8216;yo quer\u00eda al compa\u00f1ero o a la compa\u00f1era tal\u201d, explic\u00f3 Nahle.<\/p>\n\n\n\n<p class=\"wp-block-paragraph\">En ese sentido, destac\u00f3 que su gobierno se mantendr\u00e1 imparcial y comprometido con la unidad, tejiendo consensos para fortalecer el proyecto de la Cuarta Transformaci\u00f3n. &#8220;Los adversarios ya sabemos d\u00f3nde est\u00e1n, aunque a veces se disfrazan, pero no les creemos&#8221;, sentenci\u00f3.<\/p>\n\n\n\n<p class=\"wp-block-paragraph\">Nahle Garc\u00eda apunta a seguir fortaleciendo las estructuras de Morena y sus aliados en el estado, de cara a los pr\u00f3ximos comicios, asegurando que los procesos internos se llevar\u00e1n a cabo con el respaldo de la ciudadan\u00eda y bajo los principios que han caracterizado al movimiento.<\/p>\n","protected":false},"excerpt":{"rendered":"<p>En Alvarado, Roc\u00edo Nahle aclara que candidaturas para alcald\u00edas en el 2025 se definir\u00e1n por encuesta Alejandro \u00c1vila Alvarado, Veracruz.- La gobernadora electa de Veracruz, Roc\u00edo Nahle Garc\u00eda, reafirm\u00f3 su compromiso con la participaci\u00f3n ciudadana en los procesos electorales al anunciar que, las candidaturas a las alcald\u00edas para las elecciones de 2025 se definir\u00e1n mediante&#8230; <\/p>\n<div class=\"clear\"><\/div>\n<p><a href=\"https:\/\/plumanegranoticias.com\/?p=5073\" class=\"excerpt-read-more\">Read More<i class=\"fa fa-caret-right icon-caret-right\"><\/i><\/a><\/p>\n","protected":false},"author":2,"featured_media":5075,"comment_status":"open","ping_status":"open","sticky":false,"template":"","format":"standard","meta":{"om_disable_all_campaigns":false,"_monsterinsights_skip_tracking":false,"_uf_show_specific_survey":0,"_uf_disable_surveys":false,"footnotes":""},"categories":[1,8,12],"tags":[],"class_list":["post-5073","post","type-post","status-publish","format-standard","has-post-thumbnail","hentry","category-blog","category-politica","category-regional"],"aioseo_notices":[],"aioseo_head":"\n\t\t<!-- All in One SEO 5.0.0.1 - aioseo.com -->\n\t<meta name=\"description\" content=\"En Alvarado, Roc\u00edo Nahle aclara que candidaturas para alcald\u00edas en el 2025 se definir\u00e1n por encuesta Alejandro \u00c1vila Alvarado, Veracruz.- La gobernadora electa de Veracruz, Roc\u00edo Nahle Garc\u00eda, reafirm\u00f3 su compromiso con la participaci\u00f3n ciudadana en los procesos electorales al anunciar que, las candidaturas a las alcald\u00edas para las elecciones de 2025 se definir\u00e1n mediante\" \/>\n\t<meta name=\"robots\" content=\"max-image-preview:large\" \/>\n\t<meta name=\"author\" content=\"Ignacio \u00c1lvarez\"\/>\n\t<link rel=\"canonical\" href=\"https:\/\/plumanegranoticias.com\/?p=5073\" \/>\n\t<meta name=\"generator\" content=\"All in One SEO (AIOSEO) 5.0.0.1\" \/>\n\t\t<meta property=\"og:locale\" content=\"es_MX\" \/>\n\t\t<meta property=\"og:site_name\" content=\"plumanegranoticias.com -\" \/>\n\t\t<meta property=\"og:type\" content=\"article\" \/>\n\t\t<meta property=\"og:title\" content=\"POR ENCUESTAS CANDIDATOS A ALCALD\u00cdAS - plumanegranoticias.com\" \/>\n\t\t<meta property=\"og:description\" content=\"En Alvarado, Roc\u00edo Nahle aclara que candidaturas para alcald\u00edas en el 2025 se definir\u00e1n por encuesta Alejandro \u00c1vila Alvarado, Veracruz.- La gobernadora electa de Veracruz, Roc\u00edo Nahle Garc\u00eda, reafirm\u00f3 su compromiso con la participaci\u00f3n ciudadana en los procesos electorales al anunciar que, las candidaturas a las alcald\u00edas para las elecciones de 2025 se definir\u00e1n mediante\" \/>\n\t\t<meta property=\"og:url\" content=\"https:\/\/plumanegranoticias.com\/?p=5073\" \/>\n\t\t<meta property=\"article:published_time\" content=\"2024-09-30T15:19:38+00:00\" \/>\n\t\t<meta property=\"article:modified_time\" content=\"2024-09-30T15:20:18+00:00\" \/>\n\t\t<meta name=\"twitter:card\" content=\"summary_large_image\" \/>\n\t\t<meta name=\"twitter:title\" content=\"POR ENCUESTAS CANDIDATOS A ALCALD\u00cdAS - plumanegranoticias.com\" \/>\n\t\t<meta name=\"twitter:description\" content=\"En Alvarado, Roc\u00edo Nahle aclara que candidaturas para alcald\u00edas en el 2025 se definir\u00e1n por encuesta Alejandro \u00c1vila Alvarado, Veracruz.- La gobernadora electa de Veracruz, Roc\u00edo Nahle Garc\u00eda, reafirm\u00f3 su compromiso con la participaci\u00f3n ciudadana en los procesos electorales al anunciar que, las candidaturas a las alcald\u00edas para las elecciones de 2025 se definir\u00e1n mediante\" \/>\n\t\t<script type=\"application\/ld+json\" class=\"aioseo-schema\">\n\t\t\t{\"@context\":\"https:\\\/\\\/schema.org\",\"@graph\":[{\"@type\":\"BlogPosting\",\"@id\":\"https:\\\/\\\/plumanegranoticias.com\\\/?p=5073#blogposting\",\"name\":\"POR ENCUESTAS CANDIDATOS A ALCALD\\u00cdAS - plumanegranoticias.com\",\"headline\":\"POR ENCUESTAS CANDIDATOS A ALCALD\\u00cdAS\",\"author\":{\"@id\":\"https:\\\/\\\/plumanegranoticias.com\\\/?author=2#author\"},\"publisher\":{\"@id\":\"https:\\\/\\\/plumanegranoticias.com\\\/#organization\"},\"image\":{\"@type\":\"ImageObject\",\"url\":\"https:\\\/\\\/plumanegranoticias.com\\\/wp-content\\\/uploads\\\/2024\\\/09\\\/IMG-20240930-WA0017.jpg\",\"width\":1600,\"height\":958},\"datePublished\":\"2024-09-30T09:19:38-06:00\",\"dateModified\":\"2024-09-30T09:20:18-06:00\",\"inLanguage\":\"es-MX\",\"mainEntityOfPage\":{\"@id\":\"https:\\\/\\\/plumanegranoticias.com\\\/?p=5073#webpage\"},\"isPartOf\":{\"@id\":\"https:\\\/\\\/plumanegranoticias.com\\\/?p=5073#webpage\"},\"articleSection\":\"Blog, Pol\\u00edtica, Regional\"},{\"@type\":\"BreadcrumbList\",\"@id\":\"https:\\\/\\\/plumanegranoticias.com\\\/?p=5073#breadcrumblist\",\"itemListElement\":[{\"@type\":\"ListItem\",\"@id\":\"https:\\\/\\\/plumanegranoticias.com#listItem\",\"position\":1,\"name\":\"Home\",\"item\":\"https:\\\/\\\/plumanegranoticias.com\",\"nextItem\":{\"@type\":\"ListItem\",\"@id\":\"https:\\\/\\\/plumanegranoticias.com\\\/?cat=1#listItem\",\"name\":\"Blog\"}},{\"@type\":\"ListItem\",\"@id\":\"https:\\\/\\\/plumanegranoticias.com\\\/?cat=1#listItem\",\"position\":2,\"name\":\"Blog\",\"item\":\"https:\\\/\\\/plumanegranoticias.com\\\/?cat=1\",\"nextItem\":{\"@type\":\"ListItem\",\"@id\":\"https:\\\/\\\/plumanegranoticias.com\\\/?p=5073#listItem\",\"name\":\"POR ENCUESTAS CANDIDATOS A ALCALD\\u00cdAS\"},\"previousItem\":{\"@type\":\"ListItem\",\"@id\":\"https:\\\/\\\/plumanegranoticias.com#listItem\",\"name\":\"Home\"}},{\"@type\":\"ListItem\",\"@id\":\"https:\\\/\\\/plumanegranoticias.com\\\/?p=5073#listItem\",\"position\":3,\"name\":\"POR ENCUESTAS CANDIDATOS A ALCALD\\u00cdAS\",\"previousItem\":{\"@type\":\"ListItem\",\"@id\":\"https:\\\/\\\/plumanegranoticias.com\\\/?cat=1#listItem\",\"name\":\"Blog\"}}]},{\"@type\":\"Organization\",\"@id\":\"https:\\\/\\\/plumanegranoticias.com\\\/#organization\",\"name\":\"plumanegranoticias.com\",\"url\":\"https:\\\/\\\/plumanegranoticias.com\\\/\"},{\"@type\":\"Person\",\"@id\":\"https:\\\/\\\/plumanegranoticias.com\\\/?author=2#author\",\"url\":\"https:\\\/\\\/plumanegranoticias.com\\\/?author=2\",\"name\":\"Ignacio \\u00c1lvarez\",\"image\":{\"@type\":\"ImageObject\",\"@id\":\"https:\\\/\\\/plumanegranoticias.com\\\/?p=5073#authorImage\",\"url\":\"https:\\\/\\\/secure.gravatar.com\\\/avatar\\\/50d15f5139fd84e7a48ef23fcd81dc58ca9890401d4d15ad86caf43620b1771f?s=96&d=mm&r=g\",\"width\":96,\"height\":96,\"caption\":\"Ignacio \\u00c1lvarez\"}},{\"@type\":\"WebPage\",\"@id\":\"https:\\\/\\\/plumanegranoticias.com\\\/?p=5073#webpage\",\"url\":\"https:\\\/\\\/plumanegranoticias.com\\\/?p=5073\",\"name\":\"POR ENCUESTAS CANDIDATOS A ALCALD\\u00cdAS - plumanegranoticias.com\",\"description\":\"En Alvarado, Roc\\u00edo Nahle aclara que candidaturas para alcald\\u00edas en el 2025 se definir\\u00e1n por encuesta Alejandro \\u00c1vila Alvarado, Veracruz.- La gobernadora electa de Veracruz, Roc\\u00edo Nahle Garc\\u00eda, reafirm\\u00f3 su compromiso con la participaci\\u00f3n ciudadana en los procesos electorales al anunciar que, las candidaturas a las alcald\\u00edas para las elecciones de 2025 se definir\\u00e1n mediante\",\"inLanguage\":\"es-MX\",\"isPartOf\":{\"@id\":\"https:\\\/\\\/plumanegranoticias.com\\\/#website\"},\"breadcrumb\":{\"@id\":\"https:\\\/\\\/plumanegranoticias.com\\\/?p=5073#breadcrumblist\"},\"author\":{\"@id\":\"https:\\\/\\\/plumanegranoticias.com\\\/?author=2#author\"},\"creator\":{\"@id\":\"https:\\\/\\\/plumanegranoticias.com\\\/?author=2#author\"},\"image\":{\"@type\":\"ImageObject\",\"url\":\"https:\\\/\\\/plumanegranoticias.com\\\/wp-content\\\/uploads\\\/2024\\\/09\\\/IMG-20240930-WA0017.jpg\",\"@id\":\"https:\\\/\\\/plumanegranoticias.com\\\/?p=5073\\\/#mainImage\",\"width\":1600,\"height\":958},\"primaryImageOfPage\":{\"@id\":\"https:\\\/\\\/plumanegranoticias.com\\\/?p=5073#mainImage\"},\"datePublished\":\"2024-09-30T09:19:38-06:00\",\"dateModified\":\"2024-09-30T09:20:18-06:00\"},{\"@type\":\"WebSite\",\"@id\":\"https:\\\/\\\/plumanegranoticias.com\\\/#website\",\"url\":\"https:\\\/\\\/plumanegranoticias.com\\\/\",\"name\":\"plumanegranoticias.com\",\"inLanguage\":\"es-MX\",\"publisher\":{\"@id\":\"https:\\\/\\\/plumanegranoticias.com\\\/#organization\"}}]}\n\t\t<\/script>\n\t\t<!-- All in One SEO -->\n\n","aioseo_head_json":{"title":"POR ENCUESTAS CANDIDATOS A ALCALD\u00cdAS - plumanegranoticias.com","description":"En Alvarado, Roc\u00edo Nahle aclara que candidaturas para alcald\u00edas en el 2025 se definir\u00e1n por encuesta Alejandro \u00c1vila Alvarado, Veracruz.- La gobernadora electa de Veracruz, Roc\u00edo Nahle Garc\u00eda, reafirm\u00f3 su compromiso con la participaci\u00f3n ciudadana en los procesos electorales al anunciar que, las candidaturas a las alcald\u00edas para las elecciones de 2025 se definir\u00e1n mediante","canonical_url":"https:\/\/plumanegranoticias.com\/?p=5073","robots":"max-image-preview:large","keywords":"","webmasterTools":{"miscellaneous":""},"schema":{"@context":"https:\/\/schema.org","@graph":[{"@type":"BlogPosting","@id":"https:\/\/plumanegranoticias.com\/?p=5073#blogposting","name":"POR ENCUESTAS CANDIDATOS A ALCALD\u00cdAS - plumanegranoticias.com","headline":"POR ENCUESTAS CANDIDATOS A ALCALD\u00cdAS","author":{"@id":"https:\/\/plumanegranoticias.com\/?author=2#author"},"publisher":{"@id":"https:\/\/plumanegranoticias.com\/#organization"},"image":{"@type":"ImageObject","url":"https:\/\/plumanegranoticias.com\/wp-content\/uploads\/2024\/09\/IMG-20240930-WA0017.jpg","width":1600,"height":958},"datePublished":"2024-09-30T09:19:38-06:00","dateModified":"2024-09-30T09:20:18-06:00","inLanguage":"es-MX","mainEntityOfPage":{"@id":"https:\/\/plumanegranoticias.com\/?p=5073#webpage"},"isPartOf":{"@id":"https:\/\/plumanegranoticias.com\/?p=5073#webpage"},"articleSection":"Blog, Pol\u00edtica, Regional"},{"@type":"BreadcrumbList","@id":"https:\/\/plumanegranoticias.com\/?p=5073#breadcrumblist","itemListElement":[{"@type":"ListItem","@id":"https:\/\/plumanegranoticias.com#listItem","position":1,"name":"Home","item":"https:\/\/plumanegranoticias.com","nextItem":{"@type":"ListItem","@id":"https:\/\/plumanegranoticias.com\/?cat=1#listItem","name":"Blog"}},{"@type":"ListItem","@id":"https:\/\/plumanegranoticias.com\/?cat=1#listItem","position":2,"name":"Blog","item":"https:\/\/plumanegranoticias.com\/?cat=1","nextItem":{"@type":"ListItem","@id":"https:\/\/plumanegranoticias.com\/?p=5073#listItem","name":"POR ENCUESTAS CANDIDATOS A ALCALD\u00cdAS"},"previousItem":{"@type":"ListItem","@id":"https:\/\/plumanegranoticias.com#listItem","name":"Home"}},{"@type":"ListItem","@id":"https:\/\/plumanegranoticias.com\/?p=5073#listItem","position":3,"name":"POR ENCUESTAS CANDIDATOS A ALCALD\u00cdAS","previousItem":{"@type":"ListItem","@id":"https:\/\/plumanegranoticias.com\/?cat=1#listItem","name":"Blog"}}]},{"@type":"Organization","@id":"https:\/\/plumanegranoticias.com\/#organization","name":"plumanegranoticias.com","url":"https:\/\/plumanegranoticias.com\/"},{"@type":"Person","@id":"https:\/\/plumanegranoticias.com\/?author=2#author","url":"https:\/\/plumanegranoticias.com\/?author=2","name":"Ignacio \u00c1lvarez","image":{"@type":"ImageObject","@id":"https:\/\/plumanegranoticias.com\/?p=5073#authorImage","url":"https:\/\/secure.gravatar.com\/avatar\/50d15f5139fd84e7a48ef23fcd81dc58ca9890401d4d15ad86caf43620b1771f?s=96&d=mm&r=g","width":96,"height":96,"caption":"Ignacio \u00c1lvarez"}},{"@type":"WebPage","@id":"https:\/\/plumanegranoticias.com\/?p=5073#webpage","url":"https:\/\/plumanegranoticias.com\/?p=5073","name":"POR ENCUESTAS CANDIDATOS A ALCALD\u00cdAS - plumanegranoticias.com","description":"En Alvarado, Roc\u00edo Nahle aclara que candidaturas para alcald\u00edas en el 2025 se definir\u00e1n por encuesta Alejandro \u00c1vila Alvarado, Veracruz.- La gobernadora electa de Veracruz, Roc\u00edo Nahle Garc\u00eda, reafirm\u00f3 su compromiso con la participaci\u00f3n ciudadana en los procesos electorales al anunciar que, las candidaturas a las alcald\u00edas para las elecciones de 2025 se definir\u00e1n mediante","inLanguage":"es-MX","isPartOf":{"@id":"https:\/\/plumanegranoticias.com\/#website"},"breadcrumb":{"@id":"https:\/\/plumanegranoticias.com\/?p=5073#breadcrumblist"},"author":{"@id":"https:\/\/plumanegranoticias.com\/?author=2#author"},"creator":{"@id":"https:\/\/plumanegranoticias.com\/?author=2#author"},"image":{"@type":"ImageObject","url":"https:\/\/plumanegranoticias.com\/wp-content\/uploads\/2024\/09\/IMG-20240930-WA0017.jpg","@id":"https:\/\/plumanegranoticias.com\/?p=5073\/#mainImage","width":1600,"height":958},"primaryImageOfPage":{"@id":"https:\/\/plumanegranoticias.com\/?p=5073#mainImage"},"datePublished":"2024-09-30T09:19:38-06:00","dateModified":"2024-09-30T09:20:18-06:00"},{"@type":"WebSite","@id":"https:\/\/plumanegranoticias.com\/#website","url":"https:\/\/plumanegranoticias.com\/","name":"plumanegranoticias.com","inLanguage":"es-MX","publisher":{"@id":"https:\/\/plumanegranoticias.com\/#organization"}}]},"og:locale":"es_MX","og:site_name":"plumanegranoticias.com -","og:type":"article","og:title":"POR ENCUESTAS CANDIDATOS A ALCALD\u00cdAS - plumanegranoticias.com","og:description":"En Alvarado, Roc\u00edo Nahle aclara que candidaturas para alcald\u00edas en el 2025 se definir\u00e1n por encuesta Alejandro \u00c1vila Alvarado, Veracruz.- La gobernadora electa de Veracruz, Roc\u00edo Nahle Garc\u00eda, reafirm\u00f3 su compromiso con la participaci\u00f3n ciudadana en los procesos electorales al anunciar que, las candidaturas a las alcald\u00edas para las elecciones de 2025 se definir\u00e1n mediante","og:url":"https:\/\/plumanegranoticias.com\/?p=5073","article:published_time":"2024-09-30T15:19:38+00:00","article:modified_time":"2024-09-30T15:20:18+00:00","twitter:card":"summary_large_image","twitter:title":"POR ENCUESTAS CANDIDATOS A ALCALD\u00cdAS - plumanegranoticias.com","twitter:description":"En Alvarado, Roc\u00edo Nahle aclara que candidaturas para alcald\u00edas en el 2025 se definir\u00e1n por encuesta Alejandro \u00c1vila Alvarado, Veracruz.- La gobernadora electa de Veracruz, Roc\u00edo Nahle Garc\u00eda, reafirm\u00f3 su compromiso con la participaci\u00f3n ciudadana en los procesos electorales al anunciar que, las candidaturas a las alcald\u00edas para las elecciones de 2025 se definir\u00e1n mediante"},"aioseo_meta_data":{"post_id":"5073","title":null,"description":null,"keywords":null,"keyphrases":null,"primary_term":null,"canonical_url":null,"og_title":null,"og_description":null,"og_object_type":"default","og_image_type":"default","og_image_url":null,"og_image_width":null,"og_image_height":null,"og_image_custom_url":null,"og_image_custom_fields":null,"og_video":null,"og_custom_url":null,"og_article_section":null,"og_article_tags":null,"twitter_use_og":false,"twitter_card":"default","twitter_image_type":"default","twitter_image_url":null,"twitter_image_custom_url":null,"twitter_image_custom_fields":null,"twitter_title":null,"twitter_description":null,"schema":{"blockGraphs":[],"customGraphs":[],"default":{"data":{"Article":[],"Course":[],"Dataset":[],"FAQPage":[],"Movie":[],"Person":[],"Product":[],"ProductReview":[],"Car":[],"Recipe":[],"Service":[],"SoftwareApplication":[],"WebPage":[]},"graphName":"","isEnabled":true},"graphs":[]},"schema_type":"default","schema_type_options":null,"pillar_content":false,"robots_default":true,"robots_noindex":false,"robots_noarchive":false,"robots_nosnippet":false,"robots_nofollow":false,"robots_noimageindex":false,"robots_noodp":false,"robots_notranslate":false,"robots_max_snippet":null,"robots_max_videopreview":null,"robots_max_imagepreview":"large","priority":null,"frequency":null,"local_seo":null,"breadcrumb_settings":null,"limit_modified_date":false,"ai":null,"created":"2024-09-30 15:37:30","updated":"2025-09-24 01:01:42","seo_analyzer_scan_date":null,"focus_keyword":null,"additional_keywords":null,"truseo_locale":null},"aioseo_breadcrumb":"<div class=\"aioseo-breadcrumbs\"><span class=\"aioseo-breadcrumb\">\n\t\t\t<a href=\"https:\/\/plumanegranoticias.com\" title=\"Home\">Home<\/a>\n\t\t<\/span><span class=\"aioseo-breadcrumb-separator\">&raquo;<\/span><span class=\"aioseo-breadcrumb\">\n\t\t\t<a href=\"https:\/\/plumanegranoticias.com\/?cat=1\" title=\"Blog\">Blog<\/a>\n\t\t<\/span><span class=\"aioseo-breadcrumb-separator\">&raquo;<\/span><span class=\"aioseo-breadcrumb\">\n\t\t\tPOR ENCUESTAS CANDIDATOS A ALCALD\u00cdAS\n\t\t<\/span><\/div>","aioseo_breadcrumb_json":[{"label":"Home","link":"https:\/\/plumanegranoticias.com"},{"label":"Blog","link":"https:\/\/plumanegranoticias.com\/?cat=1"},{"label":"POR ENCUESTAS CANDIDATOS A ALCALD\u00cdAS","link":"https:\/\/plumanegranoticias.com\/?p=5073"}],"_links":{"self":[{"href":"https:\/\/plumanegranoticias.com\/index.php?rest_route=\/wp\/v2\/posts\/5073","targetHints":{"allow":["GET"]}}],"collection":[{"href":"https:\/\/plumanegranoticias.com\/index.php?rest_route=\/wp\/v2\/posts"}],"about":[{"href":"https:\/\/plumanegranoticias.com\/index.php?rest_route=\/wp\/v2\/types\/post"}],"author":[{"embeddable":true,"href":"https:\/\/plumanegranoticias.com\/index.php?rest_route=\/wp\/v2\/users\/2"}],"replies":[{"embeddable":true,"href":"https:\/\/plumanegranoticias.com\/index.php?rest_route=%2Fwp%2Fv2%2Fcomments&post=5073"}],"version-history":[{"count":1,"href":"https:\/\/plumanegranoticias.com\/index.php?rest_route=\/wp\/v2\/posts\/5073\/revisions"}],"predecessor-version":[{"id":5074,"href":"https:\/\/plumanegranoticias.com\/index.php?rest_route=\/wp\/v2\/posts\/5073\/revisions\/5074"}],"wp:featuredmedia":[{"embeddable":true,"href":"https:\/\/plumanegranoticias.com\/index.php?rest_route=\/wp\/v2\/media\/5075"}],"wp:attachment":[{"href":"https:\/\/plumanegranoticias.com\/index.php?rest_route=%2Fwp%2Fv2%2Fmedia&parent=5073"}],"wp:term":[{"taxonomy":"category","embeddable":true,"href":"https:\/\/plumanegranoticias.com\/index.php?rest_route=%2Fwp%2Fv2%2Fcategories&post=5073"},{"taxonomy":"post_tag","embeddable":true,"href":"https:\/\/plumanegranoticias.com\/index.php?rest_route=%2Fwp%2Fv2%2Ftags&post=5073"}],"curies":[{"name":"wp","href":"https:\/\/api.w.org\/{rel}","templated":true}]}}