{"id":5101,"date":"2024-10-01T13:09:26","date_gmt":"2024-10-01T19:09:26","guid":{"rendered":"https:\/\/plumanegranoticias.com\/?p=5101"},"modified":"2024-10-01T13:10:02","modified_gmt":"2024-10-01T19:10:02","slug":"piden-apoyo-a-pymes","status":"publish","type":"post","link":"https:\/\/plumanegranoticias.com\/?p=5101","title":{"rendered":"PIDEN APOYO A PYMES"},"content":{"rendered":"\n<p>Si hay apoyo a Pymes se augura mejora econ\u00f3mica con Claudia Sheinbaum<\/p>\n\n\n\n<p>Alejandro \u00c1vila<\/p>\n\n\n\n<p>Veracruz, Ver.- El sector empresarial ve con optimismo la llegada de Claudia Sheinbaum Pardo a la Presidencia de la Rep\u00fablica; Jos\u00e9 Manuel Urreta Ortega, presidente de la Asociaci\u00f3n Nacional de Consejos Empresariales Regionales (Ancer), destac\u00f3 la necesidad de mayor apoyo a las peque\u00f1as y medianas empresas (Pymes) para impulsar el crecimiento econ\u00f3mico del pa\u00eds.<\/p>\n\n\n\n<p>Record\u00f3 que las Pymes son el motor de la econom\u00eda mexicana y requieren de pol\u00edticas p\u00fablicas que les permitan acceder a financiamiento, capacitaci\u00f3n y tecnolog\u00eda para aumentar su competitividad en el mercado global.<\/p>\n\n\n\n<p>Tambi\u00e9n enfatiz\u00f3 la importancia de fortalecer la seguridad y la infraestructura para atraer inversi\u00f3n extranjera y nacional.<\/p>\n\n\n\n<p>\u201cEstamos esperanzados en que se tomen decisiones que beneficien a las pymes y al sector empresarial en general. El sector empresarial espera que la administraci\u00f3n de Claudia Sheinbaum implemente pol\u00edticas que impulsen el crecimiento de las pymes y fortalezcan la econom\u00eda mexicana\u201d.<\/p>\n\n\n\n<p>Dijo que con el apoyo adecuado, las Pymes pueden convertirse en el motor del desarrollo econ\u00f3mico y social del pa\u00eds.<\/p>\n\n\n\n<p>Adem\u00e1s, Urreta resalt\u00f3 la importancia de invertir en educaci\u00f3n y capacitaci\u00f3n para mejorar la calidad de la mano de obra en M\u00e9xico.<\/p>\n\n\n\n<p>&#8220;Necesitamos formar profesionales con habilidades relevantes para el mercado laboral actual y futuro sobre todo en carreras afines a los nuevos proyectos que se est\u00e1n desarrollando, como en el sur- sureste&#8221;, se\u00f1al\u00f3.<\/p>\n\n\n\n<p>En cuanto a la pol\u00edtica econ\u00f3mica Urreta expres\u00f3 su confianza en que la nueva administraci\u00f3n implementar\u00e1 medidas para fomentar la competitividad y el crecimiento econ\u00f3mico.<\/p>\n\n\n\n<p>Tambi\u00e9n que se aborden los retos relacionados con la infraestructura y la log\u00edstica, como la modernizaci\u00f3n de los puertos y la mejora de la conectividad transporte.<\/p>\n\n\n\n<p>\u201cEs fundamental invertir en infraestructura para aumentar la eficiencia y reducir costos para las empresas&#8221;, afirm\u00f3 Urreta.<\/p>\n\n\n\n<figure class=\"wp-block-image size-large\"><img loading=\"lazy\" decoding=\"async\" width=\"1024\" height=\"656\" src=\"https:\/\/plumanegranoticias.com\/wp-content\/uploads\/2024\/10\/img-20241001-wa00585089484019938618529-1024x656.jpg\" alt=\"\" class=\"wp-image-5100\" srcset=\"https:\/\/plumanegranoticias.com\/wp-content\/uploads\/2024\/10\/img-20241001-wa00585089484019938618529-1024x656.jpg 1024w, https:\/\/plumanegranoticias.com\/wp-content\/uploads\/2024\/10\/img-20241001-wa00585089484019938618529-300x192.jpg 300w, https:\/\/plumanegranoticias.com\/wp-content\/uploads\/2024\/10\/img-20241001-wa00585089484019938618529-768x492.jpg 768w, https:\/\/plumanegranoticias.com\/wp-content\/uploads\/2024\/10\/img-20241001-wa00585089484019938618529.jpg 1404w\" sizes=\"auto, (max-width: 1024px) 100vw, 1024px\" \/><\/figure>\n\n\n","protected":false},"excerpt":{"rendered":"<p>Si hay apoyo a Pymes se augura mejora econ\u00f3mica con Claudia Sheinbaum Alejandro \u00c1vila Veracruz, Ver.- El sector empresarial ve con optimismo la llegada de Claudia Sheinbaum Pardo a la Presidencia de la Rep\u00fablica; Jos\u00e9 Manuel Urreta Ortega, presidente de la Asociaci\u00f3n Nacional de Consejos Empresariales Regionales (Ancer), destac\u00f3 la necesidad de mayor apoyo a&#8230; <\/p>\n<div class=\"clear\"><\/div>\n<p><a href=\"https:\/\/plumanegranoticias.com\/?p=5101\" class=\"excerpt-read-more\">Read More<i class=\"fa fa-caret-right icon-caret-right\"><\/i><\/a><\/p>\n","protected":false},"author":2,"featured_media":5103,"comment_status":"open","ping_status":"open","sticky":false,"template":"","format":"standard","meta":{"om_disable_all_campaigns":false,"_monsterinsights_skip_tracking":false,"_monsterinsights_sitenote_active":false,"_monsterinsights_sitenote_note":"","_monsterinsights_sitenote_category":0,"_uf_show_specific_survey":0,"_uf_disable_surveys":false,"footnotes":""},"categories":[1],"tags":[35,20,61],"class_list":["post-5101","post","type-post","status-publish","format-standard","has-post-thumbnail","hentry","category-blog","tag-dinero","tag-negocios","tag-politica"],"aioseo_notices":[],"_links":{"self":[{"href":"https:\/\/plumanegranoticias.com\/index.php?rest_route=\/wp\/v2\/posts\/5101","targetHints":{"allow":["GET"]}}],"collection":[{"href":"https:\/\/plumanegranoticias.com\/index.php?rest_route=\/wp\/v2\/posts"}],"about":[{"href":"https:\/\/plumanegranoticias.com\/index.php?rest_route=\/wp\/v2\/types\/post"}],"author":[{"embeddable":true,"href":"https:\/\/plumanegranoticias.com\/index.php?rest_route=\/wp\/v2\/users\/2"}],"replies":[{"embeddable":true,"href":"https:\/\/plumanegranoticias.com\/index.php?rest_route=%2Fwp%2Fv2%2Fcomments&post=5101"}],"version-history":[{"count":1,"href":"https:\/\/plumanegranoticias.com\/index.php?rest_route=\/wp\/v2\/posts\/5101\/revisions"}],"predecessor-version":[{"id":5102,"href":"https:\/\/plumanegranoticias.com\/index.php?rest_route=\/wp\/v2\/posts\/5101\/revisions\/5102"}],"wp:featuredmedia":[{"embeddable":true,"href":"https:\/\/plumanegranoticias.com\/index.php?rest_route=\/wp\/v2\/media\/5103"}],"wp:attachment":[{"href":"https:\/\/plumanegranoticias.com\/index.php?rest_route=%2Fwp%2Fv2%2Fmedia&parent=5101"}],"wp:term":[{"taxonomy":"category","embeddable":true,"href":"https:\/\/plumanegranoticias.com\/index.php?rest_route=%2Fwp%2Fv2%2Fcategories&post=5101"},{"taxonomy":"post_tag","embeddable":true,"href":"https:\/\/plumanegranoticias.com\/index.php?rest_route=%2Fwp%2Fv2%2Ftags&post=5101"}],"curies":[{"name":"wp","href":"https:\/\/api.w.org\/{rel}","templated":true}]}}