{"id":5119,"date":"2024-10-01T13:35:10","date_gmt":"2024-10-01T19:35:10","guid":{"rendered":"https:\/\/plumanegranoticias.com\/?p=5119"},"modified":"2024-10-01T13:35:45","modified_gmt":"2024-10-01T19:35:45","slug":"cronica-de-toma-de-protesta-de-claudia-sheinbaum","status":"publish","type":"post","link":"https:\/\/plumanegranoticias.com\/?p=5119","title":{"rendered":"CR\u00d3NICA DE TOMA DE PROTESTA DE CLAUDIA SHEINBAUM"},"content":{"rendered":"\n<p>A partir de ahora soy la Presidenta, con \u201ca\u201d: Sheinbaum<\/p>\n\n\n\n<figure class=\"wp-block-image\"><img loading=\"lazy\" decoding=\"async\" width=\"1024\" height=\"602\" src=\"https:\/\/plumanegranoticias.com\/wp-content\/uploads\/2024\/10\/img-20241001-wa006992394694730904047-1024x602.jpg\" alt=\"\" class=\"wp-image-5117\" srcset=\"https:\/\/plumanegranoticias.com\/wp-content\/uploads\/2024\/10\/img-20241001-wa006992394694730904047-1024x602.jpg 1024w, https:\/\/plumanegranoticias.com\/wp-content\/uploads\/2024\/10\/img-20241001-wa006992394694730904047-300x176.jpg 300w, https:\/\/plumanegranoticias.com\/wp-content\/uploads\/2024\/10\/img-20241001-wa006992394694730904047-768x452.jpg 768w, https:\/\/plumanegranoticias.com\/wp-content\/uploads\/2024\/10\/img-20241001-wa006992394694730904047.jpg 1280w\" sizes=\"auto, (max-width: 1024px) 100vw, 1024px\" \/><\/figure>\n\n\n\n<p>En un hecho hist\u00f3rico, Claudia Sheinbaum se convirti\u00f3 en la presidenta 66 de M\u00e9xico.<\/p>\n\n\n\n<p>Sebastian Moreno<\/p>\n\n\n\n<p>Ciudad de M\u00e9xico, 01 de oct. (AMEXI).- Soy madre, abuela, cient\u00edfica, mujer de fe y a partir de hoy soy la Presidenta Constitucional de los Estados Unidos Mexicanos, sentenci\u00f3 Claudia Sheinbaum Pardo tras rendir una protesta hist\u00f3rica, despu\u00e9s de 200 a\u00f1os de vida independiente de la Rep\u00fablica.<\/p>\n\n\n\n<figure class=\"wp-block-image size-large\"><img loading=\"lazy\" decoding=\"async\" width=\"1024\" height=\"602\" src=\"https:\/\/plumanegranoticias.com\/wp-content\/uploads\/2024\/10\/img-20241001-wa00697617701721127336105-1024x602.jpg\" alt=\"\" class=\"wp-image-5111\" srcset=\"https:\/\/plumanegranoticias.com\/wp-content\/uploads\/2024\/10\/img-20241001-wa00697617701721127336105-1024x602.jpg 1024w, https:\/\/plumanegranoticias.com\/wp-content\/uploads\/2024\/10\/img-20241001-wa00697617701721127336105-300x176.jpg 300w, https:\/\/plumanegranoticias.com\/wp-content\/uploads\/2024\/10\/img-20241001-wa00697617701721127336105-768x452.jpg 768w, https:\/\/plumanegranoticias.com\/wp-content\/uploads\/2024\/10\/img-20241001-wa00697617701721127336105.jpg 1280w\" sizes=\"auto, (max-width: 1024px) 100vw, 1024px\" \/><\/figure>\n\n\n\n<figure class=\"wp-block-image\"><img loading=\"lazy\" decoding=\"async\" width=\"1024\" height=\"566\" src=\"https:\/\/plumanegranoticias.com\/wp-content\/uploads\/2024\/10\/img-20241001-wa00679009420652548250942-1024x566.jpg\" alt=\"\" class=\"wp-image-5112\" srcset=\"https:\/\/plumanegranoticias.com\/wp-content\/uploads\/2024\/10\/img-20241001-wa00679009420652548250942-1024x566.jpg 1024w, https:\/\/plumanegranoticias.com\/wp-content\/uploads\/2024\/10\/img-20241001-wa00679009420652548250942-300x166.jpg 300w, https:\/\/plumanegranoticias.com\/wp-content\/uploads\/2024\/10\/img-20241001-wa00679009420652548250942-768x424.jpg 768w, https:\/\/plumanegranoticias.com\/wp-content\/uploads\/2024\/10\/img-20241001-wa00679009420652548250942.jpg 1052w\" sizes=\"auto, (max-width: 1024px) 100vw, 1024px\" \/><\/figure>\n\n\n\n<p>El reloj marc\u00f3 las 11 horas con 31 minutos del 1 de octubre, hora que quedar\u00e1 registrada en los libros de historia el \u201cs\u00ed protesto\u201d de Sheinbaum Pardo.<\/p>\n\n\n\n<p>En la C\u00e1mara de Diputados y en sesi\u00f3n de Congreso General, Ifigenia Mart\u00ednez, la presidenta de la C\u00e1mara de Diputados tom\u00f3 de manos de Andr\u00e9s Manuel L\u00f3pez Obrador la Banda Presidencial y posteriormente se la entreg\u00f3 a Sheinbaum Pardo a quien mujeres cadetes del Colegio Militar le ayudaron a colocar el s\u00edmbolo del Poder Ejecutivo.<\/p>\n\n\n\n<p>Despu\u00e9s del acto ceremonial, emiti\u00f3 su primer mensaje como presidenta 66 de este pa\u00eds y frente a los diputados y senadores se deshizo en elogios a L\u00f3pez Obrador. Consider\u00f3 que fue \u201cel mejor presidente de M\u00e9xico\u201d a pesar de lo que puedan decir los detractores.<\/p>\n\n\n\n<p>Record\u00f3 el proceso del desafuero hace 19 a\u00f1os y evoc\u00f3 diversas frases del otrora mandatario cuando fue sometido a un juicio para impedir que compitiera por la Presidencia de la Rep\u00fablica en el 2006\u2026 \u201cfue y es uno de los hombres grandes\u201d.<\/p>\n\n\n\n<p>Tanto as\u00ed, que lo compar\u00f3 con los pr\u00f3ceres de la Patria, los caudillos revolucionarios y los liberales conformadores de la naci\u00f3n como la conocemos.<\/p>\n\n\n\n<figure class=\"wp-block-image size-large\"><img loading=\"lazy\" decoding=\"async\" width=\"1024\" height=\"681\" src=\"https:\/\/plumanegranoticias.com\/wp-content\/uploads\/2024\/10\/img-20241001-wa00701017774204005338252-1024x681.jpg\" alt=\"\" class=\"wp-image-5116\" srcset=\"https:\/\/plumanegranoticias.com\/wp-content\/uploads\/2024\/10\/img-20241001-wa00701017774204005338252-1024x681.jpg 1024w, https:\/\/plumanegranoticias.com\/wp-content\/uploads\/2024\/10\/img-20241001-wa00701017774204005338252-300x199.jpg 300w, https:\/\/plumanegranoticias.com\/wp-content\/uploads\/2024\/10\/img-20241001-wa00701017774204005338252-768x511.jpg 768w, https:\/\/plumanegranoticias.com\/wp-content\/uploads\/2024\/10\/img-20241001-wa00701017774204005338252.jpg 1280w\" sizes=\"auto, (max-width: 1024px) 100vw, 1024px\" \/><\/figure>\n\n\n\n<figure class=\"wp-block-image\"><img loading=\"lazy\" decoding=\"async\" width=\"1024\" height=\"576\" src=\"https:\/\/plumanegranoticias.com\/wp-content\/uploads\/2024\/10\/img-20241001-wa00537335667977074278580-1024x576.jpg\" alt=\"\" class=\"wp-image-5113\" srcset=\"https:\/\/plumanegranoticias.com\/wp-content\/uploads\/2024\/10\/img-20241001-wa00537335667977074278580-1024x576.jpg 1024w, https:\/\/plumanegranoticias.com\/wp-content\/uploads\/2024\/10\/img-20241001-wa00537335667977074278580-300x169.jpg 300w, https:\/\/plumanegranoticias.com\/wp-content\/uploads\/2024\/10\/img-20241001-wa00537335667977074278580-768x432.jpg 768w, https:\/\/plumanegranoticias.com\/wp-content\/uploads\/2024\/10\/img-20241001-wa00537335667977074278580.jpg 1280w\" sizes=\"auto, (max-width: 1024px) 100vw, 1024px\" \/><\/figure>\n\n\n\n<figure class=\"wp-block-image\"><img loading=\"lazy\" decoding=\"async\" width=\"300\" height=\"228\" src=\"https:\/\/plumanegranoticias.com\/wp-content\/uploads\/2024\/10\/img-20241001-wa00571125423675233016972-300x228.jpg\" alt=\"\" class=\"wp-image-5114\" srcset=\"https:\/\/plumanegranoticias.com\/wp-content\/uploads\/2024\/10\/img-20241001-wa00571125423675233016972-300x228.jpg 300w, https:\/\/plumanegranoticias.com\/wp-content\/uploads\/2024\/10\/img-20241001-wa00571125423675233016972.jpg 640w\" sizes=\"auto, (max-width: 300px) 100vw, 300px\" \/><\/figure>\n\n\n\n<figure class=\"wp-block-image\"><img loading=\"lazy\" decoding=\"async\" width=\"1024\" height=\"682\" src=\"https:\/\/plumanegranoticias.com\/wp-content\/uploads\/2024\/10\/img-20241001-wa00643681145562650627977-1024x682.jpg\" alt=\"\" class=\"wp-image-5115\" srcset=\"https:\/\/plumanegranoticias.com\/wp-content\/uploads\/2024\/10\/img-20241001-wa00643681145562650627977-1024x682.jpg 1024w, https:\/\/plumanegranoticias.com\/wp-content\/uploads\/2024\/10\/img-20241001-wa00643681145562650627977-300x200.jpg 300w, https:\/\/plumanegranoticias.com\/wp-content\/uploads\/2024\/10\/img-20241001-wa00643681145562650627977-768x512.jpg 768w, https:\/\/plumanegranoticias.com\/wp-content\/uploads\/2024\/10\/img-20241001-wa00643681145562650627977.jpg 1280w\" sizes=\"auto, (max-width: 1024px) 100vw, 1024px\" \/><\/figure>\n\n\n\n<p>En su mensaje, coment\u00f3 que en su gobierno se garantizar\u00e1n todas y cada una de las libertades, incluidas las de expresi\u00f3n, reuni\u00f3n, de religi\u00f3n, as\u00ed como los derechos humanos y de la diversidad sexual porque en la cuarta transformaci\u00f3n \u201csomos dem\u00f3cratas\u201d\u2026 aprovech\u00f3 para lanzar un mensaje a la oposici\u00f3n: \u201cquien diga que somos autoritarios, est\u00e1 mintiendo\u201d.<\/p>\n\n\n\n<p>Frente a Andr\u00e9s Manuel L\u00f3pez Obrador, el presidente saliente; Sheinbaum Pardo coment\u00f3 que M\u00e9xico vive tiempos de transformaci\u00f3n y de mujeres, ya que muchas \u201cfuimos anuladas, pero grandes mujeres lucharon en grandes haza\u00f1as en la historia del pa\u00eds\u201d.<\/p>\n\n\n\n<p>\u201cS\u00f3lo lo que se nombra existe\u2026por eso invito a que se diga Presidenta con \u201ca\u2019\u201d, conmin\u00f3.<\/p>\n\n\n\n<p>En su discurso de 50 minutos, Claudia Sheinbaum lanz\u00f3 un mensaje a los empresarios nacionales y extranjeros: \u201ctengan la certeza de que las acciones de las inversiones est\u00e1n seguras en el pa\u00eds\u201d.<\/p>\n\n\n\n<p>Acot\u00f3 que no habr\u00e1 aumentos en los precios de los combustibles y energ\u00e9ticos y que su pol\u00edtica econ\u00f3mica se empatar\u00e1 con las pol\u00edticas dictadas por el Banco de M\u00e9xico (Banxico). Fue m\u00e1s all\u00e1, les dijo a los gobiernos de Estados Unidos y Canad\u00e1 que las tres naciones en su conjunto no compiten, sino que se complementan en las cadenas de valor para aprovechar el T-MEC.<\/p>\n\n\n\n<div class=\"wp-block-columns is-layout-flex wp-container-core-columns-is-layout-9d6595d7 wp-block-columns-is-layout-flex\">\n<div class=\"wp-block-column is-layout-flow wp-block-column-is-layout-flow\" style=\"flex-basis:50%\"><\/div>\n\n\n\n<div class=\"wp-block-column is-layout-flow wp-block-column-is-layout-flow\" style=\"flex-basis:50%\">\n<figure class=\"wp-block-image size-large\"><img loading=\"lazy\" decoding=\"async\" width=\"1024\" height=\"576\" src=\"https:\/\/plumanegranoticias.com\/wp-content\/uploads\/2024\/10\/img-20241001-wa00526245215040435342952-1024x576.jpg\" alt=\"\" class=\"wp-image-5118\" srcset=\"https:\/\/plumanegranoticias.com\/wp-content\/uploads\/2024\/10\/img-20241001-wa00526245215040435342952-1024x576.jpg 1024w, https:\/\/plumanegranoticias.com\/wp-content\/uploads\/2024\/10\/img-20241001-wa00526245215040435342952-300x169.jpg 300w, https:\/\/plumanegranoticias.com\/wp-content\/uploads\/2024\/10\/img-20241001-wa00526245215040435342952-768x432.jpg 768w, https:\/\/plumanegranoticias.com\/wp-content\/uploads\/2024\/10\/img-20241001-wa00526245215040435342952.jpg 1280w\" sizes=\"auto, (max-width: 1024px) 100vw, 1024px\" \/><\/figure>\n<\/div>\n<\/div>\n\n\n\n<p>Ataviada con un vestido de color marfil y fue bordado a mano con aguja y el tejido con ganchillo, t\u00e9cnicas que reflejan la cultura ancestral del pa\u00eds, la primera mujer asumir el cargo en 200 a\u00f1os de vida independiente de M\u00e9xico puntualiz\u00f3 que mantendr\u00e1 sus los principios de primero de los pobres, no puede haber gobierno rico con pueblo pobre e invit\u00f3 a los gobernantes a ser honrados y honestos.<\/p>\n\n\n\n<p>Manifest\u00f3 que la democracia ser\u00e1 con el pueblo, ya que con el pueblo todo, sin el pueblo nada. Abund\u00f3 que en su gobierno estar\u00e1 prohibido prohibir, adem\u00e1s de impulsar el desarrollo y bienestar del pueblo con el cuidado del medio ambiente.<\/p>\n\n\n\n<p>Dej\u00f3 claro que ahora, las mujeres tendr\u00e1n derecho a la igualdad sustantiva, para que M\u00e9xico sea un pa\u00eds soberano e independiente, realizando politica con amor y no con odio, para que con ello se condene el clasismo, racismo, machismo y cualquier forma de discriminaci\u00f3n.<\/p>\n\n\n\n<p>Claudia Sheinbaum habl\u00f3 de la seguridad y se comprometi\u00f3 a que nunca m\u00e1s se implemente una guerra contra el crimen como la que promovi\u00f3 Felipe Calder\u00f3n y atiz\u00f3 que continuar\u00e1n las pol\u00edticas de L\u00f3pez Obrador, pero ahora con inteligencia y fortalecimiento de la Guardia Nacional.<\/p>\n\n\n\n<p>El momento m\u00e1s \u00e1lgido fue al referirse a la reforma al Poder Judicial. A su lado derecho, relegada en una silla la Ministra Presidenta de la Suprema Corte de Justicia de la Naci\u00f3n (SCJN), Norma Pi\u00f1a, escuch\u00f3 que ahora se elegir\u00e1n a los jueces, magistrados y ministros por el voto popular, porque no habr\u00e1 reformas autoritarias como la de Ernesto Zedillo.<\/p>\n\n\n\n<p>\u201cEl pueblo decidir\u00e1, somos dem\u00f3cratas\u201d, es la sentencia al Poder Judicial.<\/p>\n\n\n\n<p>Pasaron los minutos y prometi\u00f3 el fortalecimiento de los programas sociales y tener tres nuevos apoyos m\u00e1s para mujeres de 60 a\u00f1os, becas para estudiantes y servicios m\u00e9dicos para adultos mayores.<\/p>\n\n\n\n<p>Claudia Sheinbaum deline\u00f3 su visi\u00f3n de pa\u00eds frente a la Naci\u00f3n y con ello tambi\u00e9n la esperanza para todas las mexicanas y mexicanas en un mejor porvenir.<\/p>\n","protected":false},"excerpt":{"rendered":"<p>A partir de ahora soy la Presidenta, con \u201ca\u201d: Sheinbaum En un hecho hist\u00f3rico, Claudia Sheinbaum se convirti\u00f3 en la presidenta 66 de M\u00e9xico. Sebastian Moreno Ciudad de M\u00e9xico, 01 de oct. (AMEXI).- Soy madre, abuela, cient\u00edfica, mujer de fe y a partir de hoy soy la Presidenta Constitucional de los Estados Unidos Mexicanos, sentenci\u00f3&#8230; <\/p>\n<div class=\"clear\"><\/div>\n<p><a href=\"https:\/\/plumanegranoticias.com\/?p=5119\" class=\"excerpt-read-more\">Read More<i class=\"fa fa-caret-right icon-caret-right\"><\/i><\/a><\/p>\n","protected":false},"author":2,"featured_media":5121,"comment_status":"open","ping_status":"open","sticky":false,"template":"","format":"standard","meta":{"om_disable_all_campaigns":false,"_monsterinsights_skip_tracking":false,"_monsterinsights_sitenote_active":false,"_monsterinsights_sitenote_note":"","_monsterinsights_sitenote_category":0,"_uf_show_specific_survey":0,"_uf_disable_surveys":false,"footnotes":""},"categories":[1],"tags":[21,24,28,20,61],"class_list":["post-5119","post","type-post","status-publish","format-standard","has-post-thumbnail","hentry","category-blog","tag-eventos","tag-moda","tag-nacionales","tag-negocios","tag-politica"],"aioseo_notices":[],"_links":{"self":[{"href":"https:\/\/plumanegranoticias.com\/index.php?rest_route=\/wp\/v2\/posts\/5119","targetHints":{"allow":["GET"]}}],"collection":[{"href":"https:\/\/plumanegranoticias.com\/index.php?rest_route=\/wp\/v2\/posts"}],"about":[{"href":"https:\/\/plumanegranoticias.com\/index.php?rest_route=\/wp\/v2\/types\/post"}],"author":[{"embeddable":true,"href":"https:\/\/plumanegranoticias.com\/index.php?rest_route=\/wp\/v2\/users\/2"}],"replies":[{"embeddable":true,"href":"https:\/\/plumanegranoticias.com\/index.php?rest_route=%2Fwp%2Fv2%2Fcomments&post=5119"}],"version-history":[{"count":1,"href":"https:\/\/plumanegranoticias.com\/index.php?rest_route=\/wp\/v2\/posts\/5119\/revisions"}],"predecessor-version":[{"id":5120,"href":"https:\/\/plumanegranoticias.com\/index.php?rest_route=\/wp\/v2\/posts\/5119\/revisions\/5120"}],"wp:featuredmedia":[{"embeddable":true,"href":"https:\/\/plumanegranoticias.com\/index.php?rest_route=\/wp\/v2\/media\/5121"}],"wp:attachment":[{"href":"https:\/\/plumanegranoticias.com\/index.php?rest_route=%2Fwp%2Fv2%2Fmedia&parent=5119"}],"wp:term":[{"taxonomy":"category","embeddable":true,"href":"https:\/\/plumanegranoticias.com\/index.php?rest_route=%2Fwp%2Fv2%2Fcategories&post=5119"},{"taxonomy":"post_tag","embeddable":true,"href":"https:\/\/plumanegranoticias.com\/index.php?rest_route=%2Fwp%2Fv2%2Ftags&post=5119"}],"curies":[{"name":"wp","href":"https:\/\/api.w.org\/{rel}","templated":true}]}}