{"id":5148,"date":"2024-10-02T08:26:15","date_gmt":"2024-10-02T14:26:15","guid":{"rendered":"https:\/\/plumanegranoticias.com\/?p=5148"},"modified":"2024-10-02T08:26:33","modified_gmt":"2024-10-02T14:26:33","slug":"2-de-octubre-no-se-olvida","status":"publish","type":"post","link":"https:\/\/plumanegranoticias.com\/?p=5148","title":{"rendered":"2 DE OCTUBRE, NO SE OLVIDA"},"content":{"rendered":"\n<p>&#8220;2 de octubre no se olvida&#8221;<\/p>\n\n\n\n<p>La matanza de Tlatelolco fue una masacre perpetrada por el gobierno de M\u00e9xico durante la represi\u00f3n desplegada contra un grupo de miles de manifestantes reunidos en la Plaza de las Tres Culturas, el 2 de octubre de 1968.<\/p>\n\n\n\n<p>Esta tragedia se produjo en el marco de una serie de protestas y manifestaciones denominadas movimiento estudiantil de 1968, que comenzaron en julio de aquel a\u00f1o y fueron protagonizadas por estudiantes de la Universidad Nacional Aut\u00f3noma de M\u00e9xico, el Instituto Polit\u00e9cnico Nacional y otras instituciones educativas.<\/p>\n\n\n\n<p>A las protestas pronto se integraron sectores docentes, obreros, profesionales e intelectuales de la Ciudad de M\u00e9xico y otros estados. El movimiento reclamaba una mayor democratizaci\u00f3n de la vida pol\u00edtica mexicana y cuestionaba el modelo autoritario de gobierno y la dependencia econ\u00f3mica respecto a los capitales extranjeros, especialmente estadounidenses.<\/p>\n\n\n\n<p>La matanza fue perpetrada por un grupo paramilitar bautizado \u201cBatall\u00f3n Olimpia\u201d, en conjunto con el Ej\u00e9rcito Mexicano, la Polic\u00eda Secreta y la Direcci\u00f3n Federal de Seguridad (DFS), y constituy\u00f3 un evento representativo de las luchas reivindicativas en Am\u00e9rica Latina y el mundo que caracterizaron al a\u00f1o 1968, as\u00ed como de las respuestas represivas .<\/p>\n\n\n\n<p>Fuente: Huastequito Mx<\/p>\n\n\n\n<figure class=\"wp-block-image size-large\"><img loading=\"lazy\" decoding=\"async\" width=\"1024\" height=\"657\" src=\"https:\/\/plumanegranoticias.com\/wp-content\/uploads\/2024\/10\/img-20241002-wa00264375765437632567698-1024x657.jpg\" alt=\"\" class=\"wp-image-5146\" srcset=\"https:\/\/plumanegranoticias.com\/wp-content\/uploads\/2024\/10\/img-20241002-wa00264375765437632567698-1024x657.jpg 1024w, https:\/\/plumanegranoticias.com\/wp-content\/uploads\/2024\/10\/img-20241002-wa00264375765437632567698-300x193.jpg 300w, https:\/\/plumanegranoticias.com\/wp-content\/uploads\/2024\/10\/img-20241002-wa00264375765437632567698-768x493.jpg 768w, https:\/\/plumanegranoticias.com\/wp-content\/uploads\/2024\/10\/img-20241002-wa00264375765437632567698.jpg 1080w\" sizes=\"auto, (max-width: 1024px) 100vw, 1024px\" \/><\/figure>\n","protected":false},"excerpt":{"rendered":"<p>&#8220;2 de octubre no se olvida&#8221; La matanza de Tlatelolco fue una masacre perpetrada por el gobierno de M\u00e9xico durante la represi\u00f3n desplegada contra un grupo de miles de manifestantes reunidos en la Plaza de las Tres Culturas, el 2 de octubre de 1968. Esta tragedia se produjo en el marco de una serie de&#8230; <\/p>\n<div class=\"clear\"><\/div>\n<p><a href=\"https:\/\/plumanegranoticias.com\/?p=5148\" class=\"excerpt-read-more\">Read More<i class=\"fa fa-caret-right icon-caret-right\"><\/i><\/a><\/p>\n","protected":false},"author":2,"featured_media":5147,"comment_status":"open","ping_status":"open","sticky":false,"template":"","format":"standard","meta":{"om_disable_all_campaigns":false,"_monsterinsights_skip_tracking":false,"_monsterinsights_sitenote_active":false,"_monsterinsights_sitenote_note":"","_monsterinsights_sitenote_category":0,"_uf_show_specific_survey":0,"_uf_disable_surveys":false,"footnotes":""},"categories":[1],"tags":[],"class_list":["post-5148","post","type-post","status-publish","format-standard","has-post-thumbnail","hentry","category-blog"],"aioseo_notices":[],"_links":{"self":[{"href":"https:\/\/plumanegranoticias.com\/index.php?rest_route=\/wp\/v2\/posts\/5148","targetHints":{"allow":["GET"]}}],"collection":[{"href":"https:\/\/plumanegranoticias.com\/index.php?rest_route=\/wp\/v2\/posts"}],"about":[{"href":"https:\/\/plumanegranoticias.com\/index.php?rest_route=\/wp\/v2\/types\/post"}],"author":[{"embeddable":true,"href":"https:\/\/plumanegranoticias.com\/index.php?rest_route=\/wp\/v2\/users\/2"}],"replies":[{"embeddable":true,"href":"https:\/\/plumanegranoticias.com\/index.php?rest_route=%2Fwp%2Fv2%2Fcomments&post=5148"}],"version-history":[{"count":1,"href":"https:\/\/plumanegranoticias.com\/index.php?rest_route=\/wp\/v2\/posts\/5148\/revisions"}],"predecessor-version":[{"id":5149,"href":"https:\/\/plumanegranoticias.com\/index.php?rest_route=\/wp\/v2\/posts\/5148\/revisions\/5149"}],"wp:featuredmedia":[{"embeddable":true,"href":"https:\/\/plumanegranoticias.com\/index.php?rest_route=\/wp\/v2\/media\/5147"}],"wp:attachment":[{"href":"https:\/\/plumanegranoticias.com\/index.php?rest_route=%2Fwp%2Fv2%2Fmedia&parent=5148"}],"wp:term":[{"taxonomy":"category","embeddable":true,"href":"https:\/\/plumanegranoticias.com\/index.php?rest_route=%2Fwp%2Fv2%2Fcategories&post=5148"},{"taxonomy":"post_tag","embeddable":true,"href":"https:\/\/plumanegranoticias.com\/index.php?rest_route=%2Fwp%2Fv2%2Ftags&post=5148"}],"curies":[{"name":"wp","href":"https:\/\/api.w.org\/{rel}","templated":true}]}}