{"id":5163,"date":"2024-10-02T12:16:39","date_gmt":"2024-10-02T18:16:39","guid":{"rendered":"https:\/\/plumanegranoticias.com\/?p=5163"},"modified":"2024-10-02T12:17:03","modified_gmt":"2024-10-02T18:17:03","slug":"cierre-de-calles-en-veracruz-por-visita-de-presidenta","status":"publish","type":"post","link":"https:\/\/plumanegranoticias.com\/?p=5163","title":{"rendered":"CIERRE DE CALLES EN VERACRUZ POR VISITA DE PRESIDENTA"},"content":{"rendered":"\n<p>Cierres viales en Veracruz puerto por desfile conmemorativo de la Secretar\u00eda de Marina<\/p>\n\n\n\n<p>Alejandro \u00c1vila<\/p>\n\n\n\n<p>Veracruz, Ver.- La Secretar\u00eda de Marina inform\u00f3 que el pr\u00f3ximo viernes 4 de octubre se realizar\u00e1n cierres viales en el municipio de Veracruz debido al desfile conmemorativo de su 203 aniversario.<\/p>\n\n\n\n<p>El desfile dar\u00e1 inicio a las 16 horas y comenzar\u00e1 de la Macroplaza del Malec\u00f3n, para culminar en la Plaza de la Soberan\u00eda (asta bandera) sobre el bulevar Manuel \u00c1vila Camacho.<\/p>\n\n\n\n<p>Los cierres viales comenzar\u00e1n el pr\u00f3ximo viernes 4 de octubre a partir de las 13 horas en el centro de la ciudad y el bulevar Manuel \u00c1vila Camacho hasta la calle Sim\u00f3n Bol\u00edvar.<\/p>\n\n\n\n<p>En dicho evento participar\u00e1n los Cadetes de la Heroica Escuela Naval Militar, integrantes de la Escuela M\u00e9dica y de Enfermer\u00eda Naval, Escuelas T\u00e9cnicas Navales y Escuelas N\u00e1uticas Mercantes del pa\u00eds.<\/p>\n\n\n\n<p>Para las actividades que se realizar\u00e1n durante todo el 4 de octubre fue invitada a la presidenta Claudia Sheinbaum Pardo; sin embargo, no se confirm\u00f3 si esta estar\u00e1 presente durante el desfile o \u00fanicamente se presentar\u00e1 en la base de Anton Lizardo.<\/p>\n\n\n\n<figure class=\"wp-block-image size-large\"><img loading=\"lazy\" decoding=\"async\" width=\"300\" height=\"228\" src=\"https:\/\/plumanegranoticias.com\/wp-content\/uploads\/2024\/10\/img-20241002-wa00638334861116011095004-300x228.jpg\" alt=\"\" class=\"wp-image-5162\" srcset=\"https:\/\/plumanegranoticias.com\/wp-content\/uploads\/2024\/10\/img-20241002-wa00638334861116011095004-300x228.jpg 300w, https:\/\/plumanegranoticias.com\/wp-content\/uploads\/2024\/10\/img-20241002-wa00638334861116011095004.jpg 635w\" sizes=\"auto, (max-width: 300px) 100vw, 300px\" \/><\/figure>\n","protected":false},"excerpt":{"rendered":"<p>Cierres viales en Veracruz puerto por desfile conmemorativo de la Secretar\u00eda de Marina Alejandro \u00c1vila Veracruz, Ver.- La Secretar\u00eda de Marina inform\u00f3 que el pr\u00f3ximo viernes 4 de octubre se realizar\u00e1n cierres viales en el municipio de Veracruz debido al desfile conmemorativo de su 203 aniversario. El desfile dar\u00e1 inicio a las 16 horas y&#8230; <\/p>\n<div class=\"clear\"><\/div>\n<p><a href=\"https:\/\/plumanegranoticias.com\/?p=5163\" class=\"excerpt-read-more\">Read More<i class=\"fa fa-caret-right icon-caret-right\"><\/i><\/a><\/p>\n","protected":false},"author":2,"featured_media":5165,"comment_status":"open","ping_status":"open","sticky":false,"template":"","format":"standard","meta":{"om_disable_all_campaigns":false,"_monsterinsights_skip_tracking":false,"_monsterinsights_sitenote_active":false,"_monsterinsights_sitenote_note":"","_monsterinsights_sitenote_category":0,"_uf_show_specific_survey":0,"_uf_disable_surveys":false,"footnotes":""},"categories":[1],"tags":[23,28,18,30],"class_list":["post-5163","post","type-post","status-publish","format-standard","has-post-thumbnail","hentry","category-blog","tag-entretenimiento","tag-nacionales","tag-noticia","tag-plumazos"],"aioseo_notices":[],"_links":{"self":[{"href":"https:\/\/plumanegranoticias.com\/index.php?rest_route=\/wp\/v2\/posts\/5163","targetHints":{"allow":["GET"]}}],"collection":[{"href":"https:\/\/plumanegranoticias.com\/index.php?rest_route=\/wp\/v2\/posts"}],"about":[{"href":"https:\/\/plumanegranoticias.com\/index.php?rest_route=\/wp\/v2\/types\/post"}],"author":[{"embeddable":true,"href":"https:\/\/plumanegranoticias.com\/index.php?rest_route=\/wp\/v2\/users\/2"}],"replies":[{"embeddable":true,"href":"https:\/\/plumanegranoticias.com\/index.php?rest_route=%2Fwp%2Fv2%2Fcomments&post=5163"}],"version-history":[{"count":1,"href":"https:\/\/plumanegranoticias.com\/index.php?rest_route=\/wp\/v2\/posts\/5163\/revisions"}],"predecessor-version":[{"id":5164,"href":"https:\/\/plumanegranoticias.com\/index.php?rest_route=\/wp\/v2\/posts\/5163\/revisions\/5164"}],"wp:featuredmedia":[{"embeddable":true,"href":"https:\/\/plumanegranoticias.com\/index.php?rest_route=\/wp\/v2\/media\/5165"}],"wp:attachment":[{"href":"https:\/\/plumanegranoticias.com\/index.php?rest_route=%2Fwp%2Fv2%2Fmedia&parent=5163"}],"wp:term":[{"taxonomy":"category","embeddable":true,"href":"https:\/\/plumanegranoticias.com\/index.php?rest_route=%2Fwp%2Fv2%2Fcategories&post=5163"},{"taxonomy":"post_tag","embeddable":true,"href":"https:\/\/plumanegranoticias.com\/index.php?rest_route=%2Fwp%2Fv2%2Ftags&post=5163"}],"curies":[{"name":"wp","href":"https:\/\/api.w.org\/{rel}","templated":true}]}}