{"id":5179,"date":"2024-10-02T12:25:04","date_gmt":"2024-10-02T18:25:04","guid":{"rendered":"https:\/\/plumanegranoticias.com\/?p=5179"},"modified":"2024-10-02T12:25:38","modified_gmt":"2024-10-02T18:25:38","slug":"fashion-mexico-en-veracruz","status":"publish","type":"post","link":"https:\/\/plumanegranoticias.com\/?p=5179","title":{"rendered":"FASHION M\u00c9XICO EN VERACRUZ"},"content":{"rendered":"\n<p>Este jueves inicia Weekend In Fashion M\u00e9xico 2024 en Veracruz<\/p>\n\n\n\n<p>Alejandro \u00c1vila<\/p>\n\n\n\n<p>Veracruz, Ver.- Todo est\u00e1 listo para la Gala Anual de la Moda en Veracruz, el Weekend In Fashion M\u00e9xico que en esta edici\u00f3n 2024 presentar\u00e1 a los m\u00e1s m\u00e1s importantes dise\u00f1adores mexicanos de proyecci\u00f3n internacional.<\/p>\n\n\n\n<p>Ser\u00e1 este jueves 3 de octubre a las 20:00 horas en el Hotel Galer\u00eda Plaza cuando de manera puntual arranque la esperada Gala Anual de la Moda que tanta expectativa ha caudado en el fashionismo y que sin duda alguna este a\u00f1o 2024 romper\u00e1 esquemas y har\u00e1 historia.<\/p>\n\n\n\n<p>Galo Bertin, Yeshua Herrera, Guillermo Jester, Christian Divat y Novias de Briden Formal son los dise\u00f1adores que presentar\u00e1n sus impresionantes colecciones, lo \u00faltimo en moda para hombres y mujeres que gustan del buen gusto y del buen vestir.<\/p>\n\n\n\n<p>Recordemos que el Weekend In Fashion M\u00e9xico by Grupo Brisas es un evento exclusivo que busca catapultar a Veracruz como la capital emergente de la moda en M\u00e9xico. A trav\u00e9s de una serie de pasarelas y actividades de moda, el evento reunir\u00e1 a los nombres m\u00e1s prestigiosos del dise\u00f1o mexicano, quienes tienen una proyecci\u00f3n internacional, consolidando as\u00ed a Veracruz como un nuevo epicentro de la creatividad y el estilo.<\/p>\n\n\n\n<figure class=\"wp-block-image size-large\"><img loading=\"lazy\" decoding=\"async\" width=\"1024\" height=\"678\" src=\"https:\/\/plumanegranoticias.com\/wp-content\/uploads\/2024\/10\/img-20241002-wa00822857713464045841992-1024x678.jpg\" alt=\"\" class=\"wp-image-5177\" srcset=\"https:\/\/plumanegranoticias.com\/wp-content\/uploads\/2024\/10\/img-20241002-wa00822857713464045841992-1024x678.jpg 1024w, https:\/\/plumanegranoticias.com\/wp-content\/uploads\/2024\/10\/img-20241002-wa00822857713464045841992-300x199.jpg 300w, https:\/\/plumanegranoticias.com\/wp-content\/uploads\/2024\/10\/img-20241002-wa00822857713464045841992-768x508.jpg 768w, https:\/\/plumanegranoticias.com\/wp-content\/uploads\/2024\/10\/img-20241002-wa00822857713464045841992-1536x1017.jpg 1536w, https:\/\/plumanegranoticias.com\/wp-content\/uploads\/2024\/10\/img-20241002-wa00822857713464045841992.jpg 1600w\" sizes=\"auto, (max-width: 1024px) 100vw, 1024px\" \/><\/figure>\n","protected":false},"excerpt":{"rendered":"<p>Este jueves inicia Weekend In Fashion M\u00e9xico 2024 en Veracruz Alejandro \u00c1vila Veracruz, Ver.- Todo est\u00e1 listo para la Gala Anual de la Moda en Veracruz, el Weekend In Fashion M\u00e9xico que en esta edici\u00f3n 2024 presentar\u00e1 a los m\u00e1s m\u00e1s importantes dise\u00f1adores mexicanos de proyecci\u00f3n internacional. Ser\u00e1 este jueves 3 de octubre a las&#8230; <\/p>\n<div class=\"clear\"><\/div>\n<p><a href=\"https:\/\/plumanegranoticias.com\/?p=5179\" class=\"excerpt-read-more\">Read More<i class=\"fa fa-caret-right icon-caret-right\"><\/i><\/a><\/p>\n","protected":false},"author":2,"featured_media":5178,"comment_status":"open","ping_status":"open","sticky":false,"template":"","format":"standard","meta":{"om_disable_all_campaigns":false,"_monsterinsights_skip_tracking":false,"_monsterinsights_sitenote_active":false,"_monsterinsights_sitenote_note":"","_monsterinsights_sitenote_category":0,"_uf_show_specific_survey":0,"_uf_disable_surveys":false,"footnotes":""},"categories":[10,9],"tags":[],"class_list":["post-5179","post","type-post","status-publish","format-standard","has-post-thumbnail","hentry","category-sociales","category-tendencias"],"aioseo_notices":[],"_links":{"self":[{"href":"https:\/\/plumanegranoticias.com\/index.php?rest_route=\/wp\/v2\/posts\/5179","targetHints":{"allow":["GET"]}}],"collection":[{"href":"https:\/\/plumanegranoticias.com\/index.php?rest_route=\/wp\/v2\/posts"}],"about":[{"href":"https:\/\/plumanegranoticias.com\/index.php?rest_route=\/wp\/v2\/types\/post"}],"author":[{"embeddable":true,"href":"https:\/\/plumanegranoticias.com\/index.php?rest_route=\/wp\/v2\/users\/2"}],"replies":[{"embeddable":true,"href":"https:\/\/plumanegranoticias.com\/index.php?rest_route=%2Fwp%2Fv2%2Fcomments&post=5179"}],"version-history":[{"count":1,"href":"https:\/\/plumanegranoticias.com\/index.php?rest_route=\/wp\/v2\/posts\/5179\/revisions"}],"predecessor-version":[{"id":5180,"href":"https:\/\/plumanegranoticias.com\/index.php?rest_route=\/wp\/v2\/posts\/5179\/revisions\/5180"}],"wp:featuredmedia":[{"embeddable":true,"href":"https:\/\/plumanegranoticias.com\/index.php?rest_route=\/wp\/v2\/media\/5178"}],"wp:attachment":[{"href":"https:\/\/plumanegranoticias.com\/index.php?rest_route=%2Fwp%2Fv2%2Fmedia&parent=5179"}],"wp:term":[{"taxonomy":"category","embeddable":true,"href":"https:\/\/plumanegranoticias.com\/index.php?rest_route=%2Fwp%2Fv2%2Fcategories&post=5179"},{"taxonomy":"post_tag","embeddable":true,"href":"https:\/\/plumanegranoticias.com\/index.php?rest_route=%2Fwp%2Fv2%2Ftags&post=5179"}],"curies":[{"name":"wp","href":"https:\/\/api.w.org\/{rel}","templated":true}]}}