{"id":5183,"date":"2024-10-04T08:20:09","date_gmt":"2024-10-04T14:20:09","guid":{"rendered":"https:\/\/plumanegranoticias.com\/?p=5183"},"modified":"2024-10-04T08:20:46","modified_gmt":"2024-10-04T14:20:46","slug":"detienen-a-secuestradora-de-modelos-colombianas","status":"publish","type":"post","link":"https:\/\/plumanegranoticias.com\/?p=5183","title":{"rendered":"DETIENEN A &#8220;SECUESTRADORA&#8221; DE &#8220;MODELOS&#8221; COLOMBIANAS"},"content":{"rendered":"\n<figure class=\"wp-block-image size-large\"><img loading=\"lazy\" decoding=\"async\" width=\"1024\" height=\"1000\" src=\"https:\/\/plumanegranoticias.com\/wp-content\/uploads\/2024\/10\/img-20241004-wa00031932882303875494752-1024x1000.jpg\" alt=\"\" class=\"wp-image-5181\" srcset=\"https:\/\/plumanegranoticias.com\/wp-content\/uploads\/2024\/10\/img-20241004-wa00031932882303875494752-1024x1000.jpg 1024w, https:\/\/plumanegranoticias.com\/wp-content\/uploads\/2024\/10\/img-20241004-wa00031932882303875494752-300x293.jpg 300w, https:\/\/plumanegranoticias.com\/wp-content\/uploads\/2024\/10\/img-20241004-wa00031932882303875494752-768x750.jpg 768w, https:\/\/plumanegranoticias.com\/wp-content\/uploads\/2024\/10\/img-20241004-wa00031932882303875494752.jpg 1179w\" sizes=\"auto, (max-width: 1024px) 100vw, 1024px\" \/><\/figure>\n\n\n\n<p>PRISI\u00d3N PREVENTIVA COMO PROBABLE RESPONSABLE DEL DELITO DE TRATA DE PERSONAS EN AGRAVIO DE MUJERES DE NACIONALIDAD COLOMBIANA&nbsp;<\/p>\n\n\n\n<p>Xalapa, Ver., 4 de octubre de 2024.-La Fiscal\u00eda General del Estado, a trav\u00e9s de la Fiscal\u00eda&nbsp;Especializada en Investigaci\u00f3n de Delitos de Violencia Contra la Familia, Mujeres, Ni\u00f1as y Ni\u00f1os y de Trata de Personas, realiz\u00f3 imputaci\u00f3n en contra de Y\u00e9sica Anah\u00ed \u201cN\u201d,&nbsp; como probable responsable del delito de trata de personas, con fines de explotaci\u00f3n sexual, el cual se encuentra previsto y sancionado por el &nbsp; numeral 10 Fracci\u00f3n&nbsp; III en&nbsp; relaci\u00f3n con&nbsp; los&nbsp; art\u00edculos&nbsp; 13 fracci\u00f3n&nbsp; IV,&nbsp; todos de&nbsp; la&nbsp; Ley&nbsp; General para Prevenir, Sancionar y Erradicar los Delitos en Materia de Trata de Personas y para la Protecci\u00f3n y Asistencia a las V\u00edctimas de estos Delitos, en agravio de mujeres de nacionalidad colombiana, cuyas identidades est\u00e1n resguardadas.<\/p>\n\n\n\n<p>Las v\u00edctimas detallan de manera correlacionada, que fueron contactadas por la imputada en diferentes lugares y fechas, siendo transportadas a varios sitios, en particular a un inmueble ubicado en la ciudad de Boca del R\u00edo, Veracruz. En este lugar, las v\u00edctimas fueron recibidas y alojadas por la investigada con fines de explotaci\u00f3n sexual, ya que ella las publicitaba para ofrecer servicios sexuales y de acompa\u00f1amiento a hombres que las contactaban. Por estos servicios, la imputada se beneficiaba econ\u00f3micamente, ya que las v\u00edctimas le entregaban diversas cantidades de dinero, de las cuales ella se quedaba con la mayor parte de la ganancia.<\/p>\n\n\n\n<p>El juez dict\u00f3 como medida cautelar prisi\u00f3n preventiva justificada por el t\u00e9rmino de dos a\u00f1os, dentro del proceso penal 1188\/2024.<\/p>\n","protected":false},"excerpt":{"rendered":"<p>PRISI\u00d3N PREVENTIVA COMO PROBABLE RESPONSABLE DEL DELITO DE TRATA DE PERSONAS EN AGRAVIO DE MUJERES DE NACIONALIDAD COLOMBIANA&nbsp; Xalapa, Ver., 4 de octubre de 2024.-La Fiscal\u00eda General del Estado, a trav\u00e9s de la Fiscal\u00eda&nbsp;Especializada en Investigaci\u00f3n de Delitos de Violencia Contra la Familia, Mujeres, Ni\u00f1as y Ni\u00f1os y de Trata de Personas, realiz\u00f3 imputaci\u00f3n en&#8230; <\/p>\n<div class=\"clear\"><\/div>\n<p><a href=\"https:\/\/plumanegranoticias.com\/?p=5183\" class=\"excerpt-read-more\">Read More<i class=\"fa fa-caret-right icon-caret-right\"><\/i><\/a><\/p>\n","protected":false},"author":2,"featured_media":5182,"comment_status":"open","ping_status":"open","sticky":false,"template":"","format":"standard","meta":{"om_disable_all_campaigns":false,"_monsterinsights_skip_tracking":false,"_monsterinsights_sitenote_active":false,"_monsterinsights_sitenote_note":"","_monsterinsights_sitenote_category":0,"_uf_show_specific_survey":0,"_uf_disable_surveys":false,"footnotes":""},"categories":[1],"tags":[22,18,34],"class_list":["post-5183","post","type-post","status-publish","format-standard","has-post-thumbnail","hentry","category-blog","tag-nota-roja","tag-noticia","tag-policiaca"],"aioseo_notices":[],"_links":{"self":[{"href":"https:\/\/plumanegranoticias.com\/index.php?rest_route=\/wp\/v2\/posts\/5183","targetHints":{"allow":["GET"]}}],"collection":[{"href":"https:\/\/plumanegranoticias.com\/index.php?rest_route=\/wp\/v2\/posts"}],"about":[{"href":"https:\/\/plumanegranoticias.com\/index.php?rest_route=\/wp\/v2\/types\/post"}],"author":[{"embeddable":true,"href":"https:\/\/plumanegranoticias.com\/index.php?rest_route=\/wp\/v2\/users\/2"}],"replies":[{"embeddable":true,"href":"https:\/\/plumanegranoticias.com\/index.php?rest_route=%2Fwp%2Fv2%2Fcomments&post=5183"}],"version-history":[{"count":1,"href":"https:\/\/plumanegranoticias.com\/index.php?rest_route=\/wp\/v2\/posts\/5183\/revisions"}],"predecessor-version":[{"id":5184,"href":"https:\/\/plumanegranoticias.com\/index.php?rest_route=\/wp\/v2\/posts\/5183\/revisions\/5184"}],"wp:featuredmedia":[{"embeddable":true,"href":"https:\/\/plumanegranoticias.com\/index.php?rest_route=\/wp\/v2\/media\/5182"}],"wp:attachment":[{"href":"https:\/\/plumanegranoticias.com\/index.php?rest_route=%2Fwp%2Fv2%2Fmedia&parent=5183"}],"wp:term":[{"taxonomy":"category","embeddable":true,"href":"https:\/\/plumanegranoticias.com\/index.php?rest_route=%2Fwp%2Fv2%2Fcategories&post=5183"},{"taxonomy":"post_tag","embeddable":true,"href":"https:\/\/plumanegranoticias.com\/index.php?rest_route=%2Fwp%2Fv2%2Ftags&post=5183"}],"curies":[{"name":"wp","href":"https:\/\/api.w.org\/{rel}","templated":true}]}}