{"id":5186,"date":"2024-10-04T10:34:28","date_gmt":"2024-10-04T16:34:28","guid":{"rendered":"https:\/\/plumanegranoticias.com\/?p=5186"},"modified":"2024-10-04T10:35:10","modified_gmt":"2024-10-04T16:35:10","slug":"mueres-rurales-se-unen-al-africaribeno","status":"publish","type":"post","link":"https:\/\/plumanegranoticias.com\/?p=5186","title":{"rendered":"MUERES RURALES SE UNEN AL AFRICARIBE\u00d1O"},"content":{"rendered":"\n<figure class=\"wp-block-image size-large\"><img loading=\"lazy\" decoding=\"async\" width=\"1024\" height=\"768\" src=\"https:\/\/plumanegranoticias.com\/wp-content\/uploads\/2024\/10\/img-20241004-wa00207593688298530819160-1024x768.jpg\" alt=\"\" class=\"wp-image-5185\" srcset=\"https:\/\/plumanegranoticias.com\/wp-content\/uploads\/2024\/10\/img-20241004-wa00207593688298530819160-1024x768.jpg 1024w, https:\/\/plumanegranoticias.com\/wp-content\/uploads\/2024\/10\/img-20241004-wa00207593688298530819160-300x225.jpg 300w, https:\/\/plumanegranoticias.com\/wp-content\/uploads\/2024\/10\/img-20241004-wa00207593688298530819160-768x576.jpg 768w, https:\/\/plumanegranoticias.com\/wp-content\/uploads\/2024\/10\/img-20241004-wa00207593688298530819160-1536x1152.jpg 1536w, https:\/\/plumanegranoticias.com\/wp-content\/uploads\/2024\/10\/img-20241004-wa00207593688298530819160-400x300.jpg 400w, https:\/\/plumanegranoticias.com\/wp-content\/uploads\/2024\/10\/img-20241004-wa00207593688298530819160.jpg 1600w\" sizes=\"auto, (max-width: 1024px) 100vw, 1024px\" \/><\/figure>\n\n\n\n<p>Mujeres de la zona rural de Veracruz se suman al Afrocaribe\u00f1o 2024<\/p>\n\n\n\n<p>Alejandro \u00c1vila<\/p>\n\n\n\n<p>Veracruz, Ver.- El Ayuntamiento de Veracruz logr\u00f3 gestionar que mujeres de la zona rural del municipio se sumar\u00e1 a las actividades del Festival Afrocaribe\u00f1o 2024; por lo que el pr\u00f3ximo 5 de octubre realizar\u00e1n un concierto con exposici\u00f3n gastron\u00f3mica y artesanal en el parque kiosco del fraccionamiento Dorado Real.<\/p>\n\n\n\n<p>Susana Mendoza Vicente, presidenta del Colectivo &#8220;Impulsa Mujer Rural&#8221;, mencion\u00f3 que adem\u00e1s de las presentaciones art\u00edsticas de los grupos &#8220;Nanche y Jobo&#8221; y &#8220;La F\u00f3rmula del Son&#8221;, habr\u00e1 casi 50 expositoras gastron\u00f3micas y manualidades.<\/p>\n\n\n\n<p>&#8220;Vamos a tener la participaci\u00f3n de lo que es Ponte Guapa, van a poder ponerse cejas, pesta\u00f1as, corte de cabello y va a haber muchas otras actividades en las que puede integrarse la familia&#8221;, expres\u00f3.<\/p>\n\n\n\n<p>Susana Mendoza mencion\u00f3 que a mediados del mes de octubre en el Cabildo del Ayuntamiento de Veracruz, la presidenta municipal, Patricia Lobeira, reconocer\u00e1 a las integrantes del Colectivo &#8220;Impulsa Mujer Rural&#8221;, por las aportaciones que han dado a la sociedad de las localidades de Dos Lomas, Tejer\u00eda, Santa Rita, Santa Fe Vargas, San Juli\u00e1n, entre otras.<\/p>\n\n\n\n<p>&#8220;Ha sido un empoderamiento grand\u00edsimo, son tres a\u00f1os, han sido mujeres que hemos visto crecer d\u00eda con d\u00eda, que en este momento tienen extra y, de hecho vamos a tener del 21 al 31 unos talleres comunitarios en varias zonas de aqu\u00ed, Tejer\u00eda, Santa Fe, y seguimos integrando a la comunidad rural (\u2026) es por temporada y despu\u00e9s vemos tambi\u00e9n la zona, normalmente hacemos talleres de u\u00f1as, de reposter\u00eda, de pi\u00f1ata, y tomamos en cuenta todas las recomendaciones, las observaciones, y a partir de esos que se van formando los talleres, con las necesidades de cada zona&#8221;, se\u00f1al\u00f3.<\/p>\n\n\n\n<p>Finalmente, dijo que el pr\u00f3ximo 30 de octubre se realizar\u00e1 en el parque de Tejer\u00eda un concurso de altares, donde participar\u00e1n todas las escuelas de la zona rural.<\/p>\n","protected":false},"excerpt":{"rendered":"<p>Mujeres de la zona rural de Veracruz se suman al Afrocaribe\u00f1o 2024 Alejandro \u00c1vila Veracruz, Ver.- El Ayuntamiento de Veracruz logr\u00f3 gestionar que mujeres de la zona rural del municipio se sumar\u00e1 a las actividades del Festival Afrocaribe\u00f1o 2024; por lo que el pr\u00f3ximo 5 de octubre realizar\u00e1n un concierto con exposici\u00f3n gastron\u00f3mica y artesanal&#8230; <\/p>\n<div class=\"clear\"><\/div>\n<p><a href=\"https:\/\/plumanegranoticias.com\/?p=5186\" class=\"excerpt-read-more\">Read More<i class=\"fa fa-caret-right icon-caret-right\"><\/i><\/a><\/p>\n","protected":false},"author":2,"featured_media":5188,"comment_status":"open","ping_status":"open","sticky":false,"template":"","format":"standard","meta":{"om_disable_all_campaigns":false,"_monsterinsights_skip_tracking":false,"_monsterinsights_sitenote_active":false,"_monsterinsights_sitenote_note":"","_monsterinsights_sitenote_category":0,"_uf_show_specific_survey":0,"_uf_disable_surveys":false,"footnotes":""},"categories":[1,15,12,10],"tags":[],"class_list":["post-5186","post","type-post","status-publish","format-standard","has-post-thumbnail","hentry","category-blog","category-nacionales","category-regional","category-sociales"],"aioseo_notices":[],"_links":{"self":[{"href":"https:\/\/plumanegranoticias.com\/index.php?rest_route=\/wp\/v2\/posts\/5186","targetHints":{"allow":["GET"]}}],"collection":[{"href":"https:\/\/plumanegranoticias.com\/index.php?rest_route=\/wp\/v2\/posts"}],"about":[{"href":"https:\/\/plumanegranoticias.com\/index.php?rest_route=\/wp\/v2\/types\/post"}],"author":[{"embeddable":true,"href":"https:\/\/plumanegranoticias.com\/index.php?rest_route=\/wp\/v2\/users\/2"}],"replies":[{"embeddable":true,"href":"https:\/\/plumanegranoticias.com\/index.php?rest_route=%2Fwp%2Fv2%2Fcomments&post=5186"}],"version-history":[{"count":1,"href":"https:\/\/plumanegranoticias.com\/index.php?rest_route=\/wp\/v2\/posts\/5186\/revisions"}],"predecessor-version":[{"id":5187,"href":"https:\/\/plumanegranoticias.com\/index.php?rest_route=\/wp\/v2\/posts\/5186\/revisions\/5187"}],"wp:featuredmedia":[{"embeddable":true,"href":"https:\/\/plumanegranoticias.com\/index.php?rest_route=\/wp\/v2\/media\/5188"}],"wp:attachment":[{"href":"https:\/\/plumanegranoticias.com\/index.php?rest_route=%2Fwp%2Fv2%2Fmedia&parent=5186"}],"wp:term":[{"taxonomy":"category","embeddable":true,"href":"https:\/\/plumanegranoticias.com\/index.php?rest_route=%2Fwp%2Fv2%2Fcategories&post=5186"},{"taxonomy":"post_tag","embeddable":true,"href":"https:\/\/plumanegranoticias.com\/index.php?rest_route=%2Fwp%2Fv2%2Ftags&post=5186"}],"curies":[{"name":"wp","href":"https:\/\/api.w.org\/{rel}","templated":true}]}}