{"id":5209,"date":"2024-10-07T12:39:47","date_gmt":"2024-10-07T18:39:47","guid":{"rendered":"https:\/\/plumanegranoticias.com\/?p=5209"},"modified":"2024-10-07T12:40:24","modified_gmt":"2024-10-07T18:40:24","slug":"que-terminen-su-gobierno-antes-del-irse-al-gabinetepan","status":"publish","type":"post","link":"https:\/\/plumanegranoticias.com\/?p=5209","title":{"rendered":"QUE TERMINEN SU GOBIERNO ANTES DEL IRSE AL GABINETE:PAN"},"content":{"rendered":"\n<p><em>Ediles invitados al Gobierno deber\u00edan concluir per\u00edodo: PAN<\/em><\/p>\n\n\n\n<p>\u00c1ngeles Gonz\u00e1lez Ceballos<br \/>Xalapa, Ver<\/p>\n\n\n\n<p>El Partido Acci\u00f3n Nacional (PAN) de Veracruz, critic\u00f3 a los alcaldes que dejar\u00e1n el cargo para sumarse a la administraci\u00f3n de Roc\u00edo Nahle Garc\u00eda.<\/p>\n\n\n\n<p>En conferencia de prensa, el presidente de la Fundaci\u00f3n Castillo de Acci\u00f3n Nacional, Agust\u00edn Basilio de la Vega, extern\u00f3 que los ediles deben concluir el periodo por el que fueron electos.<\/p>\n\n\n\n<p>Hay que recordar que la gobernadora electa anunci\u00f3 recientemente que el alcalde de Tuxpan, Jos\u00e9 Manuel Pozos Castro, ser\u00e1 el pr\u00f3ximo subsecretario de Gobierno.<\/p>\n\n\n\n<p>El primer anuncio fue el del alcalde de Xalapa, Ricardo Ahued quien ser\u00e1 el pr\u00f3ximo secretario de Gobierno.<\/p>\n\n\n\n<p>Adem\u00e1s, el alcalde de Mart\u00ednez de la Torre, Rodrigo Calder\u00f3n, fue invitado a sumarse como el pr\u00f3ximo titular de la Sedarpa.<\/p>\n\n\n\n<p>&#8220;Tal vez les interese continuar como L\u00f3pez Obrador que toda la vida se la pas\u00f3 haciendo pol\u00edtica hasta el \u00faltimo momento y creo que sigue todav\u00eda atr\u00e1s de la silla presidencial. Pero s\u00ed creo, en lo personal, que deben concluir, entregar cuentas de su mandato o del trabajo&#8221;, expres\u00f3.<\/p>\n\n\n\n<p>En ese sentido, consider\u00f3 que al alcalde de Xalapa, quien ha estado en otros partidos pol\u00edticos y otros cargos, expres\u00f3 que le gusta estar &#8220;en los gobiernos de moda&#8221;.<\/p>\n\n\n\n<p>Cuestionado sobre los hechos ocurridos en Tuxpan, en donde hubo un enfrentamiento entre bandas delictivas, el pasado 3 de octubre, respondi\u00f3 que ser alcalde ahora es muy riesgoso, prueba de ello fue lo que le sucedi\u00f3 al alcalde de Chilpancingo, Alejandro Arcos, quien fue decapitado.<\/p>\n\n\n\n<p>El panista consider\u00f3 que quiz\u00e1 Pozos Castro prefiere estar en una oficina &#8220;menos expuesta&#8221;.<\/p>\n\n\n\n<p>Basilio de la Vega consider\u00f3 que ante los hechos ocurridos en diversos municipios por distintos hechos de inseguridad, dijo que la estrategia de abrazos y no balazos no ha funcionado y se deber\u00eda cambiar.<\/p>\n\n\n\n<p>En torno al anuncio de la presidenta Claudia Sheinbaum, para enviar una serie de leyes secundarias que detallan c\u00f3mo va a ser la elecci\u00f3n popular de jueces, magistrados y ministros el 1 de junio de 2025, el representante del PAN exigi\u00f3 al INE acatar a la suspensi\u00f3n para detener el proceso electoral.<\/p>\n\n\n\n<p>&#8220;Mientras no sea resuelto de fondo por la Suprema Corte de Justicia de la Naci\u00f3n, es fundamental que el actual Gobierno respete las decisiones de la Suprema Corte, pues la independencia del Poder Judicial es un pilar esencial de nuestra democracia&#8221;, indic\u00f3.<\/p>\n\n\n\n<p>Agreg\u00f3 que en el PAN respaldan a la Corte porque en observancia de velar por la autonom\u00eda del Poder Judicial, el pleno de la Corte determin\u00f3 que procede la solicitud de examinar la reforma.<\/p>\n\n\n\n<figure class=\"wp-block-image size-large\"><img loading=\"lazy\" decoding=\"async\" width=\"1024\" height=\"768\" src=\"https:\/\/plumanegranoticias.com\/wp-content\/uploads\/2024\/10\/img-20241007-wa01222689978237526560543-1024x768.jpg\" alt=\"\" class=\"wp-image-5208\" srcset=\"https:\/\/plumanegranoticias.com\/wp-content\/uploads\/2024\/10\/img-20241007-wa01222689978237526560543-1024x768.jpg 1024w, https:\/\/plumanegranoticias.com\/wp-content\/uploads\/2024\/10\/img-20241007-wa01222689978237526560543-300x225.jpg 300w, https:\/\/plumanegranoticias.com\/wp-content\/uploads\/2024\/10\/img-20241007-wa01222689978237526560543-768x576.jpg 768w, https:\/\/plumanegranoticias.com\/wp-content\/uploads\/2024\/10\/img-20241007-wa01222689978237526560543-400x300.jpg 400w, https:\/\/plumanegranoticias.com\/wp-content\/uploads\/2024\/10\/img-20241007-wa01222689978237526560543.jpg 1280w\" sizes=\"auto, (max-width: 1024px) 100vw, 1024px\" \/><\/figure>\n","protected":false},"excerpt":{"rendered":"<p>Ediles invitados al Gobierno deber\u00edan concluir per\u00edodo: PAN \u00c1ngeles Gonz\u00e1lez CeballosXalapa, Ver El Partido Acci\u00f3n Nacional (PAN) de Veracruz, critic\u00f3 a los alcaldes que dejar\u00e1n el cargo para sumarse a la administraci\u00f3n de Roc\u00edo Nahle Garc\u00eda. En conferencia de prensa, el presidente de la Fundaci\u00f3n Castillo de Acci\u00f3n Nacional, Agust\u00edn Basilio de la Vega, extern\u00f3&#8230; <\/p>\n<div class=\"clear\"><\/div>\n<p><a href=\"https:\/\/plumanegranoticias.com\/?p=5209\" class=\"excerpt-read-more\">Read More<i class=\"fa fa-caret-right icon-caret-right\"><\/i><\/a><\/p>\n","protected":false},"author":2,"featured_media":5211,"comment_status":"open","ping_status":"open","sticky":false,"template":"","format":"standard","meta":{"om_disable_all_campaigns":false,"_monsterinsights_skip_tracking":false,"_monsterinsights_sitenote_active":false,"_monsterinsights_sitenote_note":"","_monsterinsights_sitenote_category":0,"_uf_show_specific_survey":0,"_uf_disable_surveys":false,"footnotes":""},"categories":[1],"tags":[61,19],"class_list":["post-5209","post","type-post","status-publish","format-standard","has-post-thumbnail","hentry","category-blog","tag-politica","tag-regional"],"aioseo_notices":[],"_links":{"self":[{"href":"https:\/\/plumanegranoticias.com\/index.php?rest_route=\/wp\/v2\/posts\/5209","targetHints":{"allow":["GET"]}}],"collection":[{"href":"https:\/\/plumanegranoticias.com\/index.php?rest_route=\/wp\/v2\/posts"}],"about":[{"href":"https:\/\/plumanegranoticias.com\/index.php?rest_route=\/wp\/v2\/types\/post"}],"author":[{"embeddable":true,"href":"https:\/\/plumanegranoticias.com\/index.php?rest_route=\/wp\/v2\/users\/2"}],"replies":[{"embeddable":true,"href":"https:\/\/plumanegranoticias.com\/index.php?rest_route=%2Fwp%2Fv2%2Fcomments&post=5209"}],"version-history":[{"count":1,"href":"https:\/\/plumanegranoticias.com\/index.php?rest_route=\/wp\/v2\/posts\/5209\/revisions"}],"predecessor-version":[{"id":5210,"href":"https:\/\/plumanegranoticias.com\/index.php?rest_route=\/wp\/v2\/posts\/5209\/revisions\/5210"}],"wp:featuredmedia":[{"embeddable":true,"href":"https:\/\/plumanegranoticias.com\/index.php?rest_route=\/wp\/v2\/media\/5211"}],"wp:attachment":[{"href":"https:\/\/plumanegranoticias.com\/index.php?rest_route=%2Fwp%2Fv2%2Fmedia&parent=5209"}],"wp:term":[{"taxonomy":"category","embeddable":true,"href":"https:\/\/plumanegranoticias.com\/index.php?rest_route=%2Fwp%2Fv2%2Fcategories&post=5209"},{"taxonomy":"post_tag","embeddable":true,"href":"https:\/\/plumanegranoticias.com\/index.php?rest_route=%2Fwp%2Fv2%2Ftags&post=5209"}],"curies":[{"name":"wp","href":"https:\/\/api.w.org\/{rel}","templated":true}]}}