{"id":5246,"date":"2024-10-09T09:52:41","date_gmt":"2024-10-09T15:52:41","guid":{"rendered":"https:\/\/plumanegranoticias.com\/?p=5246"},"modified":"2024-10-09T09:53:15","modified_gmt":"2024-10-09T15:53:15","slug":"sentencian-a-homicida-de-cordoba","status":"publish","type":"post","link":"https:\/\/plumanegranoticias.com\/?p=5246","title":{"rendered":"SENTENCIAN A HOMICIDA DE C\u00d3RDOBA"},"content":{"rendered":"\n<p>Sentenciado a 20 a\u00f1os de prisi\u00f3n de prisi\u00f3n como responsable del delito homicidio doloso calificado<\/p>\n\n\n\n<p>C\u00f3rdoba, Ver., 9 de octubre 2024.- La Fiscal\u00eda Regional C\u00f3rdoba logr\u00f3 sentencia condenatoria de 20 a\u00f1os de prisi\u00f3n en contra de Jos\u00e9 \u201cN\u201d como responsable del delito de homicidio doloso calificado en agravio de la v\u00edctima identificada con las iniciales C.F.R.<\/p>\n\n\n\n<p>Hechos ocurridos el 25 de septiembre del 2023 en la colonia Reforma del municipio de Paso del Macho, cuando el ahora sentenciado utiliz\u00f3 un arma blanca para herir en el abdomen a la v\u00edctima en diversas ocasiones hasta privarla de la vida.<\/p>\n\n\n\n<p>El juez adem\u00e1s de dictar sentencia, estableci\u00f3 un pago por concepto de reparaci\u00f3n del da\u00f1o y suspendi\u00f3 sus derechos civiles y pol\u00edticos, dentro del juicio oral 37\/2024.<\/p>\n\n\n\n<figure class=\"wp-block-image size-large\"><img loading=\"lazy\" decoding=\"async\" width=\"1024\" height=\"1024\" src=\"https:\/\/plumanegranoticias.com\/wp-content\/uploads\/2024\/10\/img-20241009-wa00365719686906390433238-1024x1024.jpg\" alt=\"\" class=\"wp-image-5245\" srcset=\"https:\/\/plumanegranoticias.com\/wp-content\/uploads\/2024\/10\/img-20241009-wa00365719686906390433238-1024x1024.jpg 1024w, https:\/\/plumanegranoticias.com\/wp-content\/uploads\/2024\/10\/img-20241009-wa00365719686906390433238-300x300.jpg 300w, https:\/\/plumanegranoticias.com\/wp-content\/uploads\/2024\/10\/img-20241009-wa00365719686906390433238-150x150.jpg 150w, https:\/\/plumanegranoticias.com\/wp-content\/uploads\/2024\/10\/img-20241009-wa00365719686906390433238-768x768.jpg 768w, https:\/\/plumanegranoticias.com\/wp-content\/uploads\/2024\/10\/img-20241009-wa00365719686906390433238-400x400.jpg 400w, https:\/\/plumanegranoticias.com\/wp-content\/uploads\/2024\/10\/img-20241009-wa00365719686906390433238.jpg 1200w\" sizes=\"auto, (max-width: 1024px) 100vw, 1024px\" \/><\/figure>\n","protected":false},"excerpt":{"rendered":"<p>Sentenciado a 20 a\u00f1os de prisi\u00f3n de prisi\u00f3n como responsable del delito homicidio doloso calificado C\u00f3rdoba, Ver., 9 de octubre 2024.- La Fiscal\u00eda Regional C\u00f3rdoba logr\u00f3 sentencia condenatoria de 20 a\u00f1os de prisi\u00f3n en contra de Jos\u00e9 \u201cN\u201d como responsable del delito de homicidio doloso calificado en agravio de la v\u00edctima identificada con las iniciales&#8230; <\/p>\n<div class=\"clear\"><\/div>\n<p><a href=\"https:\/\/plumanegranoticias.com\/?p=5246\" class=\"excerpt-read-more\">Read More<i class=\"fa fa-caret-right icon-caret-right\"><\/i><\/a><\/p>\n","protected":false},"author":2,"featured_media":5248,"comment_status":"open","ping_status":"open","sticky":false,"template":"","format":"standard","meta":{"om_disable_all_campaigns":false,"_monsterinsights_skip_tracking":false,"_monsterinsights_sitenote_active":false,"_monsterinsights_sitenote_note":"","_monsterinsights_sitenote_category":0,"_uf_show_specific_survey":0,"_uf_disable_surveys":false,"footnotes":""},"categories":[1],"tags":[22,18],"class_list":["post-5246","post","type-post","status-publish","format-standard","has-post-thumbnail","hentry","category-blog","tag-nota-roja","tag-noticia"],"aioseo_notices":[],"_links":{"self":[{"href":"https:\/\/plumanegranoticias.com\/index.php?rest_route=\/wp\/v2\/posts\/5246","targetHints":{"allow":["GET"]}}],"collection":[{"href":"https:\/\/plumanegranoticias.com\/index.php?rest_route=\/wp\/v2\/posts"}],"about":[{"href":"https:\/\/plumanegranoticias.com\/index.php?rest_route=\/wp\/v2\/types\/post"}],"author":[{"embeddable":true,"href":"https:\/\/plumanegranoticias.com\/index.php?rest_route=\/wp\/v2\/users\/2"}],"replies":[{"embeddable":true,"href":"https:\/\/plumanegranoticias.com\/index.php?rest_route=%2Fwp%2Fv2%2Fcomments&post=5246"}],"version-history":[{"count":1,"href":"https:\/\/plumanegranoticias.com\/index.php?rest_route=\/wp\/v2\/posts\/5246\/revisions"}],"predecessor-version":[{"id":5247,"href":"https:\/\/plumanegranoticias.com\/index.php?rest_route=\/wp\/v2\/posts\/5246\/revisions\/5247"}],"wp:featuredmedia":[{"embeddable":true,"href":"https:\/\/plumanegranoticias.com\/index.php?rest_route=\/wp\/v2\/media\/5248"}],"wp:attachment":[{"href":"https:\/\/plumanegranoticias.com\/index.php?rest_route=%2Fwp%2Fv2%2Fmedia&parent=5246"}],"wp:term":[{"taxonomy":"category","embeddable":true,"href":"https:\/\/plumanegranoticias.com\/index.php?rest_route=%2Fwp%2Fv2%2Fcategories&post=5246"},{"taxonomy":"post_tag","embeddable":true,"href":"https:\/\/plumanegranoticias.com\/index.php?rest_route=%2Fwp%2Fv2%2Ftags&post=5246"}],"curies":[{"name":"wp","href":"https:\/\/api.w.org\/{rel}","templated":true}]}}