{"id":5274,"date":"2024-10-09T13:26:23","date_gmt":"2024-10-09T19:26:23","guid":{"rendered":"https:\/\/plumanegranoticias.com\/?p=5274"},"modified":"2024-10-09T13:27:05","modified_gmt":"2024-10-09T19:27:05","slug":"esteban-bautista-coordinador-de-la-jucopo","status":"publish","type":"post","link":"https:\/\/plumanegranoticias.com\/?p=5274","title":{"rendered":"ESTEBAN BAUTISTA COORDINADOR DE LA JUCOPO"},"content":{"rendered":"\n<figure class=\"wp-block-image size-large\"><img loading=\"lazy\" decoding=\"async\" width=\"1024\" height=\"683\" src=\"https:\/\/plumanegranoticias.com\/wp-content\/uploads\/2024\/10\/img-20241009-wa01005930066677556156487-1024x683.jpg\" alt=\"\" class=\"wp-image-5273\" srcset=\"https:\/\/plumanegranoticias.com\/wp-content\/uploads\/2024\/10\/img-20241009-wa01005930066677556156487-1024x683.jpg 1024w, https:\/\/plumanegranoticias.com\/wp-content\/uploads\/2024\/10\/img-20241009-wa01005930066677556156487-300x200.jpg 300w, https:\/\/plumanegranoticias.com\/wp-content\/uploads\/2024\/10\/img-20241009-wa01005930066677556156487-768x512.jpg 768w, https:\/\/plumanegranoticias.com\/wp-content\/uploads\/2024\/10\/img-20241009-wa01005930066677556156487.jpg 1080w\" sizes=\"auto, (max-width: 1024px) 100vw, 1024px\" \/><\/figure>\n\n\n\n<p><em>Nombran al diputado Esteban Bautista pr\u00f3ximo coordinador de Morena en el Congreso local<\/em><\/p>\n\n\n\n<p>-Por ende ser\u00e1 el pr\u00f3ximo presidente de la JUCOPO<\/p>\n\n\n\n<p>\u00c1ngeles Gonz\u00e1lez Ceballos<br \/>Xalapa, Ver.<\/p>\n\n\n\n<p>El diputado local por el distrito de Cosoleacaque, Esteban Bautista Hern\u00e1ndez ser\u00e1 el pr\u00f3ximo coordinador del Grupo Legislativo de Morena en el Congreso del Estado y presidente de la Junta de Coordinaci\u00f3n Pol\u00edtica.<\/p>\n\n\n\n<p>As\u00ed lo dio a conocer el dirigente del instituto pol\u00edtico, Esteban Ram\u00edrez Zepeta, quien inform\u00f3 que este mi\u00e9rcoles las y los diputados electos de Morena se reunieron a puerta cerrada con la gobernadora electa Roc\u00edo Nahle Garc\u00eda.<\/p>\n\n\n\n<p>En dicha reuni\u00f3n acordaron por unanimidad, designar al diputado local del distrito de Cosoleacaque, Esteban Bautista Hern\u00e1ndez como el pr\u00f3ximo coordinador del grupo legislativo de Morena.<\/p>\n\n\n\n<p>Reconocieron al profe Esteban Bautista como uno de los diputados con m\u00e1s alta votaci\u00f3n el pasado 2 de junio.<\/p>\n\n\n\n<p>Durante la reuni\u00f3n destacaron el liderazgo de Bautista para conducir los destinos de Morena en el Congreso local y apoyar todas las iniciativas que env\u00ede la gobernadora Roc\u00edo Nahle Garc\u00eda.<\/p>\n","protected":false},"excerpt":{"rendered":"<p>Nombran al diputado Esteban Bautista pr\u00f3ximo coordinador de Morena en el Congreso local -Por ende ser\u00e1 el pr\u00f3ximo presidente de la JUCOPO \u00c1ngeles Gonz\u00e1lez CeballosXalapa, Ver. El diputado local por el distrito de Cosoleacaque, Esteban Bautista Hern\u00e1ndez ser\u00e1 el pr\u00f3ximo coordinador del Grupo Legislativo de Morena en el Congreso del Estado y presidente de la&#8230; <\/p>\n<div class=\"clear\"><\/div>\n<p><a href=\"https:\/\/plumanegranoticias.com\/?p=5274\" class=\"excerpt-read-more\">Read More<i class=\"fa fa-caret-right icon-caret-right\"><\/i><\/a><\/p>\n","protected":false},"author":2,"featured_media":5276,"comment_status":"open","ping_status":"open","sticky":false,"template":"","format":"standard","meta":{"om_disable_all_campaigns":false,"_monsterinsights_skip_tracking":false,"_monsterinsights_sitenote_active":false,"_monsterinsights_sitenote_note":"","_monsterinsights_sitenote_category":0,"_uf_show_specific_survey":0,"_uf_disable_surveys":false,"footnotes":""},"categories":[1],"tags":[18,30,61],"class_list":["post-5274","post","type-post","status-publish","format-standard","has-post-thumbnail","hentry","category-blog","tag-noticia","tag-plumazos","tag-politica"],"aioseo_notices":[],"_links":{"self":[{"href":"https:\/\/plumanegranoticias.com\/index.php?rest_route=\/wp\/v2\/posts\/5274","targetHints":{"allow":["GET"]}}],"collection":[{"href":"https:\/\/plumanegranoticias.com\/index.php?rest_route=\/wp\/v2\/posts"}],"about":[{"href":"https:\/\/plumanegranoticias.com\/index.php?rest_route=\/wp\/v2\/types\/post"}],"author":[{"embeddable":true,"href":"https:\/\/plumanegranoticias.com\/index.php?rest_route=\/wp\/v2\/users\/2"}],"replies":[{"embeddable":true,"href":"https:\/\/plumanegranoticias.com\/index.php?rest_route=%2Fwp%2Fv2%2Fcomments&post=5274"}],"version-history":[{"count":1,"href":"https:\/\/plumanegranoticias.com\/index.php?rest_route=\/wp\/v2\/posts\/5274\/revisions"}],"predecessor-version":[{"id":5275,"href":"https:\/\/plumanegranoticias.com\/index.php?rest_route=\/wp\/v2\/posts\/5274\/revisions\/5275"}],"wp:featuredmedia":[{"embeddable":true,"href":"https:\/\/plumanegranoticias.com\/index.php?rest_route=\/wp\/v2\/media\/5276"}],"wp:attachment":[{"href":"https:\/\/plumanegranoticias.com\/index.php?rest_route=%2Fwp%2Fv2%2Fmedia&parent=5274"}],"wp:term":[{"taxonomy":"category","embeddable":true,"href":"https:\/\/plumanegranoticias.com\/index.php?rest_route=%2Fwp%2Fv2%2Fcategories&post=5274"},{"taxonomy":"post_tag","embeddable":true,"href":"https:\/\/plumanegranoticias.com\/index.php?rest_route=%2Fwp%2Fv2%2Ftags&post=5274"}],"curies":[{"name":"wp","href":"https:\/\/api.w.org\/{rel}","templated":true}]}}