{"id":5278,"date":"2024-10-09T13:45:06","date_gmt":"2024-10-09T19:45:06","guid":{"rendered":"https:\/\/plumanegranoticias.com\/?p=5278"},"modified":"2024-10-09T13:45:32","modified_gmt":"2024-10-09T19:45:32","slug":"posponen-evento-de-cineastas-por-asesinato-en-xalapa","status":"publish","type":"post","link":"https:\/\/plumanegranoticias.com\/?p=5278","title":{"rendered":"POSPONEN EVENTO DE CINEASTAS POR ASESINATO EN XALAPA"},"content":{"rendered":"\n<p><em>Pospone comunidad cinematogr\u00e1fica festival en Xalapa por inseguridad<\/em><\/p>\n\n\n\n<p>\u00c1ngeles Gonz\u00e1lez Ceballos<br \/>Xalapa, Ver<\/p>\n\n\n\n<p>La comunidad cinematografica y audiovisual pospuso el \u201cFestival de Cortometraje Veracuzano\u201d, por sentirse inseguros.<\/p>\n\n\n\n<p>A trav\u00e9s de un comunicado indicaron que ser\u00e1 hasta nuevo aviso.<\/p>\n\n\n\n<p>&#8220;Est\u00e1 decisi\u00f3n responde a los recientes y lamentables actos de violencia en la ciudad de Xalapa, que nos han afectado profundamente como comunidad&#8221;, dijeron al referirse al asesinato del t\u00e9cnico iluminador, cuyo cuerpo fue dejado en dos partes en dos sitios del centro de esta ciudad.<\/p>\n\n\n\n<p>&#8220;Lamentamos los hechos y nos unimos al llamado a las autoridades para que conduzcan una investigaci\u00f3n transparente, que garantice justicia para las personas afectadas&#8221;, expusieron en el texto.<\/p>\n\n\n\n<p>Dijeron que ellos creen firmemente en la importancia de trabajar desde y para los espacios seguros y protegidos, por lo que apelaron al fortalecimiento de las relaciones profesionales y al compromiso con la integridad de quienes hacen posible su trabajo.<\/p>\n\n\n\n<p>&#8220;El Festival de Cortometraje Veracruzano celebra y apoya la creaci\u00f3n cinematogr\u00e1fica y audiovisual, siempre enmarcada en valores de respeto, seguridad e igualdad&#8221;, abundaron.<\/p>\n\n\n\n<figure class=\"wp-block-image size-large\"><img loading=\"lazy\" decoding=\"async\" width=\"240\" height=\"300\" src=\"https:\/\/plumanegranoticias.com\/wp-content\/uploads\/2024\/10\/img-20241009-wa00947497510635807788851-240x300.jpg\" alt=\"\" class=\"wp-image-5277\" srcset=\"https:\/\/plumanegranoticias.com\/wp-content\/uploads\/2024\/10\/img-20241009-wa00947497510635807788851-240x300.jpg 240w, https:\/\/plumanegranoticias.com\/wp-content\/uploads\/2024\/10\/img-20241009-wa00947497510635807788851-440x550.jpg 440w, https:\/\/plumanegranoticias.com\/wp-content\/uploads\/2024\/10\/img-20241009-wa00947497510635807788851.jpg 720w\" sizes=\"auto, (max-width: 240px) 100vw, 240px\" \/><\/figure>\n\n\n\n\n","protected":false},"excerpt":{"rendered":"<p>Pospone comunidad cinematogr\u00e1fica festival en Xalapa por inseguridad \u00c1ngeles Gonz\u00e1lez CeballosXalapa, Ver La comunidad cinematografica y audiovisual pospuso el \u201cFestival de Cortometraje Veracuzano\u201d, por sentirse inseguros. A trav\u00e9s de un comunicado indicaron que ser\u00e1 hasta nuevo aviso. &#8220;Est\u00e1 decisi\u00f3n responde a los recientes y lamentables actos de violencia en la ciudad de Xalapa, que nos&#8230; <\/p>\n<div class=\"clear\"><\/div>\n<p><a href=\"https:\/\/plumanegranoticias.com\/?p=5278\" class=\"excerpt-read-more\">Read More<i class=\"fa fa-caret-right icon-caret-right\"><\/i><\/a><\/p>\n","protected":false},"author":2,"featured_media":5280,"comment_status":"open","ping_status":"open","sticky":false,"template":"","format":"standard","meta":{"om_disable_all_campaigns":false,"_monsterinsights_skip_tracking":false,"_monsterinsights_sitenote_active":false,"_monsterinsights_sitenote_note":"","_monsterinsights_sitenote_category":0,"_uf_show_specific_survey":0,"_uf_disable_surveys":false,"footnotes":""},"categories":[1],"tags":[28,20,18],"class_list":["post-5278","post","type-post","status-publish","format-standard","has-post-thumbnail","hentry","category-blog","tag-nacionales","tag-negocios","tag-noticia"],"aioseo_notices":[],"_links":{"self":[{"href":"https:\/\/plumanegranoticias.com\/index.php?rest_route=\/wp\/v2\/posts\/5278","targetHints":{"allow":["GET"]}}],"collection":[{"href":"https:\/\/plumanegranoticias.com\/index.php?rest_route=\/wp\/v2\/posts"}],"about":[{"href":"https:\/\/plumanegranoticias.com\/index.php?rest_route=\/wp\/v2\/types\/post"}],"author":[{"embeddable":true,"href":"https:\/\/plumanegranoticias.com\/index.php?rest_route=\/wp\/v2\/users\/2"}],"replies":[{"embeddable":true,"href":"https:\/\/plumanegranoticias.com\/index.php?rest_route=%2Fwp%2Fv2%2Fcomments&post=5278"}],"version-history":[{"count":1,"href":"https:\/\/plumanegranoticias.com\/index.php?rest_route=\/wp\/v2\/posts\/5278\/revisions"}],"predecessor-version":[{"id":5279,"href":"https:\/\/plumanegranoticias.com\/index.php?rest_route=\/wp\/v2\/posts\/5278\/revisions\/5279"}],"wp:featuredmedia":[{"embeddable":true,"href":"https:\/\/plumanegranoticias.com\/index.php?rest_route=\/wp\/v2\/media\/5280"}],"wp:attachment":[{"href":"https:\/\/plumanegranoticias.com\/index.php?rest_route=%2Fwp%2Fv2%2Fmedia&parent=5278"}],"wp:term":[{"taxonomy":"category","embeddable":true,"href":"https:\/\/plumanegranoticias.com\/index.php?rest_route=%2Fwp%2Fv2%2Fcategories&post=5278"},{"taxonomy":"post_tag","embeddable":true,"href":"https:\/\/plumanegranoticias.com\/index.php?rest_route=%2Fwp%2Fv2%2Ftags&post=5278"}],"curies":[{"name":"wp","href":"https:\/\/api.w.org\/{rel}","templated":true}]}}