{"id":5283,"date":"2024-10-09T14:28:48","date_gmt":"2024-10-09T20:28:48","guid":{"rendered":"https:\/\/plumanegranoticias.com\/?p=5283"},"modified":"2024-10-09T14:29:24","modified_gmt":"2024-10-09T20:29:24","slug":"a-la-comision-de-cultura-rosa-maria-hdez","status":"publish","type":"post","link":"https:\/\/plumanegranoticias.com\/?p=5283","title":{"rendered":"A LA COMISI\u00d3N DE CULTURA ROSA MAR\u00cdA HDEZ"},"content":{"rendered":"\n<figure class=\"wp-block-image size-large\"><img loading=\"lazy\" decoding=\"async\" width=\"1024\" height=\"1024\" src=\"https:\/\/plumanegranoticias.com\/wp-content\/uploads\/2024\/10\/img-20241009-wa01347168329681772588487-1024x1024.jpg\" alt=\"\" class=\"wp-image-5281\" srcset=\"https:\/\/plumanegranoticias.com\/wp-content\/uploads\/2024\/10\/img-20241009-wa01347168329681772588487-1024x1024.jpg 1024w, https:\/\/plumanegranoticias.com\/wp-content\/uploads\/2024\/10\/img-20241009-wa01347168329681772588487-300x300.jpg 300w, https:\/\/plumanegranoticias.com\/wp-content\/uploads\/2024\/10\/img-20241009-wa01347168329681772588487-150x150.jpg 150w, https:\/\/plumanegranoticias.com\/wp-content\/uploads\/2024\/10\/img-20241009-wa01347168329681772588487-768x768.jpg 768w, https:\/\/plumanegranoticias.com\/wp-content\/uploads\/2024\/10\/img-20241009-wa01347168329681772588487-400x400.jpg 400w, https:\/\/plumanegranoticias.com\/wp-content\/uploads\/2024\/10\/img-20241009-wa01347168329681772588487.jpg 1440w\" sizes=\"auto, (max-width: 1024px) 100vw, 1024px\" \/><\/figure>\n\n\n\n<p><em>Intensa agenda legislativa tendr\u00e1 Rosa Mar\u00eda Hern\u00e1ndez Espejo en la C\u00e1mara de Diputados<\/em><\/p>\n\n\n\n<p>++ La Legisladora federal fue nombrada secretaria de la Comisi\u00f3n de Cultura y Cinematograf\u00eda, as\u00ed como integrante de las comisiones de Marina y de Desarrollo Territorial y Urbano<\/p>\n\n\n\n<p>++En su quehacer legislativo, ha gestionado la restauraci\u00f3n del Centro Hist\u00f3rico y del Conjunto Escult\u00f3rico La Riqueza del Mar del puerto de Veracruz, el cual se encuentra en deplorables condiciones.<\/p>\n\n\n\n<p>Ciudad de M\u00e9xico, 9 de octubre de 2024.- Intensa agenda legislativa tendr\u00e1 la diputada federal Rosa Mar\u00eda Hern\u00e1ndez Espejo, quien fue nombrada ayer como secretaria de la Comisi\u00f3n de Cultura y Cinematograf\u00eda, e integrante de las comisiones de Marina, y de Desarrollo Territorial y Urbano.<\/p>\n\n\n\n<p>La Legisladora veracruzana destac\u00f3 que la Comisi\u00f3n de la que forma parte, entre sus tareas, est\u00e1 la de impulsar una agenda legislativa que posicione y reconozca a la cultura y la cinematograf\u00eda como elementos estrat\u00e9gicos para el desarrollo de nuestro pa\u00eds, respetando la diversidad e historia cultural que distingue a nuestro M\u00e9xico.<\/p>\n\n\n\n<p>El estado, expres\u00f3 la diputada federal morenista, es un referente cultural a nivel nacional e internacional, por lo que en su agenda de trabajo est\u00e1 contemplada la gesti\u00f3n para la restauraci\u00f3n del Centro Hist\u00f3rico y el paseo escult\u00f3rico denominado &#8220;Riqueza del Mar&#8221;, de la ciudad y puerto de Veracruz.<\/p>\n\n\n\n<p>&#8220;El paseo escult\u00f3rico y el Centro Hist\u00f3rico son atractivos tur\u00edsticos emblem\u00e1ticos de la ciudad de Veracruz, por lo que deben rescatarse, restaurarse, ya que los mismos actualmente se observan en condiciones deplorables&#8221;.<\/p>\n\n\n\n<p>Respecto de las comisiones de las que es integrante, Marina y la Desarrollo Territorial y Urbano, Hern\u00e1ndez Espejo refiri\u00f3 que trabajar\u00e1 para sacar adelante la agenda que beneficie a Veracruz en ambos temas, por lo que estar\u00e1 pendiente de cada uno.<\/p>\n","protected":false},"excerpt":{"rendered":"<p>Intensa agenda legislativa tendr\u00e1 Rosa Mar\u00eda Hern\u00e1ndez Espejo en la C\u00e1mara de Diputados ++ La Legisladora federal fue nombrada secretaria de la Comisi\u00f3n de Cultura y Cinematograf\u00eda, as\u00ed como integrante de las comisiones de Marina y de Desarrollo Territorial y Urbano ++En su quehacer legislativo, ha gestionado la restauraci\u00f3n del Centro Hist\u00f3rico y del Conjunto&#8230; <\/p>\n<div class=\"clear\"><\/div>\n<p><a href=\"https:\/\/plumanegranoticias.com\/?p=5283\" class=\"excerpt-read-more\">Read More<i class=\"fa fa-caret-right icon-caret-right\"><\/i><\/a><\/p>\n","protected":false},"author":2,"featured_media":5282,"comment_status":"open","ping_status":"open","sticky":false,"template":"","format":"standard","meta":{"om_disable_all_campaigns":false,"_monsterinsights_skip_tracking":false,"_monsterinsights_sitenote_active":false,"_monsterinsights_sitenote_note":"","_monsterinsights_sitenote_category":0,"_uf_show_specific_survey":0,"_uf_disable_surveys":false,"footnotes":""},"categories":[1],"tags":[18,61],"class_list":["post-5283","post","type-post","status-publish","format-standard","has-post-thumbnail","hentry","category-blog","tag-noticia","tag-politica"],"aioseo_notices":[],"_links":{"self":[{"href":"https:\/\/plumanegranoticias.com\/index.php?rest_route=\/wp\/v2\/posts\/5283","targetHints":{"allow":["GET"]}}],"collection":[{"href":"https:\/\/plumanegranoticias.com\/index.php?rest_route=\/wp\/v2\/posts"}],"about":[{"href":"https:\/\/plumanegranoticias.com\/index.php?rest_route=\/wp\/v2\/types\/post"}],"author":[{"embeddable":true,"href":"https:\/\/plumanegranoticias.com\/index.php?rest_route=\/wp\/v2\/users\/2"}],"replies":[{"embeddable":true,"href":"https:\/\/plumanegranoticias.com\/index.php?rest_route=%2Fwp%2Fv2%2Fcomments&post=5283"}],"version-history":[{"count":1,"href":"https:\/\/plumanegranoticias.com\/index.php?rest_route=\/wp\/v2\/posts\/5283\/revisions"}],"predecessor-version":[{"id":5284,"href":"https:\/\/plumanegranoticias.com\/index.php?rest_route=\/wp\/v2\/posts\/5283\/revisions\/5284"}],"wp:featuredmedia":[{"embeddable":true,"href":"https:\/\/plumanegranoticias.com\/index.php?rest_route=\/wp\/v2\/media\/5282"}],"wp:attachment":[{"href":"https:\/\/plumanegranoticias.com\/index.php?rest_route=%2Fwp%2Fv2%2Fmedia&parent=5283"}],"wp:term":[{"taxonomy":"category","embeddable":true,"href":"https:\/\/plumanegranoticias.com\/index.php?rest_route=%2Fwp%2Fv2%2Fcategories&post=5283"},{"taxonomy":"post_tag","embeddable":true,"href":"https:\/\/plumanegranoticias.com\/index.php?rest_route=%2Fwp%2Fv2%2Ftags&post=5283"}],"curies":[{"name":"wp","href":"https:\/\/api.w.org\/{rel}","templated":true}]}}