{"id":5305,"date":"2024-10-10T10:36:09","date_gmt":"2024-10-10T16:36:09","guid":{"rendered":"https:\/\/plumanegranoticias.com\/?p=5305"},"modified":"2024-10-10T10:36:34","modified_gmt":"2024-10-10T16:36:34","slug":"recupera-mexico-soberania-energetica","status":"publish","type":"post","link":"https:\/\/plumanegranoticias.com\/?p=5305","title":{"rendered":"RECUPERA M\u00c9XICO SOBERAN\u00cdA ENERG\u00c9TICA"},"content":{"rendered":"\n<figure class=\"wp-block-image size-large\"><img loading=\"lazy\" decoding=\"async\" width=\"225\" height=\"300\" src=\"https:\/\/plumanegranoticias.com\/wp-content\/uploads\/2024\/10\/img-20241010-wa00527356368976503282547-225x300.jpg\" alt=\"\" class=\"wp-image-5304\" srcset=\"https:\/\/plumanegranoticias.com\/wp-content\/uploads\/2024\/10\/img-20241010-wa00527356368976503282547-225x300.jpg 225w, https:\/\/plumanegranoticias.com\/wp-content\/uploads\/2024\/10\/img-20241010-wa00527356368976503282547.jpg 520w\" sizes=\"auto, (max-width: 225px) 100vw, 225px\" \/><\/figure>\n\n\n\n<p><em>M\u00e9xico tendr\u00e1 soberan\u00eda energ\u00e9tica y electricidad a precios justos: Rosa Mar\u00eda Hern\u00e1ndez Espejo<\/em><\/p>\n\n\n\n<p>++ La Legisladora veracruzana, junto con sus hom\u00f3logos, vot\u00f3 en favor de reformar los art\u00edculos 25, 27 y 28 en materia de energ\u00eda el\u00e9ctrica, petr\u00f3leo y telecomunicaciones<\/p>\n\n\n\n<p>Ciudad de M\u00e9xico, 10 de octubre de 2024.- Con la recuperaci\u00f3n de \u00e1reas estrat\u00e9gicas como la de energ\u00eda el\u00e9ctrica, petr\u00f3leo y telecomunicaciones, el pueblo de M\u00e9xico tendr\u00e1, por fin, soberan\u00eda energ\u00e9tica y electricidad a costos accesibles, entre otros beneficios, derecho que le fue negado con la reforma leonina de Enrique Pe\u00f1a, declar\u00f3 la diputada federal Rosa Mar\u00eda Hern\u00e1ndez Espejo.<\/p>\n\n\n\n<p>La representante veracruzana, en entrevista a distintos medios, expres\u00f3 que la aprobaci\u00f3n por parte de Morena y sus aliados a la Constituci\u00f3n Pol\u00edtica de M\u00e9xico para recuperar el control del Estado de las \u00e1reas referidas se avanza para concretar la reforma energ\u00e9tica.<\/p>\n\n\n\n<p>\u201cCon nuestra reforma daremos un paso m\u00e1s hacia la soberan\u00eda energ\u00e9tica del pueblo de M\u00e9xico y se echa abajo la Reforma Energ\u00e9tica del mal llamado Pacto por M\u00e9xico (Pacto contra M\u00e9xico) de Enrique Pe\u00f1a Nieto\u201d, sostuvo la legisladora de Morena.<\/p>\n\n\n\n<p>Destac\u00f3 que a partir de ahora las empresas de energ\u00eda ser\u00e1n p\u00fablicas y propiedad del pueblo de M\u00e9xico, con el \u00fanico fin de dar servicio prioritario para la poblaci\u00f3n y se prohibir\u00e1n concesiones a privadas para la generaci\u00f3n de energ\u00eda el\u00e9ctrica.<\/p>\n\n\n\n<p>Hern\u00e1ndez Espejo se\u00f1al\u00f3 que M\u00e9xico, la conexi\u00f3n a internet ser\u00e1 declarada \u00e1rea estrat\u00e9gica, dado que el neoliberalismo se olvid\u00f3 de llevarla a comunidades marginadas.<\/p>\n\n\n\n<p>Inform\u00f3 que tras discusiones en las comisiones, hoy se alcanza la reforma a los art\u00edculos 25, 27 y 28 constitucionales para la seguridad y soberan\u00eda energ\u00e9tica de la naci\u00f3n con un control del Estado en esas \u00e1reas. La votaci\u00f3n en lo general fue por mayor\u00eda calificada con 353 votos, y en lo particular con 350 votos a favor y 111 en contra, refiri\u00f3.<\/p>\n\n\n\n<p>Agreg\u00f3 que la reforma quita la denominaci\u00f3n de \u201cempresas productivas del Estado\u201d que se les asign\u00f3 a la Comisi\u00f3n Federal de Electricidad y a Petr\u00f3leos Mexicanos, para devolverles el car\u00e1cter de \u201cempresas p\u00fablicas del Estado\u201d.<\/p>\n\n\n\n<p>Actualmente, continu\u00f3 Hern\u00e1ndez Espejo, el 62 por ciento de la generaci\u00f3n de electricidad en M\u00e9xico est\u00e1 en manos de empresas privadas, que s\u00f3lo velaron sus intereses y \u00fanicamente el 38 por ciento a la Comisi\u00f3n Federal de Electricidad.<\/p>\n\n\n\n<p>Record\u00f3 que la reforma pe\u00f1anietista fue aprobada mediante sobornos y pactos de impunidad entre dirigentes, funcionarios y legisladores del PRI, PAN Y PRD.<\/p>\n","protected":false},"excerpt":{"rendered":"<p>M\u00e9xico tendr\u00e1 soberan\u00eda energ\u00e9tica y electricidad a precios justos: Rosa Mar\u00eda Hern\u00e1ndez Espejo ++ La Legisladora veracruzana, junto con sus hom\u00f3logos, vot\u00f3 en favor de reformar los art\u00edculos 25, 27 y 28 en materia de energ\u00eda el\u00e9ctrica, petr\u00f3leo y telecomunicaciones Ciudad de M\u00e9xico, 10 de octubre de 2024.- Con la recuperaci\u00f3n de \u00e1reas estrat\u00e9gicas como&#8230; <\/p>\n<div class=\"clear\"><\/div>\n<p><a href=\"https:\/\/plumanegranoticias.com\/?p=5305\" class=\"excerpt-read-more\">Read More<i class=\"fa fa-caret-right icon-caret-right\"><\/i><\/a><\/p>\n","protected":false},"author":2,"featured_media":5307,"comment_status":"open","ping_status":"open","sticky":false,"template":"","format":"standard","meta":{"om_disable_all_campaigns":false,"_monsterinsights_skip_tracking":false,"_monsterinsights_sitenote_active":false,"_monsterinsights_sitenote_note":"","_monsterinsights_sitenote_category":0,"_uf_show_specific_survey":0,"_uf_disable_surveys":false,"footnotes":""},"categories":[1],"tags":[18,61,19],"class_list":["post-5305","post","type-post","status-publish","format-standard","has-post-thumbnail","hentry","category-blog","tag-noticia","tag-politica","tag-regional"],"aioseo_notices":[],"_links":{"self":[{"href":"https:\/\/plumanegranoticias.com\/index.php?rest_route=\/wp\/v2\/posts\/5305","targetHints":{"allow":["GET"]}}],"collection":[{"href":"https:\/\/plumanegranoticias.com\/index.php?rest_route=\/wp\/v2\/posts"}],"about":[{"href":"https:\/\/plumanegranoticias.com\/index.php?rest_route=\/wp\/v2\/types\/post"}],"author":[{"embeddable":true,"href":"https:\/\/plumanegranoticias.com\/index.php?rest_route=\/wp\/v2\/users\/2"}],"replies":[{"embeddable":true,"href":"https:\/\/plumanegranoticias.com\/index.php?rest_route=%2Fwp%2Fv2%2Fcomments&post=5305"}],"version-history":[{"count":1,"href":"https:\/\/plumanegranoticias.com\/index.php?rest_route=\/wp\/v2\/posts\/5305\/revisions"}],"predecessor-version":[{"id":5306,"href":"https:\/\/plumanegranoticias.com\/index.php?rest_route=\/wp\/v2\/posts\/5305\/revisions\/5306"}],"wp:featuredmedia":[{"embeddable":true,"href":"https:\/\/plumanegranoticias.com\/index.php?rest_route=\/wp\/v2\/media\/5307"}],"wp:attachment":[{"href":"https:\/\/plumanegranoticias.com\/index.php?rest_route=%2Fwp%2Fv2%2Fmedia&parent=5305"}],"wp:term":[{"taxonomy":"category","embeddable":true,"href":"https:\/\/plumanegranoticias.com\/index.php?rest_route=%2Fwp%2Fv2%2Fcategories&post=5305"},{"taxonomy":"post_tag","embeddable":true,"href":"https:\/\/plumanegranoticias.com\/index.php?rest_route=%2Fwp%2Fv2%2Ftags&post=5305"}],"curies":[{"name":"wp","href":"https:\/\/api.w.org\/{rel}","templated":true}]}}