{"id":5327,"date":"2024-10-11T11:30:23","date_gmt":"2024-10-11T17:30:23","guid":{"rendered":"https:\/\/plumanegranoticias.com\/?p=5327"},"modified":"2024-10-11T11:31:14","modified_gmt":"2024-10-11T17:31:14","slug":"solido-respaldo-del-legislativo-a-gobernadora-nahle","status":"publish","type":"post","link":"https:\/\/plumanegranoticias.com\/?p=5327","title":{"rendered":"SOLIDO RESPALDO DEL LEGISLATIVO A GOBERNADORA NAHLE"},"content":{"rendered":"\n<figure class=\"wp-block-image size-large\"><img loading=\"lazy\" decoding=\"async\" width=\"590\" height=\"1024\" src=\"https:\/\/plumanegranoticias.com\/wp-content\/uploads\/2024\/10\/img-20241010-wa00769175768171434239234-590x1024.jpg\" alt=\"\" class=\"wp-image-5326\" srcset=\"https:\/\/plumanegranoticias.com\/wp-content\/uploads\/2024\/10\/img-20241010-wa00769175768171434239234-590x1024.jpg 590w, https:\/\/plumanegranoticias.com\/wp-content\/uploads\/2024\/10\/img-20241010-wa00769175768171434239234-173x300.jpg 173w, https:\/\/plumanegranoticias.com\/wp-content\/uploads\/2024\/10\/img-20241010-wa00769175768171434239234-768x1333.jpg 768w, https:\/\/plumanegranoticias.com\/wp-content\/uploads\/2024\/10\/img-20241010-wa00769175768171434239234-885x1536.jpg 885w, https:\/\/plumanegranoticias.com\/wp-content\/uploads\/2024\/10\/img-20241010-wa00769175768171434239234.jpg 1080w\" sizes=\"auto, (max-width: 590px) 100vw, 590px\" \/><\/figure>\n\n\n\n<p>La LXVII Legislatura de Veracruz mantiene el compromiso de la transformaci\u00f3n de Veracruz con el respaldo a la nueva Ejecutiva, Roc\u00edo Nahle Garc\u00eda y una mayor\u00eda legislativa de MORENA comprometida y responsable con los ciudadanos, asegur\u00f3 el Diputado del Distrito III de Tuxpan, Daniel Cortina Mart\u00ednez\u00a0<\/p>\n\n\n\n<p>En entrevista, el legislador de la zona norte de Veracruz, asegur\u00f3 que tras la reuni\u00f3n con la gobernadora, Roc\u00edo Nahle Garc\u00eda, en esta semana se defini\u00f3 un respeto al Poder Legislativo y el compromiso de trabajar una agenda legislativa y pol\u00edtica de resultados para todos.<\/p>\n\n\n\n<p>Cortina Mart\u00ednez, es uno de los legisladores que gan\u00f3 con amplio margen en su distrito en Tuxpan y asegur\u00f3 que el respaldo popular a su diputaci\u00f3n es un compromiso para llevar soluciones a diversas problem\u00e1ticas y proyectos de crecimiento para su regi\u00f3n desde su labor en el Congreso de Veracruz.<\/p>\n\n\n\n<p>Dijo que desde la Bancada de MORENA, que entra en funciones en noviembre, la gobernadora Nahle Garc\u00eda contar\u00e1 con un s\u00f3lido respaldo para su plan de desarrollo y presupuestos de gobierno&nbsp;<\/p>\n","protected":false},"excerpt":{"rendered":"<p>La LXVII Legislatura de Veracruz mantiene el compromiso de la transformaci\u00f3n de Veracruz con el respaldo a la nueva Ejecutiva, Roc\u00edo Nahle Garc\u00eda y una mayor\u00eda legislativa de MORENA comprometida y responsable con los ciudadanos, asegur\u00f3 el Diputado del Distrito III de Tuxpan, Daniel Cortina Mart\u00ednez\u00a0 En entrevista, el legislador de la zona norte de&#8230; <\/p>\n<div class=\"clear\"><\/div>\n<p><a href=\"https:\/\/plumanegranoticias.com\/?p=5327\" class=\"excerpt-read-more\">Read More<i class=\"fa fa-caret-right icon-caret-right\"><\/i><\/a><\/p>\n","protected":false},"author":2,"featured_media":5329,"comment_status":"open","ping_status":"open","sticky":false,"template":"","format":"standard","meta":{"om_disable_all_campaigns":false,"_monsterinsights_skip_tracking":false,"_monsterinsights_sitenote_active":false,"_monsterinsights_sitenote_note":"","_monsterinsights_sitenote_category":0,"_uf_show_specific_survey":0,"_uf_disable_surveys":false,"footnotes":""},"categories":[1],"tags":[18,30,61],"class_list":["post-5327","post","type-post","status-publish","format-standard","has-post-thumbnail","hentry","category-blog","tag-noticia","tag-plumazos","tag-politica"],"aioseo_notices":[],"_links":{"self":[{"href":"https:\/\/plumanegranoticias.com\/index.php?rest_route=\/wp\/v2\/posts\/5327","targetHints":{"allow":["GET"]}}],"collection":[{"href":"https:\/\/plumanegranoticias.com\/index.php?rest_route=\/wp\/v2\/posts"}],"about":[{"href":"https:\/\/plumanegranoticias.com\/index.php?rest_route=\/wp\/v2\/types\/post"}],"author":[{"embeddable":true,"href":"https:\/\/plumanegranoticias.com\/index.php?rest_route=\/wp\/v2\/users\/2"}],"replies":[{"embeddable":true,"href":"https:\/\/plumanegranoticias.com\/index.php?rest_route=%2Fwp%2Fv2%2Fcomments&post=5327"}],"version-history":[{"count":1,"href":"https:\/\/plumanegranoticias.com\/index.php?rest_route=\/wp\/v2\/posts\/5327\/revisions"}],"predecessor-version":[{"id":5328,"href":"https:\/\/plumanegranoticias.com\/index.php?rest_route=\/wp\/v2\/posts\/5327\/revisions\/5328"}],"wp:featuredmedia":[{"embeddable":true,"href":"https:\/\/plumanegranoticias.com\/index.php?rest_route=\/wp\/v2\/media\/5329"}],"wp:attachment":[{"href":"https:\/\/plumanegranoticias.com\/index.php?rest_route=%2Fwp%2Fv2%2Fmedia&parent=5327"}],"wp:term":[{"taxonomy":"category","embeddable":true,"href":"https:\/\/plumanegranoticias.com\/index.php?rest_route=%2Fwp%2Fv2%2Fcategories&post=5327"},{"taxonomy":"post_tag","embeddable":true,"href":"https:\/\/plumanegranoticias.com\/index.php?rest_route=%2Fwp%2Fv2%2Ftags&post=5327"}],"curies":[{"name":"wp","href":"https:\/\/api.w.org\/{rel}","templated":true}]}}