{"id":5357,"date":"2024-10-12T13:38:15","date_gmt":"2024-10-12T19:38:15","guid":{"rendered":"https:\/\/plumanegranoticias.com\/?p=5357"},"modified":"2024-10-12T13:38:40","modified_gmt":"2024-10-12T19:38:40","slug":"detienen-banda-en-los-tuxtlas","status":"publish","type":"post","link":"https:\/\/plumanegranoticias.com\/?p=5357","title":{"rendered":"DETIENEN BANDA EN LOS TUXTLAS"},"content":{"rendered":"\n<p>FGE DESARTICULA C\u00c9LULA DELICTIVA EN SANTIAGO TUXTLA<\/p>\n\n\n\n<p>Santiago Tuxtla, Ver., a 12 de octubre del 2024.- La Fiscal\u00eda General del Estado informa que, la Unidad Especializada en Combate al Secuestro detuvo en flagrancia a Emeregildo Julio \u201cN\u201d, Andr\u00e9s \u201cN\u201d, Wendy Yukey \u201cN\u201d y una menor de edad de identidad resguardada, como probables responsables del delito contra las instituciones de seguridad p\u00fablica.&nbsp;&nbsp;<\/p>\n\n\n\n<p>Los hechos ocurrieron el d\u00eda de hoy, en cumplimiento de una orden de cateo emitida por un juez, en un inmueble que presuntamente se utilizaba como casa de seguridad. En el lugar, se aseguraron diversas armas, estupefacientes y un veh\u00edculo. Cabe destacar que Emeregildo Julio \u201cN\u201d es considerado el presunto l\u00edder de esta c\u00e9lula delictiva.&nbsp;&nbsp;<\/p>\n\n\n\n<p>Respetando sus derechos humanos y el debido proceso, ser\u00e1n presentados en pr\u00f3xima audiencia inicial ante un juez de proceso y procedimiento penal oral para que defina su situaci\u00f3n jur\u00eddica.<\/p>\n\n\n\n<p>La menor de edad se encuentra presentada ante el Fiscal Especializado en Responsabilidad Juvenil.<\/p>\n\n\n\n<figure class=\"wp-block-image size-large\"><img loading=\"lazy\" decoding=\"async\" width=\"300\" height=\"300\" src=\"https:\/\/plumanegranoticias.com\/wp-content\/uploads\/2024\/10\/img-20241012-wa00735654800456903714998-300x300.jpg\" alt=\"\" class=\"wp-image-5356\" srcset=\"https:\/\/plumanegranoticias.com\/wp-content\/uploads\/2024\/10\/img-20241012-wa00735654800456903714998-300x300.jpg 300w, https:\/\/plumanegranoticias.com\/wp-content\/uploads\/2024\/10\/img-20241012-wa00735654800456903714998-150x150.jpg 150w, https:\/\/plumanegranoticias.com\/wp-content\/uploads\/2024\/10\/img-20241012-wa00735654800456903714998-400x400.jpg 400w, https:\/\/plumanegranoticias.com\/wp-content\/uploads\/2024\/10\/img-20241012-wa00735654800456903714998.jpg 720w\" sizes=\"auto, (max-width: 300px) 100vw, 300px\" \/><\/figure>\n","protected":false},"excerpt":{"rendered":"<p>FGE DESARTICULA C\u00c9LULA DELICTIVA EN SANTIAGO TUXTLA Santiago Tuxtla, Ver., a 12 de octubre del 2024.- La Fiscal\u00eda General del Estado informa que, la Unidad Especializada en Combate al Secuestro detuvo en flagrancia a Emeregildo Julio \u201cN\u201d, Andr\u00e9s \u201cN\u201d, Wendy Yukey \u201cN\u201d y una menor de edad de identidad resguardada, como probables responsables del delito&#8230; <\/p>\n<div class=\"clear\"><\/div>\n<p><a href=\"https:\/\/plumanegranoticias.com\/?p=5357\" class=\"excerpt-read-more\">Read More<i class=\"fa fa-caret-right icon-caret-right\"><\/i><\/a><\/p>\n","protected":false},"author":2,"featured_media":5359,"comment_status":"open","ping_status":"open","sticky":false,"template":"","format":"standard","meta":{"om_disable_all_campaigns":false,"_monsterinsights_skip_tracking":false,"_monsterinsights_sitenote_active":false,"_monsterinsights_sitenote_note":"","_monsterinsights_sitenote_category":0,"_uf_show_specific_survey":0,"_uf_disable_surveys":false,"footnotes":""},"categories":[1],"tags":[22,18],"class_list":["post-5357","post","type-post","status-publish","format-standard","has-post-thumbnail","hentry","category-blog","tag-nota-roja","tag-noticia"],"aioseo_notices":[],"_links":{"self":[{"href":"https:\/\/plumanegranoticias.com\/index.php?rest_route=\/wp\/v2\/posts\/5357","targetHints":{"allow":["GET"]}}],"collection":[{"href":"https:\/\/plumanegranoticias.com\/index.php?rest_route=\/wp\/v2\/posts"}],"about":[{"href":"https:\/\/plumanegranoticias.com\/index.php?rest_route=\/wp\/v2\/types\/post"}],"author":[{"embeddable":true,"href":"https:\/\/plumanegranoticias.com\/index.php?rest_route=\/wp\/v2\/users\/2"}],"replies":[{"embeddable":true,"href":"https:\/\/plumanegranoticias.com\/index.php?rest_route=%2Fwp%2Fv2%2Fcomments&post=5357"}],"version-history":[{"count":1,"href":"https:\/\/plumanegranoticias.com\/index.php?rest_route=\/wp\/v2\/posts\/5357\/revisions"}],"predecessor-version":[{"id":5358,"href":"https:\/\/plumanegranoticias.com\/index.php?rest_route=\/wp\/v2\/posts\/5357\/revisions\/5358"}],"wp:featuredmedia":[{"embeddable":true,"href":"https:\/\/plumanegranoticias.com\/index.php?rest_route=\/wp\/v2\/media\/5359"}],"wp:attachment":[{"href":"https:\/\/plumanegranoticias.com\/index.php?rest_route=%2Fwp%2Fv2%2Fmedia&parent=5357"}],"wp:term":[{"taxonomy":"category","embeddable":true,"href":"https:\/\/plumanegranoticias.com\/index.php?rest_route=%2Fwp%2Fv2%2Fcategories&post=5357"},{"taxonomy":"post_tag","embeddable":true,"href":"https:\/\/plumanegranoticias.com\/index.php?rest_route=%2Fwp%2Fv2%2Ftags&post=5357"}],"curies":[{"name":"wp","href":"https:\/\/api.w.org\/{rel}","templated":true}]}}