{"id":5369,"date":"2024-10-13T11:46:17","date_gmt":"2024-10-13T17:46:17","guid":{"rendered":"https:\/\/plumanegranoticias.com\/?p=5369"},"modified":"2024-10-13T11:47:09","modified_gmt":"2024-10-13T17:47:09","slug":"niega-huerts-aviadores-en-bienestar","status":"publish","type":"post","link":"https:\/\/plumanegranoticias.com\/?p=5369","title":{"rendered":"NIEGA HUERTA AVIADORES EN BIENESTAR"},"content":{"rendered":"\n<p><em>Si quieren pistas de aterrizaje busquen en otro lado no en Bienestar: Manuel Huerta<\/em><\/p>\n\n\n\n<p>-Consider\u00f3 que nombramiento de Juan Javier G\u00f3mez Cazar\u00edn, en Bienestar, tuvo el aval de la Gobernadora<\/p>\n\n\n\n<p>-Cuitl\u00e1huac Garc\u00eda debe disculparse inmediatamente por minimizar labor de V\u00edctor Muro<\/p>\n\n\n\n<p>Angeles Gonz\u00e1lez Ceballos<br \/>Xalapa, Ver., Ante la pr\u00f3xima llegada del diputado local Juan Javier G\u00f3mez Cazar\u00edn como titular de la delegaci\u00f3n de la secretar\u00eda del Bienestar, el senador de Morena, Manuel Huerta Ladr\u00f3n de Guevara, neg\u00f3 que tenga &#8220;aviadores&#8221; en la dependencia y dijo que si quieren buscar &#8220;pistas de aterrizaje&#8221;, lo deben hacer en otros lados.<\/p>\n\n\n\n<p>&#8220;No (tiene aviadores), porque ya los hubieran dicho, tengo un a\u00f1o y meses fuera de ah\u00ed, m\u00e1s bien si quieren pistas de aterrizaje que busquen por otro lado, pero no es en Bienestar precisamente, deben buscar por muchos lados m\u00e1s, pero en Bienestar no&#8221;, sostuvo.<\/p>\n\n\n\n<p>Aclar\u00f3 que \u00e9l no puso a G\u00f3mez Cazar\u00edn en dicha posici\u00f3n y consider\u00f3 que lo debi\u00f3 haber nombrado la secretaria del Bienestar, con la venia de la gobernadora electa, Roc\u00edo Nahle.<\/p>\n\n\n\n<p>&#8220;Entiendo que a trav\u00e9s de la\u2026 no s\u00e9 si fue la secretaria (de Bienestar), creo yo que s\u00ed tomaron la opini\u00f3n de la Gobernadora, porque me consta, por las cosas que ocurren s\u00ed. No creo sean ya nombramientos de la Presidencia o de la secretaria. No estoy enterado, la verdad&#8221;, manifest\u00f3.<\/p>\n\n\n\n<figure class=\"wp-block-image size-large\"><img loading=\"lazy\" decoding=\"async\" width=\"1024\" height=\"768\" src=\"https:\/\/plumanegranoticias.com\/wp-content\/uploads\/2024\/10\/img-20241013-wa00203378768323188351512-1024x768.jpg\" alt=\"\" class=\"wp-image-5368\" srcset=\"https:\/\/plumanegranoticias.com\/wp-content\/uploads\/2024\/10\/img-20241013-wa00203378768323188351512-1024x768.jpg 1024w, https:\/\/plumanegranoticias.com\/wp-content\/uploads\/2024\/10\/img-20241013-wa00203378768323188351512-300x225.jpg 300w, https:\/\/plumanegranoticias.com\/wp-content\/uploads\/2024\/10\/img-20241013-wa00203378768323188351512-768x576.jpg 768w, https:\/\/plumanegranoticias.com\/wp-content\/uploads\/2024\/10\/img-20241013-wa00203378768323188351512-400x300.jpg 400w, https:\/\/plumanegranoticias.com\/wp-content\/uploads\/2024\/10\/img-20241013-wa00203378768323188351512.jpg 1280w\" sizes=\"auto, (max-width: 1024px) 100vw, 1024px\" \/><\/figure>\n\n\n\n<p>Subray\u00f3 que dej\u00f3 la dependencia hace 13 meses, pero ah\u00ed hay una labor que ya es mec\u00e1nica que est\u00e1 consolidada por el desempe\u00f1o de los servidores de la naci\u00f3n.<\/p>\n\n\n\n<p>Cuestionado sobre c\u00f3mo debe ser el perfil del pr\u00f3ximo titular de la Delegaci\u00f3n, defini\u00f3 que debe ser una persona de mucho amor al pueblo y muy honesto.<\/p>\n\n\n\n<p>Huerta Ladr\u00f3n de Guevara, dijo que no sab\u00eda si G\u00f3mez Cazar\u00edn es un hombre muy onesto, no tiene una opini\u00f3n al respecto.<\/p>\n\n\n\n<p><em>Cuitl\u00e1huac debe disculparse inmediatamente por minimizar labor del cineasta V\u00edctor Muro<\/em><\/p>\n\n\n\n<p>En otro tema, tras la pol\u00e9mica porque el gobernador Cuitl\u00e1huac Garc\u00eda Jim\u00e9nez, minimiz\u00f3 la labor como cineasta de V\u00edctor Muro, asesinado el pasado 7 de octubre, opin\u00f3 que el Ejecutivo debe disculparse<\/p>\n\n\n\n<p>Lament\u00f3 la tragedia ocurrida al cineasta, presuntamente asesinado por el fot\u00f3grafo xalape\u00f1os Carlos Armando N.<\/p>\n\n\n\n<p>&#8220;Quien sea, quien sea debe uno de ser muy sensible, cuando es parte de una comunidad, con este ciudadano tan importante que dan mucho prestigio al Pa\u00eds con las actividades que realizan, con lo que disfrutamos.<\/p>\n\n\n\n<p>Pues todav\u00eda deben ser, por la propia responsabilidad del trabajo que realizan\u2026 deber\u00eda de ofrecerla inmediatamente (la disculpa), sin menoscabo&#8221;, consider\u00f3.<\/p>\n\n\n\n<p>Respecto de la enmienda que propuso para la modificaci\u00f3n al art\u00edculo 500 fracci\u00f3n ocho de la Legipe, que alteraba, v\u00eda ley secundaria, el mecanismo reci\u00e9n establecido en la Constituci\u00f3n para que la C\u00e1mara de Diputados, el Senado, el Poder Ejecutivo y el Judicial pudieran vetar o no a los semifinalistas que pasar\u00e1n a insaculaci\u00f3n p\u00fablica, etapa final para definir a los candidatos que competir\u00e1n por cargos judiciales; neg\u00f3 que haya falta de coordinaci\u00f3n con la Presidenta.<\/p>\n\n\n\n<p>&#8220;No, no, obviamente tienen que saber que en este pa\u00eds hay tres poderes, el Ejecutivo, el Legislativo y el Judicial, que ahora se va a renovar\u2026los que estamos en el Morena nos articulamos, nos ponemos de acuerdo&#8221;, asegur\u00f3.<\/p>\n\n\n\n<p>El congresista dijo que la enmienda que propuso avanz\u00f3 de forma importante, pero luego propuso que nadie eche para atr\u00e1s el proceso de elecci\u00f3n de los ministros, jueces y magistrados.<\/p>\n","protected":false},"excerpt":{"rendered":"<p>Si quieren pistas de aterrizaje busquen en otro lado no en Bienestar: Manuel Huerta -Consider\u00f3 que nombramiento de Juan Javier G\u00f3mez Cazar\u00edn, en Bienestar, tuvo el aval de la Gobernadora -Cuitl\u00e1huac Garc\u00eda debe disculparse inmediatamente por minimizar labor de V\u00edctor Muro Angeles Gonz\u00e1lez CeballosXalapa, Ver., Ante la pr\u00f3xima llegada del diputado local Juan Javier G\u00f3mez&#8230; <\/p>\n<div class=\"clear\"><\/div>\n<p><a href=\"https:\/\/plumanegranoticias.com\/?p=5369\" class=\"excerpt-read-more\">Read More<i class=\"fa fa-caret-right icon-caret-right\"><\/i><\/a><\/p>\n","protected":false},"author":2,"featured_media":5371,"comment_status":"open","ping_status":"open","sticky":false,"template":"","format":"standard","meta":{"om_disable_all_campaigns":false,"_monsterinsights_skip_tracking":false,"_monsterinsights_sitenote_active":false,"_monsterinsights_sitenote_note":"","_monsterinsights_sitenote_category":0,"_uf_show_specific_survey":0,"_uf_disable_surveys":false,"footnotes":""},"categories":[1],"tags":[18,61],"class_list":["post-5369","post","type-post","status-publish","format-standard","has-post-thumbnail","hentry","category-blog","tag-noticia","tag-politica"],"aioseo_notices":[],"_links":{"self":[{"href":"https:\/\/plumanegranoticias.com\/index.php?rest_route=\/wp\/v2\/posts\/5369","targetHints":{"allow":["GET"]}}],"collection":[{"href":"https:\/\/plumanegranoticias.com\/index.php?rest_route=\/wp\/v2\/posts"}],"about":[{"href":"https:\/\/plumanegranoticias.com\/index.php?rest_route=\/wp\/v2\/types\/post"}],"author":[{"embeddable":true,"href":"https:\/\/plumanegranoticias.com\/index.php?rest_route=\/wp\/v2\/users\/2"}],"replies":[{"embeddable":true,"href":"https:\/\/plumanegranoticias.com\/index.php?rest_route=%2Fwp%2Fv2%2Fcomments&post=5369"}],"version-history":[{"count":2,"href":"https:\/\/plumanegranoticias.com\/index.php?rest_route=\/wp\/v2\/posts\/5369\/revisions"}],"predecessor-version":[{"id":5372,"href":"https:\/\/plumanegranoticias.com\/index.php?rest_route=\/wp\/v2\/posts\/5369\/revisions\/5372"}],"wp:featuredmedia":[{"embeddable":true,"href":"https:\/\/plumanegranoticias.com\/index.php?rest_route=\/wp\/v2\/media\/5371"}],"wp:attachment":[{"href":"https:\/\/plumanegranoticias.com\/index.php?rest_route=%2Fwp%2Fv2%2Fmedia&parent=5369"}],"wp:term":[{"taxonomy":"category","embeddable":true,"href":"https:\/\/plumanegranoticias.com\/index.php?rest_route=%2Fwp%2Fv2%2Fcategories&post=5369"},{"taxonomy":"post_tag","embeddable":true,"href":"https:\/\/plumanegranoticias.com\/index.php?rest_route=%2Fwp%2Fv2%2Ftags&post=5369"}],"curies":[{"name":"wp","href":"https:\/\/api.w.org\/{rel}","templated":true}]}}