{"id":5382,"date":"2024-10-13T14:07:47","date_gmt":"2024-10-13T20:07:47","guid":{"rendered":"https:\/\/plumanegranoticias.com\/?p=5382"},"modified":"2024-10-13T14:08:19","modified_gmt":"2024-10-13T20:08:19","slug":"reconocen-a-brujo-mayor-de-catemaco","status":"publish","type":"post","link":"https:\/\/plumanegranoticias.com\/?p=5382","title":{"rendered":"RECONOCEN A BRUJO MAYOR DE CATEMACO"},"content":{"rendered":"\n<p>Alianza Nacional de Pueblos Ind\u00edgenas entrega reconocimiento a Brujo Mayor de Catemaco<\/p>\n\n\n\n<p>Alejandro \u00c1vila<\/p>\n\n\n\n<p>Catemaco, Ver.- Enrique Martel Berd\u00f3n, conocido como &#8220;El Brujo Mayor&#8221;, recibi\u00f3 un reconocimiento de la Alianza Nacional en Pro de los Pueblos Ind\u00edgenas este 12 de octubre, por su destacada trayectoria como religioso y practicante de culto.<\/p>\n\n\n\n<p>&#8220;Para que la gente sepa un poco de como se trabaja es haci\u00e9ndoles el ejemplo del m\u00e9dico, cada quien va al m\u00e9dico y algunas de estas funciones del tratamiento y otras veces no. La intenci\u00f3n de darle el reconocimiento al Brujo Mayor, yo como te comento es con la intenci\u00f3n de que la gente abra sus ojos o la visi\u00f3n, y se d\u00e9 cuenta que tambi\u00e9n estas pr\u00e1cticas que la gente toma como esot\u00e9ricas, termina siendo una medicina alternativa, que no solamente tal vez te da un apoyo o un sustento para el cuerpo, sino tambi\u00e9n para el esp\u00edritu porque va alimentandolo poco a poco&#8221;, expres\u00f3 Carla Janet Garc\u00eda Nava, vicepresidenta de la Alianza Nacional en Pro de los Pueblos Ind\u00edgenas basada en Usos y Costumbres.<\/p>\n\n\n\n<p>Enrique Martel qui\u00e9n practica el culto desde muy peque\u00f1o y qui\u00e9n fue ascendido a Brujo Mayor desde el 2012, se dijo contento de recibir este galard\u00f3n por parte de una asociaci\u00f3n que prioriza las costumbres mexicanas y que preside Roberto Valerino Troncoso Queb.<\/p>\n\n\n\n<p>&#8220;La verdad es algo satisfactorio porque el hecho de recibir este reconocimiento por parte de una dependencia fuerte, pues es una agrupaci\u00f3n que defiende las costumbres de los pueblos y que mantiene vigente todo lo que son las tradiciones&#8221;, expres\u00f3 Enrique Martel.<\/p>\n\n\n\n<p>El Brujo Mayor mencion\u00f3 que los d\u00edas 1 y 2 de noviembre se tendr\u00e1 un magno evento para conmemorar el D\u00eda de Muertos donde la entrada a su Centro Ceremonial de Catemaco estar\u00e1 disponible para todo el p\u00fablico.<\/p>\n\n\n\n<figure class=\"wp-block-image size-large\"><img loading=\"lazy\" decoding=\"async\" width=\"1024\" height=\"768\" src=\"https:\/\/plumanegranoticias.com\/wp-content\/uploads\/2024\/10\/img-20241013-wa00451941535189488706801-1024x768.jpg\" alt=\"\" class=\"wp-image-5381\" srcset=\"https:\/\/plumanegranoticias.com\/wp-content\/uploads\/2024\/10\/img-20241013-wa00451941535189488706801-1024x768.jpg 1024w, https:\/\/plumanegranoticias.com\/wp-content\/uploads\/2024\/10\/img-20241013-wa00451941535189488706801-300x225.jpg 300w, https:\/\/plumanegranoticias.com\/wp-content\/uploads\/2024\/10\/img-20241013-wa00451941535189488706801-768x576.jpg 768w, https:\/\/plumanegranoticias.com\/wp-content\/uploads\/2024\/10\/img-20241013-wa00451941535189488706801-400x300.jpg 400w, https:\/\/plumanegranoticias.com\/wp-content\/uploads\/2024\/10\/img-20241013-wa00451941535189488706801.jpg 1280w\" sizes=\"auto, (max-width: 1024px) 100vw, 1024px\" \/><\/figure>\n","protected":false},"excerpt":{"rendered":"<p>Alianza Nacional de Pueblos Ind\u00edgenas entrega reconocimiento a Brujo Mayor de Catemaco Alejandro \u00c1vila Catemaco, Ver.- Enrique Martel Berd\u00f3n, conocido como &#8220;El Brujo Mayor&#8221;, recibi\u00f3 un reconocimiento de la Alianza Nacional en Pro de los Pueblos Ind\u00edgenas este 12 de octubre, por su destacada trayectoria como religioso y practicante de culto. &#8220;Para que la gente&#8230; <\/p>\n<div class=\"clear\"><\/div>\n<p><a href=\"https:\/\/plumanegranoticias.com\/?p=5382\" class=\"excerpt-read-more\">Read More<i class=\"fa fa-caret-right icon-caret-right\"><\/i><\/a><\/p>\n","protected":false},"author":2,"featured_media":5384,"comment_status":"open","ping_status":"open","sticky":false,"template":"","format":"standard","meta":{"om_disable_all_campaigns":false,"_monsterinsights_skip_tracking":false,"_monsterinsights_sitenote_active":false,"_monsterinsights_sitenote_note":"","_monsterinsights_sitenote_category":0,"_uf_show_specific_survey":0,"_uf_disable_surveys":false,"footnotes":""},"categories":[1],"tags":[18,19],"class_list":["post-5382","post","type-post","status-publish","format-standard","has-post-thumbnail","hentry","category-blog","tag-noticia","tag-regional"],"aioseo_notices":[],"_links":{"self":[{"href":"https:\/\/plumanegranoticias.com\/index.php?rest_route=\/wp\/v2\/posts\/5382","targetHints":{"allow":["GET"]}}],"collection":[{"href":"https:\/\/plumanegranoticias.com\/index.php?rest_route=\/wp\/v2\/posts"}],"about":[{"href":"https:\/\/plumanegranoticias.com\/index.php?rest_route=\/wp\/v2\/types\/post"}],"author":[{"embeddable":true,"href":"https:\/\/plumanegranoticias.com\/index.php?rest_route=\/wp\/v2\/users\/2"}],"replies":[{"embeddable":true,"href":"https:\/\/plumanegranoticias.com\/index.php?rest_route=%2Fwp%2Fv2%2Fcomments&post=5382"}],"version-history":[{"count":1,"href":"https:\/\/plumanegranoticias.com\/index.php?rest_route=\/wp\/v2\/posts\/5382\/revisions"}],"predecessor-version":[{"id":5383,"href":"https:\/\/plumanegranoticias.com\/index.php?rest_route=\/wp\/v2\/posts\/5382\/revisions\/5383"}],"wp:featuredmedia":[{"embeddable":true,"href":"https:\/\/plumanegranoticias.com\/index.php?rest_route=\/wp\/v2\/media\/5384"}],"wp:attachment":[{"href":"https:\/\/plumanegranoticias.com\/index.php?rest_route=%2Fwp%2Fv2%2Fmedia&parent=5382"}],"wp:term":[{"taxonomy":"category","embeddable":true,"href":"https:\/\/plumanegranoticias.com\/index.php?rest_route=%2Fwp%2Fv2%2Fcategories&post=5382"},{"taxonomy":"post_tag","embeddable":true,"href":"https:\/\/plumanegranoticias.com\/index.php?rest_route=%2Fwp%2Fv2%2Ftags&post=5382"}],"curies":[{"name":"wp","href":"https:\/\/api.w.org\/{rel}","templated":true}]}}