{"id":5395,"date":"2024-10-14T11:13:44","date_gmt":"2024-10-14T17:13:44","guid":{"rendered":"https:\/\/plumanegranoticias.com\/?p=5395"},"modified":"2024-10-14T11:14:10","modified_gmt":"2024-10-14T17:14:10","slug":"denuncian-saqueo-de-arena-en-area-protegida","status":"publish","type":"post","link":"https:\/\/plumanegranoticias.com\/?p=5395","title":{"rendered":"DENUNCIAN SAQUEO DE ARENA EN AREA PROTEGIDA"},"content":{"rendered":"\n<p><em>Gobiernos del Estado y de Coatepec solapan extracci\u00f3n ilegal de arena que afecta \u00c1rea Natura Protegida<\/em><\/p>\n\n\n\n<p>\u00c1ngeles Gonz\u00e1lez Ceballos<br>Xalapa, Ver., integrantes de La Asamblea Veracruzana de Iniciativa y Defensa Ambiental (LA VIDA), junto con habitantes de diversas comunidades de Coatepec, denunciaron la omisi\u00f3n y presunto contubernio de las autoridades estatales y municipales para impedir el saqueo de diversos bancos de arena de Coatepec.<\/p>\n\n\n\n<p>En conferencia de prensa, Emilio Rodr\u00edguez, asegur\u00f3 que a pesar de dos clausuras que se han hecho, los particulares siguen extrayendo material por las noches, violando la protecci\u00f3n a un \u00c1rea Natural Protegida (ANP).<\/p>\n\n\n\n<p>&#8220;Se explica esto por la corrupci\u00f3n existente al interior de la secretar\u00eda de Gobierno que obstaculiza las clausuras y los tr\u00e1mites administrativos correspondientes&#8221;, se\u00f1al\u00f3.<\/p>\n\n\n\n<p>Acus\u00f3 al titular de la Segob, Carlos Alberto Ju\u00e1rez Gil y al procurador de Medio Ambiente, Sergio Rodr\u00edguez, por no hacer su trabajo.<\/p>\n\n\n\n<p>Expuso que la afectaci\u00f3n por la extracci\u00f3n de arena, por m\u00e1s de 20 a\u00f1os, es la perdida de cobertura vegetal, crisis de agua y que en general da\u00f1os al Archipi\u00e9lago de Bosques y Selvas de la Regi\u00f3n Capital, que est\u00e1 clasificada como ANP.<\/p>\n\n\n\n<p>&#8220;Los manantiales de agua que abastecen el l\u00edquido al pueblo se est\u00e1n viendo afectados, es un conflicto que no es nuevo, tiene m\u00e1s de 20 a\u00f1os, el gobierno del Estado lo sabe&#8221;, asegur\u00f3.<\/p>\n\n\n\n<p>El defensor del medio ambiente indic\u00f3 que la gente de las comunidades de Coatepec est\u00e1n buscando la clausura definitiva de los bancos de arena y que se resarza el da\u00f1o.<\/p>\n\n\n\n<p>Agreg\u00f3 que el Archipi\u00e9lago ofrece servicios ambientales no s\u00f3lo a las comunidades de Coatepec, sino tambi\u00e9n a Xalapa, por eso se defini\u00f3 como un espacio protegido.<\/p>\n\n\n\n<p>Emilio Rodr\u00edguez refiri\u00f3 que en agosto pasado la Procuradur\u00eda de Medio Ambiente (PMA), hizo una inspecci\u00f3n y clausur\u00f3 la zona, sin embargo, particulares llegan con camiones de noche a extraer la arena.<\/p>\n\n\n\n<p>Ese material ha servido para la construcci\u00f3n del libramiento de Coatepec, as\u00ed como para la construcci\u00f3n de nuevos fraccionamientos que se est\u00e1n haciendo en esa regi\u00f3n, denunci\u00f3 el integrante de LAVIDA.<\/p>\n\n\n\n<p>Estim\u00f3 que la afectaci\u00f3n superar\u00eda a las 20 mil familias, dado los servicios ambientales que el Archipi\u00e9lago presta, por lo que recalc\u00f3 que esperan la intervenci\u00f3n de las procuradur\u00edas Federal de Protecci\u00f3n al Medio Ambiente y la de Medio Ambiente del Estado para que se haga una clausura definitiva de los bancos de arena en Arroyo Blanco y La Chiver\u00eda, as\u00ed como otros dos sin nombre.<\/p>\n\n\n\n<p>Finalmente, indicaron que han solicitado el apoyo de la Profepa, sin embargo, por ser minas de arena queda bajo la responsabilidad del orden estatal y municipal.<\/p>\n\n\n\n<figure class=\"wp-block-image size-large\"><img loading=\"lazy\" decoding=\"async\" width=\"1024\" height=\"576\" src=\"https:\/\/plumanegranoticias.com\/wp-content\/uploads\/2024\/10\/img-20241014-wa00905322164322347158773-1024x576.jpg\" alt=\"\" class=\"wp-image-5393\" srcset=\"https:\/\/plumanegranoticias.com\/wp-content\/uploads\/2024\/10\/img-20241014-wa00905322164322347158773-1024x576.jpg 1024w, https:\/\/plumanegranoticias.com\/wp-content\/uploads\/2024\/10\/img-20241014-wa00905322164322347158773-300x169.jpg 300w, https:\/\/plumanegranoticias.com\/wp-content\/uploads\/2024\/10\/img-20241014-wa00905322164322347158773-768x432.jpg 768w, https:\/\/plumanegranoticias.com\/wp-content\/uploads\/2024\/10\/img-20241014-wa00905322164322347158773-1536x864.jpg 1536w, https:\/\/plumanegranoticias.com\/wp-content\/uploads\/2024\/10\/img-20241014-wa00905322164322347158773.jpg 1600w\" sizes=\"auto, (max-width: 1024px) 100vw, 1024px\" \/><\/figure>\n\n\n\n<figure class=\"wp-block-image\"><img loading=\"lazy\" decoding=\"async\" width=\"1024\" height=\"576\" src=\"https:\/\/plumanegranoticias.com\/wp-content\/uploads\/2024\/10\/img-20241014-wa00915591132842456500206-1024x576.jpg\" alt=\"\" class=\"wp-image-5394\" srcset=\"https:\/\/plumanegranoticias.com\/wp-content\/uploads\/2024\/10\/img-20241014-wa00915591132842456500206-1024x576.jpg 1024w, https:\/\/plumanegranoticias.com\/wp-content\/uploads\/2024\/10\/img-20241014-wa00915591132842456500206-300x169.jpg 300w, https:\/\/plumanegranoticias.com\/wp-content\/uploads\/2024\/10\/img-20241014-wa00915591132842456500206-768x432.jpg 768w, https:\/\/plumanegranoticias.com\/wp-content\/uploads\/2024\/10\/img-20241014-wa00915591132842456500206-1536x864.jpg 1536w, https:\/\/plumanegranoticias.com\/wp-content\/uploads\/2024\/10\/img-20241014-wa00915591132842456500206.jpg 1600w\" sizes=\"auto, (max-width: 1024px) 100vw, 1024px\" \/><\/figure>\n","protected":false},"excerpt":{"rendered":"<p>Gobiernos del Estado y de Coatepec solapan extracci\u00f3n ilegal de arena que afecta \u00c1rea Natura Protegida \u00c1ngeles Gonz\u00e1lez CeballosXalapa, Ver., integrantes de La Asamblea Veracruzana de Iniciativa y Defensa Ambiental (LA VIDA), junto con habitantes de diversas comunidades de Coatepec, denunciaron la omisi\u00f3n y presunto contubernio de las autoridades estatales y municipales para impedir el&#8230; <\/p>\n<div class=\"clear\"><\/div>\n<p><a href=\"https:\/\/plumanegranoticias.com\/?p=5395\" class=\"excerpt-read-more\">Read More<i class=\"fa fa-caret-right icon-caret-right\"><\/i><\/a><\/p>\n","protected":false},"author":2,"featured_media":5397,"comment_status":"open","ping_status":"open","sticky":false,"template":"","format":"standard","meta":{"om_disable_all_campaigns":false,"_monsterinsights_skip_tracking":false,"_monsterinsights_sitenote_active":false,"_monsterinsights_sitenote_note":"","_monsterinsights_sitenote_category":0,"_uf_show_specific_survey":0,"_uf_disable_surveys":false,"footnotes":""},"categories":[1],"tags":[20,18,30],"class_list":["post-5395","post","type-post","status-publish","format-standard","has-post-thumbnail","hentry","category-blog","tag-negocios","tag-noticia","tag-plumazos"],"aioseo_notices":[],"_links":{"self":[{"href":"https:\/\/plumanegranoticias.com\/index.php?rest_route=\/wp\/v2\/posts\/5395","targetHints":{"allow":["GET"]}}],"collection":[{"href":"https:\/\/plumanegranoticias.com\/index.php?rest_route=\/wp\/v2\/posts"}],"about":[{"href":"https:\/\/plumanegranoticias.com\/index.php?rest_route=\/wp\/v2\/types\/post"}],"author":[{"embeddable":true,"href":"https:\/\/plumanegranoticias.com\/index.php?rest_route=\/wp\/v2\/users\/2"}],"replies":[{"embeddable":true,"href":"https:\/\/plumanegranoticias.com\/index.php?rest_route=%2Fwp%2Fv2%2Fcomments&post=5395"}],"version-history":[{"count":1,"href":"https:\/\/plumanegranoticias.com\/index.php?rest_route=\/wp\/v2\/posts\/5395\/revisions"}],"predecessor-version":[{"id":5396,"href":"https:\/\/plumanegranoticias.com\/index.php?rest_route=\/wp\/v2\/posts\/5395\/revisions\/5396"}],"wp:featuredmedia":[{"embeddable":true,"href":"https:\/\/plumanegranoticias.com\/index.php?rest_route=\/wp\/v2\/media\/5397"}],"wp:attachment":[{"href":"https:\/\/plumanegranoticias.com\/index.php?rest_route=%2Fwp%2Fv2%2Fmedia&parent=5395"}],"wp:term":[{"taxonomy":"category","embeddable":true,"href":"https:\/\/plumanegranoticias.com\/index.php?rest_route=%2Fwp%2Fv2%2Fcategories&post=5395"},{"taxonomy":"post_tag","embeddable":true,"href":"https:\/\/plumanegranoticias.com\/index.php?rest_route=%2Fwp%2Fv2%2Ftags&post=5395"}],"curies":[{"name":"wp","href":"https:\/\/api.w.org\/{rel}","templated":true}]}}