{"id":5418,"date":"2024-10-16T12:58:43","date_gmt":"2024-10-16T18:58:43","guid":{"rendered":"https:\/\/plumanegranoticias.com\/?p=5418"},"modified":"2024-10-16T12:59:38","modified_gmt":"2024-10-16T18:59:38","slug":"gomez-morin-contra-markos-cortes-en-el-pan","status":"publish","type":"post","link":"https:\/\/plumanegranoticias.com\/?p=5418","title":{"rendered":"G\u00d3MEZ MORIN CONTRA MARKOS CORT\u00c9S EN EL PAN"},"content":{"rendered":"\n<p>Alejandro \u00c1vila<\/p>\n\n\n\n<p>Veracruz, Ver.- El a\u00fan presidente nacional del PAN, Marko Cort\u00e9s Mendoza, evidenci\u00f3 que las principales posiciones y candidaturas en los procesos electorales se lo reparten \u00fanicamente un grupo privilegiado, acus\u00f3 Manuel G\u00f3mez Mor\u00edn Mart\u00ednez del R\u00edo, Consejero Nacional del PAN.<\/p>\n\n\n\n<p>El pleito de hace unas semanas en el Senado de la Rep\u00fablica contra Miguel \u00c1ngel Yunes Linares, solo dej\u00f3 en evidencia al l\u00edder blanquiazul de abusar de su poder para entregar candidaturas y posiciones plurinominales a ciertos militantes.<\/p>\n\n\n\n<p>&#8220;Lo que pas\u00f3 con los Yunes es precisamente un ejemplo de lo que pasa cuando las decisiones se toman de manera cupular, cuando hay acuerdos cupulares, y creo que Marko Cort\u00e9s ya dio a conocer cu\u00e1les fueron parte de esos acuerdos con los Yunes, como tambi\u00e9n dio a conocer torpemente los acuerdos que hubo en Coahuila con Manolo Jim\u00e9nez, eso yo creo que es un claro ejemplo de la descomposici\u00f3n que hay en el Partido Acci\u00f3n Nacional, donde est\u00e1n perdidos ya los valores principales, donde se cree que participar en pol\u00edtica es medrar, es negociar, es un toma y daca de posiciones y cargos pol\u00edticos, y eso no es Acci\u00f3n Nacional&#8221;, expres\u00f3.<\/p>\n\n\n\n<p>Manuel G\u00f3mez Mor\u00edn dijo que como integrante de la Comisi\u00f3n Permanente del PAN se abstuvo de votar por la expulsi\u00f3n de Miguel \u00c1ngel Yunes Linares y Miguel \u00c1ngel Yunes M\u00e1rquez, pues todos los involucrados en el acuerdo para que ellos lograran la candidatura deben de rendirle cuentas a los militantes blanquiazules que se sintieron traicionados.<\/p>\n\n\n\n<p>&#8220;La decisi\u00f3n de que los Yunes fueran candidatos a Senador, padre e hijo, fue tomada en acuerdo con alguien m\u00e1s, y esos que participaron en la toma de esa decisi\u00f3n tambi\u00e9n tienen que rendirle cuentas al Partido Acci\u00f3n Nacional y no solamente los Yunes, el que los Yunes sean Senador padre e hijo, es producto de un acuerdo y tiene que darse a conocer qui\u00e9nes hicieron ese acuerdo y para qu\u00e9 hicieron ese acuerdo&#8221;, asest\u00f3.<\/p>\n\n\n\n<p>Finalmente, Manuel G\u00f3mez Mor\u00edn dijo que alrededor de 40 mil militantes a nivel nacional pusieron un ultim\u00e1tum al Comit\u00e9 Ejecutivo Nacional (CEN) para que se designe un Consejo Consultivo que dirija las riendas del partido en los pr\u00f3ximos meses, y as\u00ed evitar que quienes tienen secuestrado al PAN, designen a Jorge Romero Herrera como el pr\u00f3ximo presidente.<\/p>\n","protected":false},"excerpt":{"rendered":"<p>Alejandro \u00c1vila Veracruz, Ver.- El a\u00fan presidente nacional del PAN, Marko Cort\u00e9s Mendoza, evidenci\u00f3 que las principales posiciones y candidaturas en los procesos electorales se lo reparten \u00fanicamente un grupo privilegiado, acus\u00f3 Manuel G\u00f3mez Mor\u00edn Mart\u00ednez del R\u00edo, Consejero Nacional del PAN. El pleito de hace unas semanas en el Senado de la Rep\u00fablica contra&#8230; <\/p>\n<div class=\"clear\"><\/div>\n<p><a href=\"https:\/\/plumanegranoticias.com\/?p=5418\" class=\"excerpt-read-more\">Read More<i class=\"fa fa-caret-right icon-caret-right\"><\/i><\/a><\/p>\n","protected":false},"author":2,"featured_media":5420,"comment_status":"open","ping_status":"open","sticky":false,"template":"","format":"standard","meta":{"om_disable_all_campaigns":false,"_monsterinsights_skip_tracking":false,"_monsterinsights_sitenote_active":false,"_monsterinsights_sitenote_note":"","_monsterinsights_sitenote_category":0,"_uf_show_specific_survey":0,"_uf_disable_surveys":false,"footnotes":""},"categories":[1],"tags":[28,18,30,61],"class_list":["post-5418","post","type-post","status-publish","format-standard","has-post-thumbnail","hentry","category-blog","tag-nacionales","tag-noticia","tag-plumazos","tag-politica"],"aioseo_notices":[],"_links":{"self":[{"href":"https:\/\/plumanegranoticias.com\/index.php?rest_route=\/wp\/v2\/posts\/5418","targetHints":{"allow":["GET"]}}],"collection":[{"href":"https:\/\/plumanegranoticias.com\/index.php?rest_route=\/wp\/v2\/posts"}],"about":[{"href":"https:\/\/plumanegranoticias.com\/index.php?rest_route=\/wp\/v2\/types\/post"}],"author":[{"embeddable":true,"href":"https:\/\/plumanegranoticias.com\/index.php?rest_route=\/wp\/v2\/users\/2"}],"replies":[{"embeddable":true,"href":"https:\/\/plumanegranoticias.com\/index.php?rest_route=%2Fwp%2Fv2%2Fcomments&post=5418"}],"version-history":[{"count":1,"href":"https:\/\/plumanegranoticias.com\/index.php?rest_route=\/wp\/v2\/posts\/5418\/revisions"}],"predecessor-version":[{"id":5419,"href":"https:\/\/plumanegranoticias.com\/index.php?rest_route=\/wp\/v2\/posts\/5418\/revisions\/5419"}],"wp:featuredmedia":[{"embeddable":true,"href":"https:\/\/plumanegranoticias.com\/index.php?rest_route=\/wp\/v2\/media\/5420"}],"wp:attachment":[{"href":"https:\/\/plumanegranoticias.com\/index.php?rest_route=%2Fwp%2Fv2%2Fmedia&parent=5418"}],"wp:term":[{"taxonomy":"category","embeddable":true,"href":"https:\/\/plumanegranoticias.com\/index.php?rest_route=%2Fwp%2Fv2%2Fcategories&post=5418"},{"taxonomy":"post_tag","embeddable":true,"href":"https:\/\/plumanegranoticias.com\/index.php?rest_route=%2Fwp%2Fv2%2Ftags&post=5418"}],"curies":[{"name":"wp","href":"https:\/\/api.w.org\/{rel}","templated":true}]}}