{"id":5433,"date":"2024-10-16T14:21:04","date_gmt":"2024-10-16T20:21:04","guid":{"rendered":"https:\/\/plumanegranoticias.com\/?p=5433"},"modified":"2024-10-16T14:21:42","modified_gmt":"2024-10-16T20:21:42","slug":"protestan-en-la-uv-xalapa","status":"publish","type":"post","link":"https:\/\/plumanegranoticias.com\/?p=5433","title":{"rendered":"PROTESTAN EN LA UV XALAPA"},"content":{"rendered":"\n<p><em>UVI y UV cerradas al di\u00e1logo y respeto por demandas de estudiantes<\/em><\/p>\n\n\n\n<p>-No tienen aulas, becas, biblioteca, laboratorio, entre otros<\/p>\n\n\n\n<p>\u00c1ngeles Gonz\u00e1lez Ceballos<br>Xalapa, Ver., Ante la falta de di\u00e1logo e invisibilizaci\u00f3n de los estudiantes de la licenciatura en Agroecolog\u00eda y Soberan\u00eda Alimentaria, regi\u00f3n Xalapa, de la Universidad Veracruzana Intercultural (UVI) y de las autoridades universitarias, este mi\u00e9rcoles alzaron la voz para ser escuchados.<\/p>\n\n\n\n<p>En conferencia de prensa, los estudiantes universitarios recordaron que defendieron el plan de estudios luego de que intentaron cesarlo en febrero de este a\u00f1o.<\/p>\n\n\n\n<p>Sin embargo, debido a esa decisi\u00f3n &#8220;unilateral, arbitraria&#8221; y sin previa consulta al cuerpo acad\u00e9mico, as\u00ed como a la propia comunidad estudiantil, aunado a la violaci\u00f3n de los estatutos y derechos universitarios de las generaciones existentes; decidieron acudir a clases bajo protesta.<\/p>\n\n\n\n<p>Denunciaron la nula gesti\u00f3n e invisibilizaci\u00f3n sistem\u00e1tica hacia la comunidad estudiantil, regi\u00f3n Xalapa, por parte del director Daniel Bello L\u00f3pez.<\/p>\n\n\n\n<p>Recordaron que el pasado 31 de agosto de 2023, solicitaron una reuni\u00f3n con el rector Mart\u00edn Gerardo Aguilar S\u00e1nchez.<\/p>\n\n\n\n<p>Y hasta despu\u00e9s de casi un a\u00f1o de espera, apenas el d\u00eda 28 de agosto del 2024, se llev\u00f3 a cabo un evento en el marco del recorrido del Rector con la comunidad universitaria de Xalapa.<\/p>\n\n\n\n<p>Ah\u00ed le dieron a conocer sus inquietudes y necesidades.<\/p>\n\n\n\n<p>El Rector les dijo que no era necesario destituir al Director, sino de avanzar en el esfuerzo conjunto, di\u00e1logo y acuerdo, tomando en cuenta que hay estilos diferentes.<\/p>\n\n\n\n<p>El Rector les dijo que deb\u00eda haber coordinaci\u00f3n y no divisi\u00f3n para cumplir los compromisos asumidos en conjunto.<\/p>\n\n\n\n<p>Sin embargo, lo que hay es una continua violaci\u00f3n a sus derechos universitarios que no sientan las bases de un di\u00e1logo abierto y equitativo.<\/p>\n\n\n\n<p>Adem\u00e1s de que de manera constante se han omitido sus peticiones como contar con aulas, ya que s\u00f3lo tienen aulas temporales en facultades que los dispersan como comunidad estudiantil.<\/p>\n\n\n\n<p>&#8220;Necesitamos becas, material para las clases, la gesti\u00f3n de una biblioteca, un laboratorio, entre otros&#8221;, expusieron.<\/p>\n\n\n\n<p>Definieron la necesidad de contar con un director que tenga una participaci\u00f3n con los estudiantes y coordinaci\u00f3n en la toma de decisiones, no s\u00f3lo sobre la identidad acad\u00e9mica, sino tambi\u00e9n en el contexto de la crisis ambiental urgente que existe en el mundo.<\/p>\n\n\n\n<p>&#8220;Requerimos una direcci\u00f3n comprometida e inclusiva con todas las sedes de la Universidad Veracruzana Intercultural y a la altura de la urgente necesidad de transitar hacia las agroecolog\u00edas en diversos territorios donde se promuevan las bases de la interculturalidad&#8221;, apuntaron.<\/p>\n\n\n\n<figure class=\"wp-block-image size-large\"><img loading=\"lazy\" decoding=\"async\" width=\"1024\" height=\"577\" src=\"https:\/\/plumanegranoticias.com\/wp-content\/uploads\/2024\/10\/img-20241016-wa01322986546580570882005-1024x577.jpg\" alt=\"\" class=\"wp-image-5430\" srcset=\"https:\/\/plumanegranoticias.com\/wp-content\/uploads\/2024\/10\/img-20241016-wa01322986546580570882005-1024x577.jpg 1024w, https:\/\/plumanegranoticias.com\/wp-content\/uploads\/2024\/10\/img-20241016-wa01322986546580570882005-300x169.jpg 300w, https:\/\/plumanegranoticias.com\/wp-content\/uploads\/2024\/10\/img-20241016-wa01322986546580570882005-768x433.jpg 768w, https:\/\/plumanegranoticias.com\/wp-content\/uploads\/2024\/10\/img-20241016-wa01322986546580570882005-1536x866.jpg 1536w, https:\/\/plumanegranoticias.com\/wp-content\/uploads\/2024\/10\/img-20241016-wa01322986546580570882005.jpg 1600w\" sizes=\"auto, (max-width: 1024px) 100vw, 1024px\" \/><\/figure>\n\n\n\n<figure class=\"wp-block-image\"><img loading=\"lazy\" decoding=\"async\" width=\"1024\" height=\"577\" src=\"https:\/\/plumanegranoticias.com\/wp-content\/uploads\/2024\/10\/img-20241016-wa01318930687682588389142-1024x577.jpg\" alt=\"\" class=\"wp-image-5431\" srcset=\"https:\/\/plumanegranoticias.com\/wp-content\/uploads\/2024\/10\/img-20241016-wa01318930687682588389142-1024x577.jpg 1024w, https:\/\/plumanegranoticias.com\/wp-content\/uploads\/2024\/10\/img-20241016-wa01318930687682588389142-300x169.jpg 300w, https:\/\/plumanegranoticias.com\/wp-content\/uploads\/2024\/10\/img-20241016-wa01318930687682588389142-768x433.jpg 768w, https:\/\/plumanegranoticias.com\/wp-content\/uploads\/2024\/10\/img-20241016-wa01318930687682588389142-1536x866.jpg 1536w, https:\/\/plumanegranoticias.com\/wp-content\/uploads\/2024\/10\/img-20241016-wa01318930687682588389142.jpg 1600w\" sizes=\"auto, (max-width: 1024px) 100vw, 1024px\" \/><\/figure>\n\n\n\n<figure class=\"wp-block-image\"><img loading=\"lazy\" decoding=\"async\" width=\"1024\" height=\"577\" src=\"https:\/\/plumanegranoticias.com\/wp-content\/uploads\/2024\/10\/img-20241016-wa01336390632395276039454-1024x577.jpg\" alt=\"\" class=\"wp-image-5432\" srcset=\"https:\/\/plumanegranoticias.com\/wp-content\/uploads\/2024\/10\/img-20241016-wa01336390632395276039454-1024x577.jpg 1024w, https:\/\/plumanegranoticias.com\/wp-content\/uploads\/2024\/10\/img-20241016-wa01336390632395276039454-300x169.jpg 300w, https:\/\/plumanegranoticias.com\/wp-content\/uploads\/2024\/10\/img-20241016-wa01336390632395276039454-768x433.jpg 768w, https:\/\/plumanegranoticias.com\/wp-content\/uploads\/2024\/10\/img-20241016-wa01336390632395276039454-1536x866.jpg 1536w, https:\/\/plumanegranoticias.com\/wp-content\/uploads\/2024\/10\/img-20241016-wa01336390632395276039454.jpg 1600w\" sizes=\"auto, (max-width: 1024px) 100vw, 1024px\" \/><\/figure>\n","protected":false},"excerpt":{"rendered":"<p>UVI y UV cerradas al di\u00e1logo y respeto por demandas de estudiantes -No tienen aulas, becas, biblioteca, laboratorio, entre otros \u00c1ngeles Gonz\u00e1lez CeballosXalapa, Ver., Ante la falta de di\u00e1logo e invisibilizaci\u00f3n de los estudiantes de la licenciatura en Agroecolog\u00eda y Soberan\u00eda Alimentaria, regi\u00f3n Xalapa, de la Universidad Veracruzana Intercultural (UVI) y de las autoridades universitarias,&#8230; <\/p>\n<div class=\"clear\"><\/div>\n<p><a href=\"https:\/\/plumanegranoticias.com\/?p=5433\" class=\"excerpt-read-more\">Read More<i class=\"fa fa-caret-right icon-caret-right\"><\/i><\/a><\/p>\n","protected":false},"author":2,"featured_media":5429,"comment_status":"open","ping_status":"open","sticky":false,"template":"","format":"standard","meta":{"om_disable_all_campaigns":false,"_monsterinsights_skip_tracking":false,"_monsterinsights_sitenote_active":false,"_monsterinsights_sitenote_note":"","_monsterinsights_sitenote_category":0,"_uf_show_specific_survey":0,"_uf_disable_surveys":false,"footnotes":""},"categories":[1],"tags":[18,61,19],"class_list":["post-5433","post","type-post","status-publish","format-standard","has-post-thumbnail","hentry","category-blog","tag-noticia","tag-politica","tag-regional"],"aioseo_notices":[],"_links":{"self":[{"href":"https:\/\/plumanegranoticias.com\/index.php?rest_route=\/wp\/v2\/posts\/5433","targetHints":{"allow":["GET"]}}],"collection":[{"href":"https:\/\/plumanegranoticias.com\/index.php?rest_route=\/wp\/v2\/posts"}],"about":[{"href":"https:\/\/plumanegranoticias.com\/index.php?rest_route=\/wp\/v2\/types\/post"}],"author":[{"embeddable":true,"href":"https:\/\/plumanegranoticias.com\/index.php?rest_route=\/wp\/v2\/users\/2"}],"replies":[{"embeddable":true,"href":"https:\/\/plumanegranoticias.com\/index.php?rest_route=%2Fwp%2Fv2%2Fcomments&post=5433"}],"version-history":[{"count":1,"href":"https:\/\/plumanegranoticias.com\/index.php?rest_route=\/wp\/v2\/posts\/5433\/revisions"}],"predecessor-version":[{"id":5434,"href":"https:\/\/plumanegranoticias.com\/index.php?rest_route=\/wp\/v2\/posts\/5433\/revisions\/5434"}],"wp:featuredmedia":[{"embeddable":true,"href":"https:\/\/plumanegranoticias.com\/index.php?rest_route=\/wp\/v2\/media\/5429"}],"wp:attachment":[{"href":"https:\/\/plumanegranoticias.com\/index.php?rest_route=%2Fwp%2Fv2%2Fmedia&parent=5433"}],"wp:term":[{"taxonomy":"category","embeddable":true,"href":"https:\/\/plumanegranoticias.com\/index.php?rest_route=%2Fwp%2Fv2%2Fcategories&post=5433"},{"taxonomy":"post_tag","embeddable":true,"href":"https:\/\/plumanegranoticias.com\/index.php?rest_route=%2Fwp%2Fv2%2Ftags&post=5433"}],"curies":[{"name":"wp","href":"https:\/\/api.w.org\/{rel}","templated":true}]}}