{"id":5441,"date":"2024-10-16T20:36:17","date_gmt":"2024-10-17T02:36:17","guid":{"rendered":"https:\/\/plumanegranoticias.com\/?p=5441"},"modified":"2024-10-16T20:36:44","modified_gmt":"2024-10-17T02:36:44","slug":"denuncian-retencion-en-fiscalia-de-veracruz-de-6-colombianas-victimas-de-trata-de-personas","status":"publish","type":"post","link":"https:\/\/plumanegranoticias.com\/?p=5441","title":{"rendered":"DENUNCIAN RETENCI\u00d3N EN FISCALIA DE VERACRUZ DE 6 COLOMBIANAS VICTIMAS DE TRATA DE PERSONAS"},"content":{"rendered":"\n<p>Fiscal\u00eda asegura que es necesaria su presencia para castigar a los responsables<\/p>\n\n\n\n<p>Ignacio Alvarez&nbsp;<\/p>\n\n\n\n<p>Veracruz, Ver., Familiares de las seis colombianas secuestradas el 25 de septiembre y rescatadas el 1 de octubre en Veracruz, piden desde Colombia su liberaci\u00f3n ahora, por parte de la Fiscal\u00eda General del Estado de Veracruz, que desde su rescate, las mantiene en sus instalaciones con severas restricciones y presuntos abusos a sus derechos humanos elementales; este mi\u00e9rcoles la Fiscal\u00eda emiti\u00f3 un comunicado en el que argumenta que la retenci\u00f3n de las mujeres es debido a que se continuan las investigaciones y que se reuni\u00f3 con el Consulado General de Colombia en M\u00e9xico para informar sobre el caso.<\/p>\n\n\n\n<p>Familiares de las mujeres extranjeras retenidas en las oficinas de la Fiscal\u00eda, desde el 1 de octubre, informaron que s\u00f3lo han podido hablar con ellas tres veces y que denuncian que no les permiten hablar con los medios de comunicaci\u00f3n, les dan una comida al d\u00eda y no les informan el motivo de su retenci\u00f3n, incluso dos padecen ya ales gastrointestinales de consideraci\u00f3n.<\/p>\n\n\n\n<p>En su comunicado, la Fiscal\u00eda inform\u00f3 que la titular, Veronica Hern\u00e1ndez se reuni\u00f3 con el C\u00f3nsul General de Colombia en M\u00e9xico, Andr\u00e9s Camilo Hern\u00e1ndez para abordar el caso de las mujeres v\u00edctimas del delito de trata de personas. En d\u00edas pasados la Fiscal\u00eda inform\u00f3 que de la detenci\u00f3n de Yessica Anah\u00ed Ram\u00edrez Mar\u00edn al\u00edas Madame Lilith y de Julio Cesas N quien era el chofer que trasladaba a las mujeres.<\/p>\n\n\n\n<p>Las colombianas son: Derlis Dayana Paneso Taborda de 25 a\u00f1os; Sof\u00eda Vel\u00e1squez Giraldo de 21 a\u00f1os y Yarlin Giraldo de 21 a\u00f1os originarias de Medell\u00edn; Marianyeli Michel Chac\u00f3n \u00c1lvarez de C\u00facuta, Michel Daniela Morales&nbsp; de&nbsp; 21 a\u00f1os de las ciudad&nbsp; de Bogot\u00e1 y una sexta de nombre Leyna N, quienes trabajaron como modelos y damas de compa\u00f1\u00eda y al momento de su desaparici\u00f3n, sus familiares en Colombia recibieron llamadas para exigir fuertes sumas a cambio de la liberaci\u00f3n.<\/p>\n\n\n\n<p>Tras la denuncia de su desaparici\u00f3n el 30 de septiembre y la colocaci\u00f3n de sus fichas en los medios de comunicaci\u00f3n, la Polic\u00eda Ministerial de Veracruz, las ubic\u00f3 y rescat\u00f3 a las 24 horas en una popular colonia de Boca del R\u00edo, desde entonces las seis mujeres permanecen en las instalaciones del gobierno, con presuntos abusos de sus derechos humanos seg\u00fan las versiones de los familiares que tienen escasa comunicaci\u00f3n con ellas.<\/p>\n\n\n\n<p>Las mujeres llegaron entre junio y septiembre a Veracruz bajo la promesa de trabajar como modelos, pero se convirtieron en damas de compa\u00f1\u00eda y v\u00edctimas del delito de trata de personas.<\/p>\n\n\n\n<p>En su comunicado la Fiscal\u00eda General del Estado, asegur\u00f3 que se su estancia resulta indispensable para lograr el castigo de los culpables y la reparaci\u00f3n del da\u00f1o, y que se ha permitido la asistencia del Consulado de Colombia que ha verificado el trato de las autoridades.<\/p>\n\n\n\n<figure class=\"wp-block-image size-large\"><img loading=\"lazy\" decoding=\"async\" width=\"1024\" height=\"1024\" src=\"https:\/\/plumanegranoticias.com\/wp-content\/uploads\/2024\/10\/fb_img_17291297661064478357973815096590-1024x1024.jpg\" alt=\"\" class=\"wp-image-5440\" srcset=\"https:\/\/plumanegranoticias.com\/wp-content\/uploads\/2024\/10\/fb_img_17291297661064478357973815096590-1024x1024.jpg 1024w, https:\/\/plumanegranoticias.com\/wp-content\/uploads\/2024\/10\/fb_img_17291297661064478357973815096590-300x300.jpg 300w, https:\/\/plumanegranoticias.com\/wp-content\/uploads\/2024\/10\/fb_img_17291297661064478357973815096590-150x150.jpg 150w, https:\/\/plumanegranoticias.com\/wp-content\/uploads\/2024\/10\/fb_img_17291297661064478357973815096590-768x768.jpg 768w, https:\/\/plumanegranoticias.com\/wp-content\/uploads\/2024\/10\/fb_img_17291297661064478357973815096590-400x400.jpg 400w, https:\/\/plumanegranoticias.com\/wp-content\/uploads\/2024\/10\/fb_img_17291297661064478357973815096590.jpg 1080w\" sizes=\"auto, (max-width: 1024px) 100vw, 1024px\" \/><\/figure>\n\n\n\n<figure class=\"wp-block-image\"><img loading=\"lazy\" decoding=\"async\" width=\"1024\" height=\"683\" src=\"https:\/\/plumanegranoticias.com\/wp-content\/uploads\/2024\/10\/img-20241016-wa01667605619001441424806-1024x683.jpg\" alt=\"\" class=\"wp-image-5439\" srcset=\"https:\/\/plumanegranoticias.com\/wp-content\/uploads\/2024\/10\/img-20241016-wa01667605619001441424806-1024x683.jpg 1024w, https:\/\/plumanegranoticias.com\/wp-content\/uploads\/2024\/10\/img-20241016-wa01667605619001441424806-300x200.jpg 300w, https:\/\/plumanegranoticias.com\/wp-content\/uploads\/2024\/10\/img-20241016-wa01667605619001441424806-768x512.jpg 768w, https:\/\/plumanegranoticias.com\/wp-content\/uploads\/2024\/10\/img-20241016-wa01667605619001441424806-1536x1025.jpg 1536w, https:\/\/plumanegranoticias.com\/wp-content\/uploads\/2024\/10\/img-20241016-wa01667605619001441424806.jpg 2000w\" sizes=\"auto, (max-width: 1024px) 100vw, 1024px\" \/><\/figure>\n","protected":false},"excerpt":{"rendered":"<p>Fiscal\u00eda asegura que es necesaria su presencia para castigar a los responsables Ignacio Alvarez&nbsp; Veracruz, Ver., Familiares de las seis colombianas secuestradas el 25 de septiembre y rescatadas el 1 de octubre en Veracruz, piden desde Colombia su liberaci\u00f3n ahora, por parte de la Fiscal\u00eda General del Estado de Veracruz, que desde su rescate, las&#8230; <\/p>\n<div class=\"clear\"><\/div>\n<p><a href=\"https:\/\/plumanegranoticias.com\/?p=5441\" class=\"excerpt-read-more\">Read More<i class=\"fa fa-caret-right icon-caret-right\"><\/i><\/a><\/p>\n","protected":false},"author":2,"featured_media":5443,"comment_status":"open","ping_status":"open","sticky":false,"template":"","format":"standard","meta":{"om_disable_all_campaigns":false,"_monsterinsights_skip_tracking":false,"_monsterinsights_sitenote_active":false,"_monsterinsights_sitenote_note":"","_monsterinsights_sitenote_category":0,"_uf_show_specific_survey":0,"_uf_disable_surveys":false,"footnotes":""},"categories":[1],"tags":[28,18,33],"class_list":["post-5441","post","type-post","status-publish","format-standard","has-post-thumbnail","hentry","category-blog","tag-nacionales","tag-noticia","tag-tendencias"],"aioseo_notices":[],"_links":{"self":[{"href":"https:\/\/plumanegranoticias.com\/index.php?rest_route=\/wp\/v2\/posts\/5441","targetHints":{"allow":["GET"]}}],"collection":[{"href":"https:\/\/plumanegranoticias.com\/index.php?rest_route=\/wp\/v2\/posts"}],"about":[{"href":"https:\/\/plumanegranoticias.com\/index.php?rest_route=\/wp\/v2\/types\/post"}],"author":[{"embeddable":true,"href":"https:\/\/plumanegranoticias.com\/index.php?rest_route=\/wp\/v2\/users\/2"}],"replies":[{"embeddable":true,"href":"https:\/\/plumanegranoticias.com\/index.php?rest_route=%2Fwp%2Fv2%2Fcomments&post=5441"}],"version-history":[{"count":1,"href":"https:\/\/plumanegranoticias.com\/index.php?rest_route=\/wp\/v2\/posts\/5441\/revisions"}],"predecessor-version":[{"id":5442,"href":"https:\/\/plumanegranoticias.com\/index.php?rest_route=\/wp\/v2\/posts\/5441\/revisions\/5442"}],"wp:featuredmedia":[{"embeddable":true,"href":"https:\/\/plumanegranoticias.com\/index.php?rest_route=\/wp\/v2\/media\/5443"}],"wp:attachment":[{"href":"https:\/\/plumanegranoticias.com\/index.php?rest_route=%2Fwp%2Fv2%2Fmedia&parent=5441"}],"wp:term":[{"taxonomy":"category","embeddable":true,"href":"https:\/\/plumanegranoticias.com\/index.php?rest_route=%2Fwp%2Fv2%2Fcategories&post=5441"},{"taxonomy":"post_tag","embeddable":true,"href":"https:\/\/plumanegranoticias.com\/index.php?rest_route=%2Fwp%2Fv2%2Ftags&post=5441"}],"curies":[{"name":"wp","href":"https:\/\/api.w.org\/{rel}","templated":true}]}}