{"id":5465,"date":"2024-10-17T13:48:00","date_gmt":"2024-10-17T19:48:00","guid":{"rendered":"https:\/\/plumanegranoticias.com\/?p=5465"},"modified":"2024-10-17T13:49:12","modified_gmt":"2024-10-17T19:49:12","slug":"demuelen-tradicional-mercado-de-artesanias-en-malecon-de-veracruz","status":"publish","type":"post","link":"https:\/\/plumanegranoticias.com\/?p=5465","title":{"rendered":"DEMUELEN TRADICIONAL MERCADO DE ARTESANIAS EN MALECON DE VERACRUZ"},"content":{"rendered":"\n<p>Veracruz, Ver.,&nbsp; El Mercado de Artesan\u00edas Miguel Alem\u00e1n, del Paseo del Malec\u00f3n en el Puerto de Veracruz ser\u00e1 demolido en las pr\u00f3ximas horas para concluir la construcci\u00f3n de la plaza Hero\u00edsmo Veracruzano de la Armada de M\u00e9xico y la Administraci\u00f3n del Sistema Portuario Nacional de Veracruz (ASIPONAVER), los 80 locatarios ser\u00e1n reubicados temporalmente en una carpa improvisada y en 50 d\u00edas se les otorgar\u00e1n locales dentro de la nueva plaza.<\/p>\n\n\n\n<p>Aunque la ASIPONAVER en voz de su director, Carlos Ignacio Vel\u00e1zquez Tiscare\u00f1o dio a conocer que se garantizan los espacios para los comerciantes de artesan\u00edas desalojados en tanto se construyen sus nuevos locales, el dirigente Angel Hern\u00e1ndez Ramos asegur\u00f3 que la carpa provisional es insegura debido a la temporada de \u201cnortes\u201d que pone en riesgo sus mercanc\u00edas y su integridad f\u00edsica.<\/p>\n\n\n\n<p>El Mercado de Artesan\u00edas fue construido en el periodo del Presidente Miguel Alem\u00e1n Vald\u00e9s a principio de los a\u00f1os 50\u2019s y desde entonces form\u00f3 parte de las postales del Paseo del Malec\u00f3n en el contorno del edificio que alberg\u00f3 la Heroica Escuela Naval de Veracruz, estatua de Venustiano Carranza, el antiguo edificio de Pemex y los tradicionales caf\u00e9s del puerto de Veracruz, sobre la avenida Insurgentes Veracruzanos.<\/p>\n\n\n\n<p>La nueva Plaza del Heroismo Veracruzano tendr\u00e1 un costo de 118 millones de pesos&nbsp; y tienen un avance del 70 por ciento, adem\u00e1s de la reubicaci\u00f3n de los 80 locatarios de artesan\u00edas, contar\u00e1 con una cafeter\u00eda administrada por el Fideicomiso Islas Mar\u00edas de la Secretar\u00eda de Marina y se trata de una explanada que tendr\u00e1 un obelisco en la zona de muelles del Puerto.<\/p>\n\n\n\n<p>De acuerdo a las autoridades, los locatarios ten\u00eda hasta las 4 horas de ayer para desalojar sus espacios y este jueves se observ\u00f3 la presencia de la maquinaria pesada que se har\u00e1 cargo de la demolici\u00f3n.<\/p>\n\n\n\n<figure class=\"wp-block-image size-large\"><img loading=\"lazy\" decoding=\"async\" width=\"1024\" height=\"768\" src=\"https:\/\/plumanegranoticias.com\/wp-content\/uploads\/2024\/10\/img202410171042447525572325313792744-1024x768.jpg\" alt=\"\" class=\"wp-image-5463\" srcset=\"https:\/\/plumanegranoticias.com\/wp-content\/uploads\/2024\/10\/img202410171042447525572325313792744-1024x768.jpg 1024w, https:\/\/plumanegranoticias.com\/wp-content\/uploads\/2024\/10\/img202410171042447525572325313792744-300x225.jpg 300w, https:\/\/plumanegranoticias.com\/wp-content\/uploads\/2024\/10\/img202410171042447525572325313792744-768x576.jpg 768w, https:\/\/plumanegranoticias.com\/wp-content\/uploads\/2024\/10\/img202410171042447525572325313792744-1536x1152.jpg 1536w, https:\/\/plumanegranoticias.com\/wp-content\/uploads\/2024\/10\/img202410171042447525572325313792744-400x300.jpg 400w, https:\/\/plumanegranoticias.com\/wp-content\/uploads\/2024\/10\/img202410171042447525572325313792744.jpg 2000w\" sizes=\"auto, (max-width: 1024px) 100vw, 1024px\" \/><\/figure>\n\n\n\n<figure class=\"wp-block-image\"><img loading=\"lazy\" decoding=\"async\" width=\"1024\" height=\"768\" src=\"https:\/\/plumanegranoticias.com\/wp-content\/uploads\/2024\/10\/img202410171039164387967112684893796-1024x768.jpg\" alt=\"\" class=\"wp-image-5464\" srcset=\"https:\/\/plumanegranoticias.com\/wp-content\/uploads\/2024\/10\/img202410171039164387967112684893796-1024x768.jpg 1024w, https:\/\/plumanegranoticias.com\/wp-content\/uploads\/2024\/10\/img202410171039164387967112684893796-300x225.jpg 300w, https:\/\/plumanegranoticias.com\/wp-content\/uploads\/2024\/10\/img202410171039164387967112684893796-768x576.jpg 768w, https:\/\/plumanegranoticias.com\/wp-content\/uploads\/2024\/10\/img202410171039164387967112684893796-1536x1152.jpg 1536w, https:\/\/plumanegranoticias.com\/wp-content\/uploads\/2024\/10\/img202410171039164387967112684893796-400x300.jpg 400w, https:\/\/plumanegranoticias.com\/wp-content\/uploads\/2024\/10\/img202410171039164387967112684893796.jpg 2000w\" sizes=\"auto, (max-width: 1024px) 100vw, 1024px\" \/><\/figure>\n\n\n\n<figure class=\"wp-block-image\"><img loading=\"lazy\" decoding=\"async\" width=\"1024\" height=\"768\" src=\"https:\/\/plumanegranoticias.com\/wp-content\/uploads\/2024\/10\/img202410171040195356893028344749799-1024x768.jpg\" alt=\"\" class=\"wp-image-5461\" srcset=\"https:\/\/plumanegranoticias.com\/wp-content\/uploads\/2024\/10\/img202410171040195356893028344749799-1024x768.jpg 1024w, https:\/\/plumanegranoticias.com\/wp-content\/uploads\/2024\/10\/img202410171040195356893028344749799-300x225.jpg 300w, https:\/\/plumanegranoticias.com\/wp-content\/uploads\/2024\/10\/img202410171040195356893028344749799-768x576.jpg 768w, https:\/\/plumanegranoticias.com\/wp-content\/uploads\/2024\/10\/img202410171040195356893028344749799-1536x1152.jpg 1536w, https:\/\/plumanegranoticias.com\/wp-content\/uploads\/2024\/10\/img202410171040195356893028344749799-400x300.jpg 400w, https:\/\/plumanegranoticias.com\/wp-content\/uploads\/2024\/10\/img202410171040195356893028344749799.jpg 2000w\" sizes=\"auto, (max-width: 1024px) 100vw, 1024px\" \/><\/figure>\n\n\n\n<figure class=\"wp-block-image\"><img loading=\"lazy\" decoding=\"async\" width=\"1024\" height=\"768\" src=\"https:\/\/plumanegranoticias.com\/wp-content\/uploads\/2024\/10\/img202410171040279024416785882916830-1024x768.jpg\" alt=\"\" class=\"wp-image-5462\" srcset=\"https:\/\/plumanegranoticias.com\/wp-content\/uploads\/2024\/10\/img202410171040279024416785882916830-1024x768.jpg 1024w, https:\/\/plumanegranoticias.com\/wp-content\/uploads\/2024\/10\/img202410171040279024416785882916830-300x225.jpg 300w, https:\/\/plumanegranoticias.com\/wp-content\/uploads\/2024\/10\/img202410171040279024416785882916830-768x576.jpg 768w, https:\/\/plumanegranoticias.com\/wp-content\/uploads\/2024\/10\/img202410171040279024416785882916830-1536x1152.jpg 1536w, https:\/\/plumanegranoticias.com\/wp-content\/uploads\/2024\/10\/img202410171040279024416785882916830-400x300.jpg 400w, https:\/\/plumanegranoticias.com\/wp-content\/uploads\/2024\/10\/img202410171040279024416785882916830.jpg 2000w\" sizes=\"auto, (max-width: 1024px) 100vw, 1024px\" \/><\/figure>\n","protected":false},"excerpt":{"rendered":"<p>Veracruz, Ver.,&nbsp; El Mercado de Artesan\u00edas Miguel Alem\u00e1n, del Paseo del Malec\u00f3n en el Puerto de Veracruz ser\u00e1 demolido en las pr\u00f3ximas horas para concluir la construcci\u00f3n de la plaza Hero\u00edsmo Veracruzano de la Armada de M\u00e9xico y la Administraci\u00f3n del Sistema Portuario Nacional de Veracruz (ASIPONAVER), los 80 locatarios ser\u00e1n reubicados temporalmente en una&#8230; <\/p>\n<div class=\"clear\"><\/div>\n<p><a href=\"https:\/\/plumanegranoticias.com\/?p=5465\" class=\"excerpt-read-more\">Read More<i class=\"fa fa-caret-right icon-caret-right\"><\/i><\/a><\/p>\n","protected":false},"author":2,"featured_media":5467,"comment_status":"open","ping_status":"open","sticky":false,"template":"","format":"standard","meta":{"om_disable_all_campaigns":false,"_monsterinsights_skip_tracking":false,"_monsterinsights_sitenote_active":false,"_monsterinsights_sitenote_note":"","_monsterinsights_sitenote_category":0,"_uf_show_specific_survey":0,"_uf_disable_surveys":false,"footnotes":""},"categories":[1],"tags":[18,61,19],"class_list":["post-5465","post","type-post","status-publish","format-standard","has-post-thumbnail","hentry","category-blog","tag-noticia","tag-politica","tag-regional"],"aioseo_notices":[],"_links":{"self":[{"href":"https:\/\/plumanegranoticias.com\/index.php?rest_route=\/wp\/v2\/posts\/5465","targetHints":{"allow":["GET"]}}],"collection":[{"href":"https:\/\/plumanegranoticias.com\/index.php?rest_route=\/wp\/v2\/posts"}],"about":[{"href":"https:\/\/plumanegranoticias.com\/index.php?rest_route=\/wp\/v2\/types\/post"}],"author":[{"embeddable":true,"href":"https:\/\/plumanegranoticias.com\/index.php?rest_route=\/wp\/v2\/users\/2"}],"replies":[{"embeddable":true,"href":"https:\/\/plumanegranoticias.com\/index.php?rest_route=%2Fwp%2Fv2%2Fcomments&post=5465"}],"version-history":[{"count":1,"href":"https:\/\/plumanegranoticias.com\/index.php?rest_route=\/wp\/v2\/posts\/5465\/revisions"}],"predecessor-version":[{"id":5466,"href":"https:\/\/plumanegranoticias.com\/index.php?rest_route=\/wp\/v2\/posts\/5465\/revisions\/5466"}],"wp:featuredmedia":[{"embeddable":true,"href":"https:\/\/plumanegranoticias.com\/index.php?rest_route=\/wp\/v2\/media\/5467"}],"wp:attachment":[{"href":"https:\/\/plumanegranoticias.com\/index.php?rest_route=%2Fwp%2Fv2%2Fmedia&parent=5465"}],"wp:term":[{"taxonomy":"category","embeddable":true,"href":"https:\/\/plumanegranoticias.com\/index.php?rest_route=%2Fwp%2Fv2%2Fcategories&post=5465"},{"taxonomy":"post_tag","embeddable":true,"href":"https:\/\/plumanegranoticias.com\/index.php?rest_route=%2Fwp%2Fv2%2Ftags&post=5465"}],"curies":[{"name":"wp","href":"https:\/\/api.w.org\/{rel}","templated":true}]}}