{"id":5469,"date":"2024-10-17T21:08:20","date_gmt":"2024-10-18T03:08:20","guid":{"rendered":"https:\/\/plumanegranoticias.com\/?p=5469"},"modified":"2024-10-17T21:08:46","modified_gmt":"2024-10-18T03:08:46","slug":"esau-valencia-heredia-a-comunicacion-social-de-la-lxvii-legislatura-de-veracruz","status":"publish","type":"post","link":"https:\/\/plumanegranoticias.com\/?p=5469","title":{"rendered":"ESA\u00da VALENCIA HEREDIA A COMUNICACI\u00d3N SOCIAL DE LA LXVII LEGISLATURA DE VERACRUZ\u00a0"},"content":{"rendered":"\n<p>El periodista Esa\u00fa Valencia Heredia, actual Director de Cambio Digital, ser\u00e1 el titular de la Coordinaci\u00f3n de Comunicaci\u00f3n Social de la LXVII Legislatura de Veracruz que entra en funciones el 5 de noviembre pr\u00f3ximo.<\/p>\n\n\n\n<p>Valencia Heredia es egresado de la Facultad de Ciencias de la Comunicaci\u00f3n de la Universidad Veracruzana con Maestr\u00eda en Periodismo en la misma casa de estudios, y tiene amplia experiencia en medios de comunicaci\u00f3n de radio, prensa escrita y medios digitales.<\/p>\n\n\n\n<p>Reportero de la XEU de Veracruz, corresponsal y jefe de informaci\u00f3n de la oficina regional de la Agencia Mexicana de Noticias (Notimex), peri\u00f3dico Imagen de Veracruz y tambi\u00e9n como asesor de medios de comunicaci\u00f3n en campa\u00f1as pol\u00edticas.<\/p>\n\n\n\n<figure class=\"wp-block-image size-large\"><img loading=\"lazy\" decoding=\"async\" width=\"899\" height=\"1024\" src=\"https:\/\/plumanegranoticias.com\/wp-content\/uploads\/2024\/10\/img-20241017-wa01424424554838371662603-899x1024.jpg\" alt=\"\" class=\"wp-image-5468\" srcset=\"https:\/\/plumanegranoticias.com\/wp-content\/uploads\/2024\/10\/img-20241017-wa01424424554838371662603-899x1024.jpg 899w, https:\/\/plumanegranoticias.com\/wp-content\/uploads\/2024\/10\/img-20241017-wa01424424554838371662603-263x300.jpg 263w, https:\/\/plumanegranoticias.com\/wp-content\/uploads\/2024\/10\/img-20241017-wa01424424554838371662603-768x875.jpg 768w, https:\/\/plumanegranoticias.com\/wp-content\/uploads\/2024\/10\/img-20241017-wa01424424554838371662603-1349x1536.jpg 1349w, https:\/\/plumanegranoticias.com\/wp-content\/uploads\/2024\/10\/img-20241017-wa01424424554838371662603.jpg 1405w\" sizes=\"auto, (max-width: 899px) 100vw, 899px\" \/><\/figure>\n","protected":false},"excerpt":{"rendered":"<p>El periodista Esa\u00fa Valencia Heredia, actual Director de Cambio Digital, ser\u00e1 el titular de la Coordinaci\u00f3n de Comunicaci\u00f3n Social de la LXVII Legislatura de Veracruz que entra en funciones el 5 de noviembre pr\u00f3ximo. Valencia Heredia es egresado de la Facultad de Ciencias de la Comunicaci\u00f3n de la Universidad Veracruzana con Maestr\u00eda en Periodismo en&#8230; <\/p>\n<div class=\"clear\"><\/div>\n<p><a href=\"https:\/\/plumanegranoticias.com\/?p=5469\" class=\"excerpt-read-more\">Read More<i class=\"fa fa-caret-right icon-caret-right\"><\/i><\/a><\/p>\n","protected":false},"author":2,"featured_media":5471,"comment_status":"open","ping_status":"open","sticky":false,"template":"","format":"standard","meta":{"om_disable_all_campaigns":false,"_monsterinsights_skip_tracking":false,"_monsterinsights_sitenote_active":false,"_monsterinsights_sitenote_note":"","_monsterinsights_sitenote_category":0,"_uf_show_specific_survey":0,"_uf_disable_surveys":false,"footnotes":""},"categories":[1],"tags":[18,30,61,19],"class_list":["post-5469","post","type-post","status-publish","format-standard","has-post-thumbnail","hentry","category-blog","tag-noticia","tag-plumazos","tag-politica","tag-regional"],"aioseo_notices":[],"_links":{"self":[{"href":"https:\/\/plumanegranoticias.com\/index.php?rest_route=\/wp\/v2\/posts\/5469","targetHints":{"allow":["GET"]}}],"collection":[{"href":"https:\/\/plumanegranoticias.com\/index.php?rest_route=\/wp\/v2\/posts"}],"about":[{"href":"https:\/\/plumanegranoticias.com\/index.php?rest_route=\/wp\/v2\/types\/post"}],"author":[{"embeddable":true,"href":"https:\/\/plumanegranoticias.com\/index.php?rest_route=\/wp\/v2\/users\/2"}],"replies":[{"embeddable":true,"href":"https:\/\/plumanegranoticias.com\/index.php?rest_route=%2Fwp%2Fv2%2Fcomments&post=5469"}],"version-history":[{"count":1,"href":"https:\/\/plumanegranoticias.com\/index.php?rest_route=\/wp\/v2\/posts\/5469\/revisions"}],"predecessor-version":[{"id":5470,"href":"https:\/\/plumanegranoticias.com\/index.php?rest_route=\/wp\/v2\/posts\/5469\/revisions\/5470"}],"wp:featuredmedia":[{"embeddable":true,"href":"https:\/\/plumanegranoticias.com\/index.php?rest_route=\/wp\/v2\/media\/5471"}],"wp:attachment":[{"href":"https:\/\/plumanegranoticias.com\/index.php?rest_route=%2Fwp%2Fv2%2Fmedia&parent=5469"}],"wp:term":[{"taxonomy":"category","embeddable":true,"href":"https:\/\/plumanegranoticias.com\/index.php?rest_route=%2Fwp%2Fv2%2Fcategories&post=5469"},{"taxonomy":"post_tag","embeddable":true,"href":"https:\/\/plumanegranoticias.com\/index.php?rest_route=%2Fwp%2Fv2%2Ftags&post=5469"}],"curies":[{"name":"wp","href":"https:\/\/api.w.org\/{rel}","templated":true}]}}