{"id":5494,"date":"2024-10-18T12:16:54","date_gmt":"2024-10-18T18:16:54","guid":{"rendered":"https:\/\/plumanegranoticias.com\/?p=5494"},"modified":"2024-10-18T12:17:20","modified_gmt":"2024-10-18T18:17:20","slug":"se-va-la-guelaguetza-de-boca-del-rio","status":"publish","type":"post","link":"https:\/\/plumanegranoticias.com\/?p=5494","title":{"rendered":"SE VA LA GUELAGUETZA DE BOCA DEL R\u00cdO"},"content":{"rendered":"\n<p>\u00daltimos d\u00edas de &#8220;Oaxaca en la Guelaguetza&#8221; en Boca del R\u00edo<\/p>\n\n\n\n<p>Alejandro \u00c1vila<\/p>\n\n\n\n<p>Boca del R\u00edo, Ver.- La exposici\u00f3n art\u00edstica, artesanal y gastron\u00f3mica &#8220;Oaxaca en la Guelaguetza&#8221; que se realiza en Plaza Banderas en la cabecera municipal de Boca del R\u00edo, llegar\u00e1 a su fin este pr\u00f3ximo domingo 20 de octubre.<\/p>\n\n\n\n<p>Diana Velasco Leyva, coordinadora del grupo Oaxaca, Arte, Fiesta y Tradici\u00f3n, mencion\u00f3 que este s\u00e1bado y domingo se presentar\u00e1n de manera simb\u00f3lica a las ocho regiones culturales de Oaxaca en el llamado &#8220;Lunes del Cerro&#8221;.<\/p>\n\n\n\n<p>&#8220;Vamos a salir del Palacio Municipal, vamos a venir por la zona restaurantera, van a llegar a esta Plaza Banderas yo creo que alrededor de las 7 de la noche, y yo creo que estamos iniciando ya la Guelagetza el d\u00eda domingo, estamos convocando para la Guelaguetza el d\u00eda s\u00e1bado a las 6 de la tarde&#8221;, expres\u00f3.<\/p>\n\n\n\n<p>De la misma manera se inform\u00f3 que todos los locales de gastronom\u00eda y artesanales que participan dentro de la festividad &#8220;Oaxaca y la Guelaguetza&#8221; se encuentran abiertos de 9 de la ma\u00f1ana a 10 de la noche; aunque a partir de las 6 de la tarde hay cartelera art\u00edstica, como la de este viernes, donde se presenta Cruz Infante, nieto del ex actor del cine mexicano, Pedro Infante.<\/p>\n\n\n\n<figure class=\"wp-block-image size-large\"><img loading=\"lazy\" decoding=\"async\" width=\"1024\" height=\"462\" src=\"https:\/\/plumanegranoticias.com\/wp-content\/uploads\/2024\/10\/img-20241018-wa01068501894466201946112-1024x462.jpg\" alt=\"\" class=\"wp-image-5493\" srcset=\"https:\/\/plumanegranoticias.com\/wp-content\/uploads\/2024\/10\/img-20241018-wa01068501894466201946112-1024x462.jpg 1024w, https:\/\/plumanegranoticias.com\/wp-content\/uploads\/2024\/10\/img-20241018-wa01068501894466201946112-300x135.jpg 300w, https:\/\/plumanegranoticias.com\/wp-content\/uploads\/2024\/10\/img-20241018-wa01068501894466201946112-768x346.jpg 768w, https:\/\/plumanegranoticias.com\/wp-content\/uploads\/2024\/10\/img-20241018-wa01068501894466201946112.jpg 1156w\" sizes=\"auto, (max-width: 1024px) 100vw, 1024px\" \/><\/figure>\n","protected":false},"excerpt":{"rendered":"<p>\u00daltimos d\u00edas de &#8220;Oaxaca en la Guelaguetza&#8221; en Boca del R\u00edo Alejandro \u00c1vila Boca del R\u00edo, Ver.- La exposici\u00f3n art\u00edstica, artesanal y gastron\u00f3mica &#8220;Oaxaca en la Guelaguetza&#8221; que se realiza en Plaza Banderas en la cabecera municipal de Boca del R\u00edo, llegar\u00e1 a su fin este pr\u00f3ximo domingo 20 de octubre. Diana Velasco Leyva, coordinadora&#8230; <\/p>\n<div class=\"clear\"><\/div>\n<p><a href=\"https:\/\/plumanegranoticias.com\/?p=5494\" class=\"excerpt-read-more\">Read More<i class=\"fa fa-caret-right icon-caret-right\"><\/i><\/a><\/p>\n","protected":false},"author":2,"featured_media":5496,"comment_status":"open","ping_status":"open","sticky":false,"template":"","format":"standard","meta":{"om_disable_all_campaigns":false,"_monsterinsights_skip_tracking":false,"_monsterinsights_sitenote_active":false,"_monsterinsights_sitenote_note":"","_monsterinsights_sitenote_category":0,"_uf_show_specific_survey":0,"_uf_disable_surveys":false,"footnotes":""},"categories":[1],"tags":[18,19,25],"class_list":["post-5494","post","type-post","status-publish","format-standard","has-post-thumbnail","hentry","category-blog","tag-noticia","tag-regional","tag-sociales"],"aioseo_notices":[],"_links":{"self":[{"href":"https:\/\/plumanegranoticias.com\/index.php?rest_route=\/wp\/v2\/posts\/5494","targetHints":{"allow":["GET"]}}],"collection":[{"href":"https:\/\/plumanegranoticias.com\/index.php?rest_route=\/wp\/v2\/posts"}],"about":[{"href":"https:\/\/plumanegranoticias.com\/index.php?rest_route=\/wp\/v2\/types\/post"}],"author":[{"embeddable":true,"href":"https:\/\/plumanegranoticias.com\/index.php?rest_route=\/wp\/v2\/users\/2"}],"replies":[{"embeddable":true,"href":"https:\/\/plumanegranoticias.com\/index.php?rest_route=%2Fwp%2Fv2%2Fcomments&post=5494"}],"version-history":[{"count":1,"href":"https:\/\/plumanegranoticias.com\/index.php?rest_route=\/wp\/v2\/posts\/5494\/revisions"}],"predecessor-version":[{"id":5495,"href":"https:\/\/plumanegranoticias.com\/index.php?rest_route=\/wp\/v2\/posts\/5494\/revisions\/5495"}],"wp:featuredmedia":[{"embeddable":true,"href":"https:\/\/plumanegranoticias.com\/index.php?rest_route=\/wp\/v2\/media\/5496"}],"wp:attachment":[{"href":"https:\/\/plumanegranoticias.com\/index.php?rest_route=%2Fwp%2Fv2%2Fmedia&parent=5494"}],"wp:term":[{"taxonomy":"category","embeddable":true,"href":"https:\/\/plumanegranoticias.com\/index.php?rest_route=%2Fwp%2Fv2%2Fcategories&post=5494"},{"taxonomy":"post_tag","embeddable":true,"href":"https:\/\/plumanegranoticias.com\/index.php?rest_route=%2Fwp%2Fv2%2Ftags&post=5494"}],"curies":[{"name":"wp","href":"https:\/\/api.w.org\/{rel}","templated":true}]}}