{"id":5506,"date":"2024-10-18T13:07:05","date_gmt":"2024-10-18T19:07:05","guid":{"rendered":"https:\/\/plumanegranoticias.com\/?p=5506"},"modified":"2024-10-18T13:07:30","modified_gmt":"2024-10-18T19:07:30","slug":"detienen-a-regidor-de-cordoba-por-violacion","status":"publish","type":"post","link":"https:\/\/plumanegranoticias.com\/?p=5506","title":{"rendered":"DETIENEN A REGIDOR DE C\u00d3RDOBA POR VIOLACI\u00d3N"},"content":{"rendered":"\n<p>DETENIDO COMO PROBABLE RESPONSABLE DEL&nbsp;DELITO DE&nbsp;VIOLACI\u00d3N AGRAVADA<\/p>\n\n\n\n<p>C\u00f3rdoba, Ver., a&nbsp;18 de octubre&nbsp;de 2024.-La Fiscal\u00eda General del Estado informa que, elementos de la&nbsp;Polic\u00eda Ministerial&nbsp;cumplimentaron orden de aprehensi\u00f3n en contra&nbsp;de Eduardo Edwar \u201cN\u201d, Regidor Noveno del Ayuntamiento de C\u00f3rdoba, como probable responsable del&nbsp;delito de&nbsp;violaci\u00f3n agravada, cometido en agravio de&nbsp;una v\u00edctima de identidad resguardada.&nbsp;<\/p>\n\n\n\n<p>Respetando sus derechos humanos y el debido proceso, ser\u00e1\u00a0presentado en pr\u00f3xima audiencia inicial ante el juez de proceso y procedimiento penal oral para que defina su situaci\u00f3n jur\u00eddica, dentro del proceso penal 680\/2024.<\/p>\n\n\n\n<figure class=\"wp-block-image size-large\"><img loading=\"lazy\" decoding=\"async\" width=\"1024\" height=\"1024\" src=\"https:\/\/plumanegranoticias.com\/wp-content\/uploads\/2024\/10\/img-20241018-wa01335889937611032949564-1024x1024.jpg\" alt=\"\" class=\"wp-image-5505\" srcset=\"https:\/\/plumanegranoticias.com\/wp-content\/uploads\/2024\/10\/img-20241018-wa01335889937611032949564-1024x1024.jpg 1024w, https:\/\/plumanegranoticias.com\/wp-content\/uploads\/2024\/10\/img-20241018-wa01335889937611032949564-300x300.jpg 300w, https:\/\/plumanegranoticias.com\/wp-content\/uploads\/2024\/10\/img-20241018-wa01335889937611032949564-150x150.jpg 150w, https:\/\/plumanegranoticias.com\/wp-content\/uploads\/2024\/10\/img-20241018-wa01335889937611032949564-768x768.jpg 768w, https:\/\/plumanegranoticias.com\/wp-content\/uploads\/2024\/10\/img-20241018-wa01335889937611032949564-400x400.jpg 400w, https:\/\/plumanegranoticias.com\/wp-content\/uploads\/2024\/10\/img-20241018-wa01335889937611032949564.jpg 1200w\" sizes=\"auto, (max-width: 1024px) 100vw, 1024px\" \/><\/figure>\n","protected":false},"excerpt":{"rendered":"<p>DETENIDO COMO PROBABLE RESPONSABLE DEL&nbsp;DELITO DE&nbsp;VIOLACI\u00d3N AGRAVADA C\u00f3rdoba, Ver., a&nbsp;18 de octubre&nbsp;de 2024.-La Fiscal\u00eda General del Estado informa que, elementos de la&nbsp;Polic\u00eda Ministerial&nbsp;cumplimentaron orden de aprehensi\u00f3n en contra&nbsp;de Eduardo Edwar \u201cN\u201d, Regidor Noveno del Ayuntamiento de C\u00f3rdoba, como probable responsable del&nbsp;delito de&nbsp;violaci\u00f3n agravada, cometido en agravio de&nbsp;una v\u00edctima de identidad resguardada.&nbsp; Respetando sus derechos humanos&#8230; <\/p>\n<div class=\"clear\"><\/div>\n<p><a href=\"https:\/\/plumanegranoticias.com\/?p=5506\" class=\"excerpt-read-more\">Read More<i class=\"fa fa-caret-right icon-caret-right\"><\/i><\/a><\/p>\n","protected":false},"author":2,"featured_media":5508,"comment_status":"open","ping_status":"open","sticky":false,"template":"","format":"standard","meta":{"om_disable_all_campaigns":false,"_monsterinsights_skip_tracking":false,"_monsterinsights_sitenote_active":false,"_monsterinsights_sitenote_note":"","_monsterinsights_sitenote_category":0,"_uf_show_specific_survey":0,"_uf_disable_surveys":false,"footnotes":""},"categories":[1],"tags":[22,18,61,19],"class_list":["post-5506","post","type-post","status-publish","format-standard","has-post-thumbnail","hentry","category-blog","tag-nota-roja","tag-noticia","tag-politica","tag-regional"],"aioseo_notices":[],"_links":{"self":[{"href":"https:\/\/plumanegranoticias.com\/index.php?rest_route=\/wp\/v2\/posts\/5506","targetHints":{"allow":["GET"]}}],"collection":[{"href":"https:\/\/plumanegranoticias.com\/index.php?rest_route=\/wp\/v2\/posts"}],"about":[{"href":"https:\/\/plumanegranoticias.com\/index.php?rest_route=\/wp\/v2\/types\/post"}],"author":[{"embeddable":true,"href":"https:\/\/plumanegranoticias.com\/index.php?rest_route=\/wp\/v2\/users\/2"}],"replies":[{"embeddable":true,"href":"https:\/\/plumanegranoticias.com\/index.php?rest_route=%2Fwp%2Fv2%2Fcomments&post=5506"}],"version-history":[{"count":1,"href":"https:\/\/plumanegranoticias.com\/index.php?rest_route=\/wp\/v2\/posts\/5506\/revisions"}],"predecessor-version":[{"id":5507,"href":"https:\/\/plumanegranoticias.com\/index.php?rest_route=\/wp\/v2\/posts\/5506\/revisions\/5507"}],"wp:featuredmedia":[{"embeddable":true,"href":"https:\/\/plumanegranoticias.com\/index.php?rest_route=\/wp\/v2\/media\/5508"}],"wp:attachment":[{"href":"https:\/\/plumanegranoticias.com\/index.php?rest_route=%2Fwp%2Fv2%2Fmedia&parent=5506"}],"wp:term":[{"taxonomy":"category","embeddable":true,"href":"https:\/\/plumanegranoticias.com\/index.php?rest_route=%2Fwp%2Fv2%2Fcategories&post=5506"},{"taxonomy":"post_tag","embeddable":true,"href":"https:\/\/plumanegranoticias.com\/index.php?rest_route=%2Fwp%2Fv2%2Ftags&post=5506"}],"curies":[{"name":"wp","href":"https:\/\/api.w.org\/{rel}","templated":true}]}}