{"id":5541,"date":"2024-10-19T11:58:32","date_gmt":"2024-10-19T17:58:32","guid":{"rendered":"https:\/\/plumanegranoticias.com\/?p=5541"},"modified":"2024-10-19T11:59:02","modified_gmt":"2024-10-19T17:59:02","slug":"reprograman-concierto-de-el-malilla-en-veracruz-se-suma-fullbrand-music","status":"publish","type":"post","link":"https:\/\/plumanegranoticias.com\/?p=5541","title":{"rendered":"Reprograman concierto de \u201cEl Malilla\u201d en Veracruz, se suma Fullbrand Music"},"content":{"rendered":"\n<p>Alejandro \u00c1vila<\/p>\n\n\n\n<p>Veracruz, Ver.- El concierto que dar\u00eda el reguetonero mexicano &#8220;El Malilla&#8221; para este s\u00e1bado 19 de octubre en Arena Veracruz, ha sido reprogramado para el mes de enero, inform\u00f3 a trav\u00e9s de un comunicado REYNOSO Producciones.<\/p>\n\n\n\n<p>La empresa veracruzana mencion\u00f3 que para realizar una mejor producci\u00f3n y entregar un espect\u00e1culo de calidad a los asistentes se decidi\u00f3 cambiar la fecha del concierto para el pr\u00f3ximo 10 de enero, donde adem\u00e1s tendr\u00e1n varias sorpresas.<\/p>\n\n\n\n<p>En primera instancia se inform\u00f3 que el talento veracruzano Fullbrand Music participar\u00e1 en el evento y se espera que en pr\u00f3ximas fechas se anuncie m\u00e1s invitados.<\/p>\n\n\n\n<p>Se informa tambi\u00e9n que los boletos adquiridos ser\u00e1n v\u00e1lidos para la nueva fecha.<\/p>\n\n\n\n<figure class=\"wp-block-image size-large\"><img loading=\"lazy\" decoding=\"async\" width=\"300\" height=\"180\" src=\"https:\/\/plumanegranoticias.com\/wp-content\/uploads\/2024\/10\/img-20241019-wa00494029343899251804663-300x180.jpg\" alt=\"\" class=\"wp-image-5540\" srcset=\"https:\/\/plumanegranoticias.com\/wp-content\/uploads\/2024\/10\/img-20241019-wa00494029343899251804663-300x180.jpg 300w, https:\/\/plumanegranoticias.com\/wp-content\/uploads\/2024\/10\/img-20241019-wa00494029343899251804663.jpg 714w\" sizes=\"auto, (max-width: 300px) 100vw, 300px\" \/><\/figure>\n","protected":false},"excerpt":{"rendered":"<p>Alejandro \u00c1vila Veracruz, Ver.- El concierto que dar\u00eda el reguetonero mexicano &#8220;El Malilla&#8221; para este s\u00e1bado 19 de octubre en Arena Veracruz, ha sido reprogramado para el mes de enero, inform\u00f3 a trav\u00e9s de un comunicado REYNOSO Producciones. La empresa veracruzana mencion\u00f3 que para realizar una mejor producci\u00f3n y entregar un espect\u00e1culo de calidad a&#8230; <\/p>\n<div class=\"clear\"><\/div>\n<p><a href=\"https:\/\/plumanegranoticias.com\/?p=5541\" class=\"excerpt-read-more\">Read More<i class=\"fa fa-caret-right icon-caret-right\"><\/i><\/a><\/p>\n","protected":false},"author":2,"featured_media":5543,"comment_status":"open","ping_status":"open","sticky":false,"template":"","format":"standard","meta":{"om_disable_all_campaigns":false,"_monsterinsights_skip_tracking":false,"_monsterinsights_sitenote_active":false,"_monsterinsights_sitenote_note":"","_monsterinsights_sitenote_category":0,"_uf_show_specific_survey":0,"_uf_disable_surveys":false,"footnotes":""},"categories":[1],"tags":[23,24,36],"class_list":["post-5541","post","type-post","status-publish","format-standard","has-post-thumbnail","hentry","category-blog","tag-entretenimiento","tag-moda","tag-musica"],"aioseo_notices":[],"_links":{"self":[{"href":"https:\/\/plumanegranoticias.com\/index.php?rest_route=\/wp\/v2\/posts\/5541","targetHints":{"allow":["GET"]}}],"collection":[{"href":"https:\/\/plumanegranoticias.com\/index.php?rest_route=\/wp\/v2\/posts"}],"about":[{"href":"https:\/\/plumanegranoticias.com\/index.php?rest_route=\/wp\/v2\/types\/post"}],"author":[{"embeddable":true,"href":"https:\/\/plumanegranoticias.com\/index.php?rest_route=\/wp\/v2\/users\/2"}],"replies":[{"embeddable":true,"href":"https:\/\/plumanegranoticias.com\/index.php?rest_route=%2Fwp%2Fv2%2Fcomments&post=5541"}],"version-history":[{"count":1,"href":"https:\/\/plumanegranoticias.com\/index.php?rest_route=\/wp\/v2\/posts\/5541\/revisions"}],"predecessor-version":[{"id":5542,"href":"https:\/\/plumanegranoticias.com\/index.php?rest_route=\/wp\/v2\/posts\/5541\/revisions\/5542"}],"wp:featuredmedia":[{"embeddable":true,"href":"https:\/\/plumanegranoticias.com\/index.php?rest_route=\/wp\/v2\/media\/5543"}],"wp:attachment":[{"href":"https:\/\/plumanegranoticias.com\/index.php?rest_route=%2Fwp%2Fv2%2Fmedia&parent=5541"}],"wp:term":[{"taxonomy":"category","embeddable":true,"href":"https:\/\/plumanegranoticias.com\/index.php?rest_route=%2Fwp%2Fv2%2Fcategories&post=5541"},{"taxonomy":"post_tag","embeddable":true,"href":"https:\/\/plumanegranoticias.com\/index.php?rest_route=%2Fwp%2Fv2%2Ftags&post=5541"}],"curies":[{"name":"wp","href":"https:\/\/api.w.org\/{rel}","templated":true}]}}